{"id":5250,"date":"2022-04-15T11:46:23","date_gmt":"2022-04-15T14:46:23","guid":{"rendered":"https:\/\/www.visionweb.com.ar\/?p=5250"},"modified":"2022-04-15T11:46:23","modified_gmt":"2022-04-15T14:46:23","slug":"grindetti-y-garro-lanzaran-juntos-hacemos","status":"publish","type":"post","link":"https:\/\/www.visionweb.com.ar\/?p=5250","title":{"rendered":"Grindetti y Garro lanzar\u00e1n \u201cJuntos Hacemos\u201d"},"content":{"rendered":"<p><em><strong>Apuntan a crecer y apuestan a sumar referentes de otras fuerzas en todos los distritos de la provincia. El lanzamiento del nuevo espacio pol\u00edtico ser\u00e1 el 22 de abril en Lobos.<\/strong><\/em><!--more--><\/p>\n<p><strong>\u00a0<\/strong>\u00a0\u00a0\u00a0\u00a0 <img loading=\"lazy\" decoding=\"async\" class=\"size-full wp-image-5252 aligncenter\" src=\"https:\/\/www.visionweb.com.ar\/wp-content\/uploads\/2022\/04\/grindetti-y-garro.bmp\" alt=\"\" width=\"677\" height=\"370\" \/>\u00a0\u00a0\u00a0\u00a0\u00a0\u00a0\u00a0\u00a0\u00a0\u00a0 <strong>L<\/strong>os intendentes Julio Garro (La Plata) y N\u00e9stor Grindetti (Lan\u00fas) encabezar\u00e1n el 22 de abril el lanzamiento del partido Juntos Hacemos, un armado con el buscar\u00e1n ganar volumen pol\u00edtico de cara a la pr\u00f3xima elecci\u00f3n de 2023. El objetivo es aportar unos seis puntos m\u00e1s al frente opositor en la provincia, y la mira est\u00e1 puesta en dirigentes del peronismo.<\/p>\n<p>Garro y Grindetti apuntan para sumar referentes de otras fuerzas en todos los distritos de la provincia. Los intendentes trabajan en metas puntuales y convertir Hacemos en un partido pol\u00edtico.<\/p>\n<p>El lanzamiento ser\u00e1 en la ciudad de Lobos, ciudad donde naci\u00f3 Juan Domingo Per\u00f3n, una se\u00f1al sobre en qu\u00e9 entorno buscar\u00e1 crecer ese espacio, que llama a integrar referentes de otras fuerzas en todos los distritos bonaerenses, especialmente dirigentes del peronismo desencantados con el Frente de Todos.<\/p>\n<p>A la vez, los intendentes buscan seguir acumulando poder para los gobiernos municipales, y en ese sentido se orientaron las propuestas de Grindetti quien plante\u00f3 que los jefes comunales deber\u00edan ser quienes administren los planes sociales.<\/p>\n<p>\u201cNo tengo dudas de que los Intendentes estamos en condiciones de administrar con mayor sensibilidad y sentido com\u00fan la asistencia social que se le brinda a los vecinos m\u00e1s necesitados,por dos sencillas razones: La primera es porque jam\u00e1s los usar\u00edamos para cortar calles, y segundo, porque creo que es mucho el laburo que pueden hacer en nuestras ciudades para resolver dos temas: Brindar mejores servicios y adem\u00e1s procurarse un mejor futuro para ellos y sus familias. Son un paso a un trabajo formal y estable\u201d, subray\u00f3 Grindetti.<\/p>\n<p>A la vez, volvi\u00f3 a resaltar la importancia del traspaso\u00a0 de la polic\u00eda local a la \u00f3rbita de los municipios, un latente reclamo de los intendentes al gobierno provincial. Los intendentes piden mayor autonom\u00eda, y poder de decisi\u00f3n, y a estas cuestiones tambi\u00e9n se suma el referente browniano del Frente de Todos, Mariano Cascallares.<\/p>\n<p>El nuevo\u00a0espacio con el lema Hacemos<strong>\u00a0<\/strong>apareci\u00f3 en los \u00faltimos meses en varios puntos del conurbano por ejemplo con pintadas, \u00a0donde ya sumaban al nuevo nombre los apellidos de Garro y Grindetti.<\/p>\n<p>\u201cTenemos que sumar cuadros pol\u00edticos que hoy no tienen un lugar. Aquellos que\u00a0en 2019 fueron detr\u00e1s de un proyecto pol\u00edtico que los desenamor\u00f3\u201d, indic\u00f3 el intendente Garro. <strong>(VW)<\/strong><\/p>\n<p>&nbsp;<\/p>\n<p>&nbsp;<\/p>\n","protected":false},"excerpt":{"rendered":"<p>Apuntan a crecer y apuestan a sumar referentes de otras fuerzas en todos los distritos de la provincia. El lanzamiento del nuevo espacio pol\u00edtico ser\u00e1 el 22 de abril en Lobos.<\/p>\n","protected":false},"author":4,"featured_media":5252,"comment_status":"closed","ping_status":"closed","sticky":false,"template":"","format":"standard","meta":{"_monsterinsights_skip_tracking":false,"_monsterinsights_sitenote_active":false,"_monsterinsights_sitenote_note":"","_monsterinsights_sitenote_category":0,"footnotes":""},"categories":[4],"tags":[1011,18,2102,1315,399],"class_list":["post-5250","post","type-post","status-publish","format-standard","has-post-thumbnail","hentry","category-politica","tag-garro","tag-grindetti","tag-juntos-hacemos","tag-lanzamiento","tag-lobos"],"_links":{"self":[{"href":"https:\/\/www.visionweb.com.ar\/index.php?rest_route=\/wp\/v2\/posts\/5250","targetHints":{"allow":["GET"]}}],"collection":[{"href":"https:\/\/www.visionweb.com.ar\/index.php?rest_route=\/wp\/v2\/posts"}],"about":[{"href":"https:\/\/www.visionweb.com.ar\/index.php?rest_route=\/wp\/v2\/types\/post"}],"author":[{"embeddable":true,"href":"https:\/\/www.visionweb.com.ar\/index.php?rest_route=\/wp\/v2\/users\/4"}],"replies":[{"embeddable":true,"href":"https:\/\/www.visionweb.com.ar\/index.php?rest_route=%2Fwp%2Fv2%2Fcomments&post=5250"}],"version-history":[{"count":2,"href":"https:\/\/www.visionweb.com.ar\/index.php?rest_route=\/wp\/v2\/posts\/5250\/revisions"}],"predecessor-version":[{"id":5253,"href":"https:\/\/www.visionweb.com.ar\/index.php?rest_route=\/wp\/v2\/posts\/5250\/revisions\/5253"}],"wp:featuredmedia":[{"embeddable":true,"href":"https:\/\/www.visionweb.com.ar\/index.php?rest_route=\/wp\/v2\/media\/5252"}],"wp:attachment":[{"href":"https:\/\/www.visionweb.com.ar\/index.php?rest_route=%2Fwp%2Fv2%2Fmedia&parent=5250"}],"wp:term":[{"taxonomy":"category","embeddable":true,"href":"https:\/\/www.visionweb.com.ar\/index.php?rest_route=%2Fwp%2Fv2%2Fcategories&post=5250"},{"taxonomy":"post_tag","embeddable":true,"href":"https:\/\/www.visionweb.com.ar\/index.php?rest_route=%2Fwp%2Fv2%2Ftags&post=5250"}],"curies":[{"name":"wp","href":"https:\/\/api.w.org\/{rel}","templated":true}]}}