{"id":5203,"date":"2022-04-13T07:51:12","date_gmt":"2022-04-13T10:51:12","guid":{"rendered":"https:\/\/www.visionweb.com.ar\/?p=5203"},"modified":"2022-04-13T08:07:57","modified_gmt":"2022-04-13T11:07:57","slug":"el-gobierno-bonaerense-presento-un-paquete-de-medidas-para-complementar-las-politicas-nacionales","status":"publish","type":"post","link":"https:\/\/www.visionweb.com.ar\/?p=5203","title":{"rendered":"El gobierno bonaerense present\u00f3 un paquete de medidas para complementar las pol\u00edticas nacionales"},"content":{"rendered":"<p><em><strong>El Gobernador Axel Kicillof present\u00f3 medidas para garantizar el acceso a bienes esenciales y fiscalizar el cumplimiento de los acuerdos de precios.<\/strong><\/em><!--more--><\/p>\n<div id=\"attachment_5204\" style=\"width: 310px\" class=\"wp-caption alignright\"><img loading=\"lazy\" decoding=\"async\" aria-describedby=\"caption-attachment-5204\" class=\"wp-image-5204 size-medium\" src=\"https:\/\/www.visionweb.com.ar\/wp-content\/uploads\/2022\/04\/Presentacion-del-Mercado-Bonaerense-300x214.png\" alt=\"\" width=\"300\" height=\"214\" srcset=\"https:\/\/www.visionweb.com.ar\/wp-content\/uploads\/2022\/04\/Presentacion-del-Mercado-Bonaerense-300x214.png 300w, https:\/\/www.visionweb.com.ar\/wp-content\/uploads\/2022\/04\/Presentacion-del-Mercado-Bonaerense.png 640w\" sizes=\"auto, (max-width: 300px) 100vw, 300px\" \/><p id=\"caption-attachment-5204\" class=\"wp-caption-text\"><strong><em>El gobernador Axel Kicillof, junto a Roberto Feletti, Comercio Interior, el ministro de Desarrollo Agrario, Javier Rodr\u00edguez; Mart\u00edn Insaurralde, Jefe de Gabinete y el intendente de Ensenada, Mario Secco.(Foto:Prensa Gobernaci\u00f3n)<\/em><\/strong><\/p><\/div>\n<p><strong>U<\/strong>n paquete de nuevas medidas tendientes a garantizar el acceso de los bonaerenses a los alimentos y fiscalizar el cumplimiento de los acuerdos de precios establecidos por el Gobierno Nacional fue anunciado por el gobernador Axel Kicillof, en un acto que se desarrollo en Ensenada.<\/p>\n<p>El anuncio del gobernador bonaerense se concret\u00f3 durante una vista a las obras del futuro Mercado Municipal de Ensenada.<\/p>\n<p>\u201cEstas medidas que presentamos hoy tienen dos objetivos: por un lado, garantizar el acceso a los bienes esenciales; y, por el otro, fiscalizar los precios y el cumplimiento de los acuerdos establecidos por la Secretar\u00eda de Comercio Interior\u201d, explic\u00f3 el Gobernador.<\/p>\n<p>En ese sentido, asegur\u00f3 que \u201cdesde la provincia de Buenos Aires dedicamos todos nuestros esfuerzos para acompa\u00f1ar y complementar las pol\u00edticas nacionales, sumando las herramientas que tenemos a nuestro alcance para que act\u00faen como un paliativo frente a la situaci\u00f3n que atravesamos\u201d.<\/p>\n<p>Del acto participaron tambi\u00e9n el secretario de Comercio Interior, Roberto Feletti; el jefe de Gabinete bonaerense, Mart\u00edn Insaurralde; los ministros de Producci\u00f3n, Ciencia e Innovaci\u00f3n Tecnol\u00f3gica, Augusto Costa; de Desarrollo Agrario, Javier Rodr\u00edguez; y de Desarrollo de la Comunidad, Andr\u00e9s Larroque, adem\u00e1s del presidente del Banco Provincia, Juan Cuattromo; y el intendente local, Mario Secco.<\/p>\n<h3 style=\"text-align: center;\"><span style=\"color: #3366ff;\"><strong><em>Estas ferias minoristas estar\u00e1n en 28 municipios.<\/em><\/strong><\/span><\/h3>\n<p>La Provincia fortalecer\u00e1 el programa Mercados Bonaerenses, iniciativa que facilita la comercializaci\u00f3n directa entre productores y consumidores locales.<\/p>\n<p>Para ello, se realizar\u00e1n aportes econ\u00f3micos para el mejoramiento de los mercados, se fomentar\u00e1n las ferias minoristas en 51 establecimientos frutihort\u00edcolas de 28 municipios.<\/p>\n<p>Adem\u00e1s se crear\u00e1n nuevos mercados fijos en diez distritos; se incorporar\u00e1n m\u00e1s productores; se llevar\u00e1n a cabo 12 jornadas semanales de comercializaci\u00f3n en Mercados de Productores Familiares Itinerantes; y se ampliar\u00e1 la Red de Almacenes Populares en 40 municipios del \u00c1rea Metropolitana.<\/p>\n<p>Por su parte, Feletti subray\u00f3: \u201cEl desaf\u00edo que tenemos hoy es consolidar las canastas que establecen los precios de referencia de carnes, verduras y de g\u00f3ndola, para implementarlas en cada uno de los comercios de cercan\u00eda de la Argentina\u201d. \u201cVamos a avanzar con las canastas de proximidad porque es lo que nuestro pueblo necesita para poder mejorar su situaci\u00f3n salarial\u201d, a\u00f1adi\u00f3.<\/p>\n<h3 style=\"text-align: center;\"><span style=\"color: #3366ff;\"><em><strong>Los consumidores tendr\u00e1n descuentos de hasta el 40% con la aplicaci\u00f3n Mercados Bonaerenses<\/strong><\/em>\u00a0<\/span><\/h3>\n<p>Asimismo, se presentaron la app Mercados Bonaerenses, que incluye calendario, geolocalizaci\u00f3n de ferias y contactos y, un plan de descuentos para consumidores con la plataforma Cuenta DNI Comercios del Banco Provincia, que alcanzar\u00e1 en abril un 40% de reintegro los viernes y los s\u00e1bados en los puestos adheridos.<\/p>\n<p>Adem\u00e1s, en el marco de la Campa\u00f1a Comprar en Comunidad, a trav\u00e9s de la iniciativa Vamos al Mercado Central, se organizar\u00e1 el transporte de vecinos y vecinas de municipios del AMBA al Mercado Central los d\u00edas viernes y s\u00e1bados. Durante el acto, se celebr\u00f3 la adhesi\u00f3n al programa de los partidos de Ensenada, Mor\u00f3n, Lomas de Zamora; Baradero, Roque P\u00e9rez, Marcos Paz y Tapalqu\u00e9.<\/p>\n<p>Por otro lado, el Programa Bonaerense de Relevamiento y Fiscalizaci\u00f3n de Precios prev\u00e9 controles de cumplimiento de los acuerdos y pol\u00edticas de administraci\u00f3n de precios en cadenas de supermercados y comercios de proximidad. Adem\u00e1s, se promover\u00e1 la adhesi\u00f3n de comercios de proximidad al programa de Precios Cuidados.<\/p>\n<p>En ese sentido, Kicillof se\u00f1al\u00f3 que \u201ces fundamental acercar al consumidor y a los productores para abaratar la canasta b\u00e1sica de alimentos y de los bienes que hacen a la vida cotidiana de nuestro pueblo\u201d. En la provincia de Buenos Aires, los instrumentos y acuerdos de precios que lleva adelante el Gobierno Nacional tienen car\u00e1cter de ley y los vamos a hacer cumplir\u201d, concluy\u00f3.<\/p>\n<p>Las obras del Mercado Municipal de Ensenada permitir\u00e1n contar con un espacio de comercializaci\u00f3n directo entre las y los vecinos y los productores regionales de carne, pollo, verduras, l\u00e1cteos y art\u00edculos de limpieza.<\/p>\n<p>\u201cCerca de 35 emprendimientos de productores podr\u00e1n vender su mercader\u00eda a los y las vecinas de Ensenada sin intermediarios\u201d, remarc\u00f3 Secco y asegur\u00f3: \u201cEsta iniciativa tiene que ver con pol\u00edticas de Estado para los que m\u00e1s lo necesitan, para que todas las familias tengan la posibilidad de comprar sus alimentos a un costo m\u00e1s bajo\u201d.<\/p>\n<p>Estuvieron presentes tambi\u00e9n integrantes del gabinete provincial; legisladores nacionales y provinciales; intendentes y representantes sindicales<strong>(VW)<\/strong><\/p>\n","protected":false},"excerpt":{"rendered":"<p>El Gobernador Axel Kicillof present\u00f3 medidas para garantizar el acceso a bienes esenciales y fiscalizar el cumplimiento de los acuerdos de precios.<\/p>\n","protected":false},"author":3,"featured_media":5204,"comment_status":"closed","ping_status":"closed","sticky":false,"template":"","format":"standard","meta":{"_monsterinsights_skip_tracking":false,"_monsterinsights_sitenote_active":false,"_monsterinsights_sitenote_note":"","_monsterinsights_sitenote_category":0,"footnotes":""},"categories":[3,6],"tags":[111,2082,753,148],"class_list":["post-5203","post","type-post","status-publish","format-standard","has-post-thumbnail","hentry","category-actualidad","category-economia","tag-alimentos","tag-ensenada","tag-ferias","tag-municipios"],"_links":{"self":[{"href":"https:\/\/www.visionweb.com.ar\/index.php?rest_route=\/wp\/v2\/posts\/5203","targetHints":{"allow":["GET"]}}],"collection":[{"href":"https:\/\/www.visionweb.com.ar\/index.php?rest_route=\/wp\/v2\/posts"}],"about":[{"href":"https:\/\/www.visionweb.com.ar\/index.php?rest_route=\/wp\/v2\/types\/post"}],"author":[{"embeddable":true,"href":"https:\/\/www.visionweb.com.ar\/index.php?rest_route=\/wp\/v2\/users\/3"}],"replies":[{"embeddable":true,"href":"https:\/\/www.visionweb.com.ar\/index.php?rest_route=%2Fwp%2Fv2%2Fcomments&post=5203"}],"version-history":[{"count":2,"href":"https:\/\/www.visionweb.com.ar\/index.php?rest_route=\/wp\/v2\/posts\/5203\/revisions"}],"predecessor-version":[{"id":5206,"href":"https:\/\/www.visionweb.com.ar\/index.php?rest_route=\/wp\/v2\/posts\/5203\/revisions\/5206"}],"wp:featuredmedia":[{"embeddable":true,"href":"https:\/\/www.visionweb.com.ar\/index.php?rest_route=\/wp\/v2\/media\/5204"}],"wp:attachment":[{"href":"https:\/\/www.visionweb.com.ar\/index.php?rest_route=%2Fwp%2Fv2%2Fmedia&parent=5203"}],"wp:term":[{"taxonomy":"category","embeddable":true,"href":"https:\/\/www.visionweb.com.ar\/index.php?rest_route=%2Fwp%2Fv2%2Fcategories&post=5203"},{"taxonomy":"post_tag","embeddable":true,"href":"https:\/\/www.visionweb.com.ar\/index.php?rest_route=%2Fwp%2Fv2%2Ftags&post=5203"}],"curies":[{"name":"wp","href":"https:\/\/api.w.org\/{rel}","templated":true}]}}