{"id":5198,"date":"2022-04-12T23:02:06","date_gmt":"2022-04-13T02:02:06","guid":{"rendered":"https:\/\/www.visionweb.com.ar\/?p=5198"},"modified":"2022-04-12T23:02:06","modified_gmt":"2022-04-13T02:02:06","slug":"restricciones-en-el-transito-por-semana-santa","status":"publish","type":"post","link":"https:\/\/www.visionweb.com.ar\/?p=5198","title":{"rendered":"Restricciones en el tr\u00e1nsito por Semana Santa"},"content":{"rendered":"<p><em><strong>Desde ma\u00f1ana mi\u00e9rcoles no podr\u00e1n circular camiones hacia la Costa, para facilitar el tr\u00e1nsito del turismo. <\/strong><\/em><em><strong>Hay excepciones.<\/strong><\/em><!--more--><\/p>\n<p><strong><img loading=\"lazy\" decoding=\"async\" class=\"size-full wp-image-5200 alignright\" src=\"https:\/\/www.visionweb.com.ar\/wp-content\/uploads\/2022\/04\/ruta.bmp\" alt=\"\" width=\"450\" height=\"387\" \/>L<\/strong>a\u00a0Direcci\u00f3n de Vialidad de la Provincia de Buenos Aires\u00a0inform\u00f3 que con motivo del feriado de Semana Santa, los d\u00edas mi\u00e9rcoles 13, jueves 14 y domingo 17 de abril de 2022 se restringir\u00e1 la circulaci\u00f3n de camiones en la Autov\u00eda 2, en las rutas Provinciales 11, 36, 56, 63, 74, y en la Autopista Buenos Aires-La Plata.<\/p>\n<p>El organismo dependiente del Ministerio de Infraestructura y Servicios P\u00fablicos inform\u00f3 que por el recambio tur\u00edstico\u00a0se restringir\u00e1 la circulaci\u00f3n de camiones con carga de m\u00e1s de siete toneladas\u00a0de porte bruto en la Autov\u00eda 2, Rutas Provinciales 11, 36, 56, 63, 74, y Autopista Buenos Aires-La Plata,\u00a0\u201ccon el objetivo de facilitar el desplazamiento vehicular y prevenir siniestro de tr\u00e1nsito en rutas tur\u00edsticas\u201d.<\/p>\n<p>En el sentido a Costa Alt\u00e1ntica, el mi\u00e9rcoles 13 de abril de 2022 se restringir\u00e1 de 18 a 23:59 y el jueves 14 de abril de 14 a 23:59; mientras que en sentido a CABA, el domingo 17 de abril estar\u00e1 prohibido de 14 a 23:59.<\/p>\n<p>Seg\u00fan explicaron,\u00a0el tr\u00e1nsito de veh\u00edculos pesados estar\u00e1 restringido\u00a0en la Autopista Buenos Aires-La Plata, desde Ciudad Aut\u00f3noma de Buenos Aires hasta La Plata.<\/p>\n<p>En la Ruta Provincial N\u00ba 2 (Autov\u00eda 2) desde el km 40,5 del Ramal Buenos Aires-Mar del Plata, de la Autopista Buenos Aires-La Plata, hasta el Km. 400 (Camet).<\/p>\n<p>En la Ruta Provincial N\u00ba 11, desde intersecci\u00f3n con RP N\u00ba 36 (Pipinas) hasta el Km. 537 (Chapadmalal), mientras que en la Ruta Provincial N\u00ba 36, desde Rotonda RP N\u00ba 10 (Prolongaci\u00f3n Av. 66 \u2013 La Plata) hasta la intersecci\u00f3n con RP N\u00ba 11 (Pipinas)<\/p>\n<p>Tambi\u00e9n en la Ruta Provincial N\u00ba 56, desde su intersecci\u00f3n con la RP N\u00ba 11 (General Conesa) hasta su intersecci\u00f3n con la RP N\u00ba 74 (General Madariaga).<\/p>\n<p>En la Ruta Provincial N\u00ba 63, desde Distribuidor de Transito con RP N\u00ba 2 (Dolores) hasta Intersecci\u00f3n con RP N\u00ba 11 (Esquina de Crotto).<\/p>\n<p>Por \u00faltimo, en cuanto a la ruta Provincial N\u00ba 74, desde su intersecci\u00f3n con la RP N\u00ba 56 (Maip\u00fa) hasta su intersecci\u00f3n con la RP N\u00ba 11 (Pinamar).<\/p>\n<p>Desde el \u00e1rea provincial precisaron que se\u00a0except\u00faan \u201cde toda restricci\u00f3n para circular, temporaria o\u00a0permanente\u201d, a los veh\u00edculos del autotransporte de cargas menores a siete toneladas de porte bruto y a los veh\u00edculos que a continuaci\u00f3n se detallan: Los de transporte de leche cruda, sus productos derivados, y envases asociados; el transporte de animales vivos; de pescado y mariscos congelados; y de productos frutihort\u00edcolas en tr\u00e1nsito; y los de prensa y de unidades m\u00f3viles de medios de comunicaci\u00f3n audiovisual.<\/p>\n<p>Lo mismo para los de\u00a0atenci\u00f3n de emergencias; gr\u00faas\/asistencia a veh\u00edculos averiados o accidentados, en el lugar del suceso o para su traslado al punto m\u00e1s pr\u00f3ximo a aquel donde pueda quedar depositado, y en regreso en vac\u00edo.<\/p>\n<p>Tambi\u00e9n estar\u00e1n exceptuados el\u00a0transporte de combustible, de gas natural comprimido y gas licuado de petr\u00f3leo; de gases necesarios para el funcionamiento de centros sanitarios, as\u00ed como de gases transportados a particulares para asistencias sanitarias domiciliaria, en ambos casos, cuando se acredite que se transportan a dichos destinos; de medicinas; de dep\u00f3sitos final de residuos s\u00f3lidos urbanos y\/o patog\u00e9nicos; los que deban circular en cumplimiento directo e inmediato de orden judicial y transporte de sebo, hueso y cueros. <strong>(VW)<\/strong><\/p>\n<p>&nbsp;<\/p>\n","protected":false},"excerpt":{"rendered":"<p>Desde ma\u00f1ana mi\u00e9rcoles no podr\u00e1n circular camiones hacia la Costa, para facilitar el tr\u00e1nsito del turismo. Hay excepciones.<\/p>\n","protected":false},"author":4,"featured_media":5200,"comment_status":"closed","ping_status":"closed","sticky":false,"template":"","format":"standard","meta":{"_monsterinsights_skip_tracking":false,"_monsterinsights_sitenote_active":false,"_monsterinsights_sitenote_note":"","_monsterinsights_sitenote_category":0,"footnotes":""},"categories":[3],"tags":[2080,2079,2081,2071,1042],"class_list":["post-5198","post","type-post","status-publish","format-standard","has-post-thumbnail","hentry","category-actualidad","tag-camiones","tag-restrcciones-al-transito","tag-rutas-costa","tag-semana-santa","tag-vialidad"],"_links":{"self":[{"href":"https:\/\/www.visionweb.com.ar\/index.php?rest_route=\/wp\/v2\/posts\/5198","targetHints":{"allow":["GET"]}}],"collection":[{"href":"https:\/\/www.visionweb.com.ar\/index.php?rest_route=\/wp\/v2\/posts"}],"about":[{"href":"https:\/\/www.visionweb.com.ar\/index.php?rest_route=\/wp\/v2\/types\/post"}],"author":[{"embeddable":true,"href":"https:\/\/www.visionweb.com.ar\/index.php?rest_route=\/wp\/v2\/users\/4"}],"replies":[{"embeddable":true,"href":"https:\/\/www.visionweb.com.ar\/index.php?rest_route=%2Fwp%2Fv2%2Fcomments&post=5198"}],"version-history":[{"count":2,"href":"https:\/\/www.visionweb.com.ar\/index.php?rest_route=\/wp\/v2\/posts\/5198\/revisions"}],"predecessor-version":[{"id":5201,"href":"https:\/\/www.visionweb.com.ar\/index.php?rest_route=\/wp\/v2\/posts\/5198\/revisions\/5201"}],"wp:featuredmedia":[{"embeddable":true,"href":"https:\/\/www.visionweb.com.ar\/index.php?rest_route=\/wp\/v2\/media\/5200"}],"wp:attachment":[{"href":"https:\/\/www.visionweb.com.ar\/index.php?rest_route=%2Fwp%2Fv2%2Fmedia&parent=5198"}],"wp:term":[{"taxonomy":"category","embeddable":true,"href":"https:\/\/www.visionweb.com.ar\/index.php?rest_route=%2Fwp%2Fv2%2Fcategories&post=5198"},{"taxonomy":"post_tag","embeddable":true,"href":"https:\/\/www.visionweb.com.ar\/index.php?rest_route=%2Fwp%2Fv2%2Ftags&post=5198"}],"curies":[{"name":"wp","href":"https:\/\/api.w.org\/{rel}","templated":true}]}}