{"id":5193,"date":"2022-04-12T17:39:46","date_gmt":"2022-04-12T20:39:46","guid":{"rendered":"https:\/\/www.visionweb.com.ar\/?p=5193"},"modified":"2022-04-13T08:09:24","modified_gmt":"2022-04-13T11:09:24","slug":"se-concreto-el-lanzamiento-del-campus-virtual-del-icam","status":"publish","type":"post","link":"https:\/\/www.visionweb.com.ar\/?p=5193","title":{"rendered":"Se concret\u00f3 el lanzamiento del campus virtual del ICAM"},"content":{"rendered":"<p><strong><em>A 6 a\u00f1os de su creaci\u00f3n, el instituto ya cuenta con su propio espacio online para que los empleados y empleadas municipales puedan realizar capacitaciones remotas en forma \u00e1gil y eficiente.<\/em><\/strong><!--more--><\/p>\n<div id=\"attachment_5194\" style=\"width: 310px\" class=\"wp-caption alignright\"><img loading=\"lazy\" decoding=\"async\" aria-describedby=\"caption-attachment-5194\" class=\"wp-image-5194 size-medium\" src=\"https:\/\/www.visionweb.com.ar\/wp-content\/uploads\/2022\/04\/Grindetti-presentao-el-ICAM-300x200.png\" alt=\"\" width=\"300\" height=\"200\" srcset=\"https:\/\/www.visionweb.com.ar\/wp-content\/uploads\/2022\/04\/Grindetti-presentao-el-ICAM-300x200.png 300w, https:\/\/www.visionweb.com.ar\/wp-content\/uploads\/2022\/04\/Grindetti-presentao-el-ICAM-1024x683.png 1024w, https:\/\/www.visionweb.com.ar\/wp-content\/uploads\/2022\/04\/Grindetti-presentao-el-ICAM-768x512.png 768w, https:\/\/www.visionweb.com.ar\/wp-content\/uploads\/2022\/04\/Grindetti-presentao-el-ICAM.png 1080w\" sizes=\"auto, (max-width: 300px) 100vw, 300px\" \/><p id=\"caption-attachment-5194\" class=\"wp-caption-text\"><strong><em>El Intendente Grindetti en el lanzamiento del campus.<\/em><\/strong><\/p><\/div>\n<p><strong>C<\/strong>on la mirada puesta en la capacitaci\u00f3n del personal municipal, el intendente de Lan\u00fas, N\u00e9stor Grindetti, junto a la directora del Instituto de Capacitaci\u00f3n para la Administraci\u00f3n Municipal (ICAM), presentaron el nuevo campus ICAM.Lanus.Gob.Ar donde se ofrecer\u00e1n diferentes formaciones que podr\u00e1n realizarse de manera sincr\u00f3nica y asincr\u00f3nica.<\/p>\n<p>Entre sus principales objetivos, se busca favorecer un uso m\u00e1s racional de los recursos humanos (propios y externos), una mayor especializaci\u00f3n e intercambio de experiencias y la elaboraci\u00f3n de planes coordinados.<\/p>\n<p>\u201cDurante estos a\u00f1os, fuimos acompa\u00f1ando la transformaci\u00f3n digital municipal que abri\u00f3 nuevos caminos tecnol\u00f3gicos mediante la implementaci\u00f3n de programas de especializaci\u00f3n que fomentaron la adaptaci\u00f3n del personal al desarrollo de nuevas competencias\u201d, remarc\u00f3 Ponzone.<\/p>\n<h3 style=\"text-align: center;\"><span style=\"color: #3366ff;\"><strong><em>La pandemia potenci\u00f3 el desarrollo de los mecanismos digitales para trabajar en el modo homme office.\u00a0<\/em><\/strong><\/span><\/h3>\n<p>La plataforma (que ir\u00e1 de la mano de la capacitaci\u00f3n presencial) es el resultado de un proceso de evoluci\u00f3n cultural en la din\u00e1mica municipal cuya agilizaci\u00f3n se produjo durante la pandemia debido al incremento del uso de la virtualidad y el teletrabajo.<\/p>\n<p>Adem\u00e1s, se anunci\u00f3 el armado de la Red de Aprendizaje Colaborativo entre Municipios cuya misi\u00f3n ser\u00e1 transmitir, cooperar y colaborar a trav\u00e9s de programas de capacitaci\u00f3n, seminarios o foros de debate.<\/p>\n<p>Este proyecto est\u00e1 orientado hacia la consolidaci\u00f3n de un cambio en el desarrollo sustentable a partir del dise\u00f1o de nuevas pol\u00edticas y de la realizaci\u00f3n de acuerdos entre jurisdicciones basados en las diferencias regionales.<\/p>\n<p>El ICAM es un instituto modelo que, en los \u00faltimos a\u00f1os, extendi\u00f3 su oferta acad\u00e9mica a otros municipios de la Provincia de Buenos Aires con el objetivo de contribuir al proceso de formaci\u00f3n de sus empleados p\u00fablicos<strong>(VW)<\/strong>.<\/p>\n","protected":false},"excerpt":{"rendered":"<p>A 6 a\u00f1os de su creaci\u00f3n, el instituto ya cuenta con su propio espacio online para que los empleados y empleadas municipales puedan realizar capacitaciones remotas en forma \u00e1gil y eficiente.<\/p>\n","protected":false},"author":3,"featured_media":5194,"comment_status":"closed","ping_status":"closed","sticky":false,"template":"","format":"standard","meta":{"_monsterinsights_skip_tracking":false,"_monsterinsights_sitenote_active":false,"_monsterinsights_sitenote_note":"","_monsterinsights_sitenote_category":0,"footnotes":""},"categories":[3,7],"tags":[949,2077,2078],"class_list":["post-5193","post","type-post","status-publish","format-standard","has-post-thumbnail","hentry","category-actualidad","category-educacion-y-cultura","tag-capacitacion","tag-laboral","tag-plataforma"],"_links":{"self":[{"href":"https:\/\/www.visionweb.com.ar\/index.php?rest_route=\/wp\/v2\/posts\/5193","targetHints":{"allow":["GET"]}}],"collection":[{"href":"https:\/\/www.visionweb.com.ar\/index.php?rest_route=\/wp\/v2\/posts"}],"about":[{"href":"https:\/\/www.visionweb.com.ar\/index.php?rest_route=\/wp\/v2\/types\/post"}],"author":[{"embeddable":true,"href":"https:\/\/www.visionweb.com.ar\/index.php?rest_route=\/wp\/v2\/users\/3"}],"replies":[{"embeddable":true,"href":"https:\/\/www.visionweb.com.ar\/index.php?rest_route=%2Fwp%2Fv2%2Fcomments&post=5193"}],"version-history":[{"count":2,"href":"https:\/\/www.visionweb.com.ar\/index.php?rest_route=\/wp\/v2\/posts\/5193\/revisions"}],"predecessor-version":[{"id":5196,"href":"https:\/\/www.visionweb.com.ar\/index.php?rest_route=\/wp\/v2\/posts\/5193\/revisions\/5196"}],"wp:featuredmedia":[{"embeddable":true,"href":"https:\/\/www.visionweb.com.ar\/index.php?rest_route=\/wp\/v2\/media\/5194"}],"wp:attachment":[{"href":"https:\/\/www.visionweb.com.ar\/index.php?rest_route=%2Fwp%2Fv2%2Fmedia&parent=5193"}],"wp:term":[{"taxonomy":"category","embeddable":true,"href":"https:\/\/www.visionweb.com.ar\/index.php?rest_route=%2Fwp%2Fv2%2Fcategories&post=5193"},{"taxonomy":"post_tag","embeddable":true,"href":"https:\/\/www.visionweb.com.ar\/index.php?rest_route=%2Fwp%2Fv2%2Ftags&post=5193"}],"curies":[{"name":"wp","href":"https:\/\/api.w.org\/{rel}","templated":true}]}}