{"id":5183,"date":"2022-04-12T08:50:54","date_gmt":"2022-04-12T11:50:54","guid":{"rendered":"https:\/\/www.visionweb.com.ar\/?p=5183"},"modified":"2022-04-12T08:50:54","modified_gmt":"2022-04-12T11:50:54","slug":"el-intendente-garro-les-pidio-a-kicillof-y-fernandez-que-apelen-el-fallo-sobre-la-toma-de-tierras","status":"publish","type":"post","link":"https:\/\/www.visionweb.com.ar\/?p=5183","title":{"rendered":"El intendente Garro les pidi\u00f3 a Kicillof y Fern\u00e1ndez que apelen el fallo sobre la toma de tierras"},"content":{"rendered":"<p><strong><em>El juez federal de La Plata,\u00a0Alejo Ramos Padilla, aclar\u00f3 que el fallo que archiv\u00f3 las actuaciones por una\u00a0toma de terrenos fiscales en Los Hornos\u00a0no se debi\u00f3 a que la ocupaci\u00f3n se produjo\u00a0\u00abdurante el d\u00eda\u00bb<\/em>\u00a0 \u00a0<\/strong><!--more--><\/p>\n<p><strong>\u00a0 <img loading=\"lazy\" decoding=\"async\" class=\"size-medium wp-image-5184 alignright\" src=\"https:\/\/www.visionweb.com.ar\/wp-content\/uploads\/2022\/04\/OCUPACION-DE-TIERAS-EN-LA-PLATA-300x200.png\" alt=\"\" width=\"300\" height=\"200\" srcset=\"https:\/\/www.visionweb.com.ar\/wp-content\/uploads\/2022\/04\/OCUPACION-DE-TIERAS-EN-LA-PLATA-300x200.png 300w, https:\/\/www.visionweb.com.ar\/wp-content\/uploads\/2022\/04\/OCUPACION-DE-TIERAS-EN-LA-PLATA-768x512.png 768w, https:\/\/www.visionweb.com.ar\/wp-content\/uploads\/2022\/04\/OCUPACION-DE-TIERAS-EN-LA-PLATA.png 800w\" sizes=\"auto, (max-width: 300px) 100vw, 300px\" \/>E<\/strong>l intendente de La Plata, Julio Garro, present\u00f3 hoy un escrito en el que pidi\u00f3 al Gobierno provincial y nacional que apelen \u00abde manera inmediata\u00bb el fallo que orden\u00f3 archivar la denuncia por la toma de un predio en el barrio platense de Los Hornos.<\/p>\n<p>\u00abLa inacci\u00f3n frente a esta grave situaci\u00f3n no hace otra cosa que explicitar la falta de independencia de los poderes del Estado\u00bb, manifest\u00f3 el jefe comunal en un comunicado difundido hoy, al referirse al fallo del juez Alejo Ramos Padilla que dej\u00f3 sin efecto una denuncia para que se desaloje el predio de ese barrio platense.<\/p>\n<p>La comuna solicit\u00f3 a la Fiscal\u00eda de Estado de la Provincia, al Ministerio de Desarrollo de la Comunidad bonaerense, a la Subsecretar\u00eda de H\u00e1bitat bonaerense y a la Agencia de Administraci\u00f3n de Bienes del Estado (ABBE) la <strong>inmediata intervenci\u00f3n y que apelen la disposici\u00f3n judicial, ya que la Municipalidad de La Plata no tiene legitimidad para discutir el fallo que orden\u00f3 archivar el expediente<\/strong>.<\/p>\n<p>La semana pasada, la Justicia Federal de La Plata dispuso el archivo de la causa que investigaba la toma de un predio en Los Hornos por casi mil familias que instalaron all\u00ed sus viviendas, al considerar que en el ingreso a los terrenos no se cumplieron las condiciones que prev\u00e9 el C\u00f3digo Penal para el delito de usurpaci\u00f3n.<\/p>\n<p>El art\u00edculo 181 inciso 1 del C\u00f3digo Penal establece que para que la ocupaci\u00f3n de parcelas de tierra configure un delito la figura penal exige que el despojo se haya producido con \u00abviolencia, amenazas, enga\u00f1os, abusos de confianza o clandestinidad\u00bb, condiciones que el juez Alejo Ramos Padilla determin\u00f3 en su dictamen que no se registraron en este caso, tras lo cual archiv\u00f3 el expediente.<\/p>\n<p>\u00abNecesitamos que la Provincia y la Naci\u00f3n apelen el fallo que avala la megatoma de Los Hornos. Present\u00e9 un escrito solicitando que no dejen vencer los plazos que establece la ley. La inacci\u00f3n frente a esta grave situaci\u00f3n no hace otra cosa que explicitar la falta de independencia de poderes del Estado\u00bb, sostuvo Garro.<\/p>\n<p>Seg\u00fan se precis\u00f3, la comuna platense entiende que la resoluci\u00f3n \u00abdebe ser impugnada por los organismos que se encuentran legitimados procesalmente para hacerlo\u00bb.<\/p>\n<p>Asimismo, el Municipio considera que la resoluci\u00f3n del juez \u00abconstituye un agravio al ejercicio del derecho real de propiedad, que el Estado provincial ostenta respecto del predio intrusado, y cuya defensa y administraci\u00f3n se encuentran a cargo del gobierno de la Provincia de Buenos Aires\u00bb<strong>(VW)<\/strong>.<\/p>\n<p>&nbsp;<\/p>\n","protected":false},"excerpt":{"rendered":"<p>El juez federal de La Plata,\u00a0Alejo Ramos Padilla, aclar\u00f3 que el fallo que archiv\u00f3 las actuaciones por una\u00a0toma de terrenos fiscales en Los Hornos\u00a0no se debi\u00f3 a que la ocupaci\u00f3n se produjo\u00a0\u00abdurante el d\u00eda\u00bb\u00a0&#46;&#46;&#46;<\/p>\n","protected":false},"author":3,"featured_media":5184,"comment_status":"closed","ping_status":"closed","sticky":false,"template":"","format":"standard","meta":{"_monsterinsights_skip_tracking":false,"_monsterinsights_sitenote_active":false,"_monsterinsights_sitenote_note":"","_monsterinsights_sitenote_category":0,"footnotes":""},"categories":[8],"tags":[2074,2076,2075],"class_list":["post-5183","post","type-post","status-publish","format-standard","has-post-thumbnail","hentry","category-interes-general","tag-los-hornos","tag-ocupacion","tag-tierras"],"_links":{"self":[{"href":"https:\/\/www.visionweb.com.ar\/index.php?rest_route=\/wp\/v2\/posts\/5183","targetHints":{"allow":["GET"]}}],"collection":[{"href":"https:\/\/www.visionweb.com.ar\/index.php?rest_route=\/wp\/v2\/posts"}],"about":[{"href":"https:\/\/www.visionweb.com.ar\/index.php?rest_route=\/wp\/v2\/types\/post"}],"author":[{"embeddable":true,"href":"https:\/\/www.visionweb.com.ar\/index.php?rest_route=\/wp\/v2\/users\/3"}],"replies":[{"embeddable":true,"href":"https:\/\/www.visionweb.com.ar\/index.php?rest_route=%2Fwp%2Fv2%2Fcomments&post=5183"}],"version-history":[{"count":1,"href":"https:\/\/www.visionweb.com.ar\/index.php?rest_route=\/wp\/v2\/posts\/5183\/revisions"}],"predecessor-version":[{"id":5185,"href":"https:\/\/www.visionweb.com.ar\/index.php?rest_route=\/wp\/v2\/posts\/5183\/revisions\/5185"}],"wp:featuredmedia":[{"embeddable":true,"href":"https:\/\/www.visionweb.com.ar\/index.php?rest_route=\/wp\/v2\/media\/5184"}],"wp:attachment":[{"href":"https:\/\/www.visionweb.com.ar\/index.php?rest_route=%2Fwp%2Fv2%2Fmedia&parent=5183"}],"wp:term":[{"taxonomy":"category","embeddable":true,"href":"https:\/\/www.visionweb.com.ar\/index.php?rest_route=%2Fwp%2Fv2%2Fcategories&post=5183"},{"taxonomy":"post_tag","embeddable":true,"href":"https:\/\/www.visionweb.com.ar\/index.php?rest_route=%2Fwp%2Fv2%2Ftags&post=5183"}],"curies":[{"name":"wp","href":"https:\/\/api.w.org\/{rel}","templated":true}]}}