{"id":5158,"date":"2022-04-08T12:40:04","date_gmt":"2022-04-08T15:40:04","guid":{"rendered":"https:\/\/www.visionweb.com.ar\/?p=5158"},"modified":"2022-04-08T12:40:04","modified_gmt":"2022-04-08T15:40:04","slug":"lanus-lanzaron-plan-de-seguridad-2022","status":"publish","type":"post","link":"https:\/\/www.visionweb.com.ar\/?p=5158","title":{"rendered":"Lan\u00fas: Lanzaron Plan de Seguridad 2022\u00a0"},"content":{"rendered":"<p><em><strong>Remarcan la importancia del proyecto de ley presentado ante la C\u00e1mara de Diputados de la Provincia para que el control de la Polic\u00eda Local pase a manos de los municipios.<\/strong><\/em><!--more--><\/p>\n<p><strong><img loading=\"lazy\" decoding=\"async\" class=\"size-medium wp-image-5160 alignleft\" src=\"https:\/\/www.visionweb.com.ar\/wp-content\/uploads\/2022\/04\/PLAN-DE-SEGURIDAD-LANUS-300x212.jpg\" alt=\"\" width=\"300\" height=\"212\" srcset=\"https:\/\/www.visionweb.com.ar\/wp-content\/uploads\/2022\/04\/PLAN-DE-SEGURIDAD-LANUS-300x212.jpg 300w, https:\/\/www.visionweb.com.ar\/wp-content\/uploads\/2022\/04\/PLAN-DE-SEGURIDAD-LANUS.jpg 576w\" sizes=\"auto, (max-width: 300px) 100vw, 300px\" \/>E<\/strong>l intendente, N\u00e9stor Grindetti, junto con el jefe de Gabinete y Secretario de Seguridad del Municipio, Diego Kravetz, presentaron el Plan de Seguridad 2022 con el objetivo de reforzar las medidas de prevenci\u00f3n del delito en la v\u00eda p\u00fablica que se han ido implementando en forma paulatina desde el 2016 en todos los barrios de la comuna.<\/p>\n<p>Al respecto, el jefe comunal destac\u00f3 la relevancia del proyecto de ley que solicita el traspaso de la Polic\u00eda Local a la \u00f3rbita de los municipios con el fin de optimizar la tarea diaria y proporcionar mayor tranquilidad a los vecinos y vecinas, conforme indic\u00f3 Prensa del municipio.<\/p>\n<p>\u201cA partir de 2019, los \u00edndices empezaron a mostrar un deterioro en la inseguridad. Por eso, decidimos dar un paso m\u00e1s y nos propusimos poner un granito de arena para aliviar la tarea del Ministerio de Seguridad de la Provincia\u201d, remarc\u00f3.<\/p>\n<p>En ese sentido, agreg\u00f3: \u201cNos parece que esta modificaci\u00f3n nos va a permitir ser m\u00e1s efectivos en materia de prevenci\u00f3n. Es un proyecto de ley que tomar\u00e1 estado parlamentario en las pr\u00f3ximas semanas\u201d, asever\u00f3.<\/p>\n<p>Por su parte, Kravetz sintetiz\u00f3 la situaci\u00f3n actual en la comuna. \u201c\u201cHoy, hay 30 m\u00f3viles que maneja el comando, otros tantos que maneja la Polic\u00eda Local y unos 60 que manejamos nosotros de manera directa\u201d, contabiliz\u00f3.<\/p>\n<p>\u201cLan\u00fas tiene 550 mil habitantes y 37 villas. Es un distrito de alta complejidad como lo son la mayor\u00eda en el conurbano. Por eso, decimos que, quien mejor \u00a0conoce la realidad de las calles, de los pasillos, de la gente, de los delincuentes y de los referentes son los intendentes y que hay que darles herramientas para que puedan trabajar mejor\u201d, se\u00f1al\u00f3.<\/p>\n<p>En el acto realizado en el play\u00f3n municipal, fueron presentadas 10 unidades m\u00f3viles que ser\u00e1n destinadas al comando patrulla; 50 a la Polic\u00eda Local (20 m\u00f3viles y 30 motos) y 52 al \u00e1rea de Seguridad Ciudadana (34 m\u00f3viles y 28 motos).<\/p>\n<p>Adem\u00e1s, se completar\u00e1n\u00a0 un total de 1200 c\u00e1maras a fin de a\u00f1o (100 con reconocimiento facial y 80 con tecnolog\u00eda LPR) y se sumar\u00e1n 5000 botones antip\u00e1nico a los m\u00e1s de 9000 instalados.<\/p>\n<p>Otras medidas ser\u00e1n la instalaci\u00f3n de fibra \u00f3ptica (que incluye un tramado de 100 km en Lan\u00fas Este y Monte Chingolo) y la construcci\u00f3n del nuevo Centro Unificado de Comando y Control (que se inaugurar\u00e1 en marzo 2023).<\/p>\n<p>Estuvieron el jefe de la Polic\u00eda Local, Pablo Belis\u00e1n y el jefe de Estaci\u00f3n de la Polic\u00eda Local, Ricardo Quintana, concejales, consejeros escolares y secretarios del ejecutivo municipal. <strong>(VW)<\/strong><\/p>\n<p>&nbsp;<\/p>\n","protected":false},"excerpt":{"rendered":"<p>Remarcan la importancia del proyecto de ley presentado ante la C\u00e1mara de Diputados de la Provincia para que el control de la Polic\u00eda Local pase a manos de los municipios.<\/p>\n","protected":false},"author":4,"featured_media":5160,"comment_status":"closed","ping_status":"closed","sticky":false,"template":"","format":"standard","meta":{"_monsterinsights_skip_tracking":false,"_monsterinsights_sitenote_active":false,"_monsterinsights_sitenote_note":"","_monsterinsights_sitenote_category":0,"footnotes":""},"categories":[3],"tags":[18,241,19,2065,529],"class_list":["post-5158","post","type-post","status-publish","format-standard","has-post-thumbnail","hentry","category-actualidad","tag-grindetti","tag-kravetz","tag-lanus","tag-plan-de-seguridad-2022","tag-seguridad"],"_links":{"self":[{"href":"https:\/\/www.visionweb.com.ar\/index.php?rest_route=\/wp\/v2\/posts\/5158","targetHints":{"allow":["GET"]}}],"collection":[{"href":"https:\/\/www.visionweb.com.ar\/index.php?rest_route=\/wp\/v2\/posts"}],"about":[{"href":"https:\/\/www.visionweb.com.ar\/index.php?rest_route=\/wp\/v2\/types\/post"}],"author":[{"embeddable":true,"href":"https:\/\/www.visionweb.com.ar\/index.php?rest_route=\/wp\/v2\/users\/4"}],"replies":[{"embeddable":true,"href":"https:\/\/www.visionweb.com.ar\/index.php?rest_route=%2Fwp%2Fv2%2Fcomments&post=5158"}],"version-history":[{"count":2,"href":"https:\/\/www.visionweb.com.ar\/index.php?rest_route=\/wp\/v2\/posts\/5158\/revisions"}],"predecessor-version":[{"id":5161,"href":"https:\/\/www.visionweb.com.ar\/index.php?rest_route=\/wp\/v2\/posts\/5158\/revisions\/5161"}],"wp:featuredmedia":[{"embeddable":true,"href":"https:\/\/www.visionweb.com.ar\/index.php?rest_route=\/wp\/v2\/media\/5160"}],"wp:attachment":[{"href":"https:\/\/www.visionweb.com.ar\/index.php?rest_route=%2Fwp%2Fv2%2Fmedia&parent=5158"}],"wp:term":[{"taxonomy":"category","embeddable":true,"href":"https:\/\/www.visionweb.com.ar\/index.php?rest_route=%2Fwp%2Fv2%2Fcategories&post=5158"},{"taxonomy":"post_tag","embeddable":true,"href":"https:\/\/www.visionweb.com.ar\/index.php?rest_route=%2Fwp%2Fv2%2Ftags&post=5158"}],"curies":[{"name":"wp","href":"https:\/\/api.w.org\/{rel}","templated":true}]}}