{"id":5151,"date":"2022-04-08T08:42:00","date_gmt":"2022-04-08T11:42:00","guid":{"rendered":"https:\/\/www.visionweb.com.ar\/?p=5151"},"modified":"2022-04-08T08:42:00","modified_gmt":"2022-04-08T11:42:00","slug":"bolivia-se-comprometio-a-abastecer-de-gas-a-argentina","status":"publish","type":"post","link":"https:\/\/www.visionweb.com.ar\/?p=5151","title":{"rendered":"Bolivia se comprometi\u00f3 a abastecer de gas a Argentina"},"content":{"rendered":"<p><strong><em>Con la firma de un convenio entre los dos pa\u00edses, Argentina recibir\u00e1 vol\u00famenes considerasbles a lo largo de 2022, en especial durante el invierno.<\/em><\/strong><!--more--><\/p>\n<div id=\"attachment_5152\" style=\"width: 310px\" class=\"wp-caption alignright\"><img loading=\"lazy\" decoding=\"async\" aria-describedby=\"caption-attachment-5152\" class=\"wp-image-5152 size-medium\" src=\"https:\/\/www.visionweb.com.ar\/wp-content\/uploads\/2022\/04\/GAS-300x200.jpg\" alt=\"\" width=\"300\" height=\"200\" srcset=\"https:\/\/www.visionweb.com.ar\/wp-content\/uploads\/2022\/04\/GAS-300x200.jpg 300w, https:\/\/www.visionweb.com.ar\/wp-content\/uploads\/2022\/04\/GAS-768x512.jpg 768w, https:\/\/www.visionweb.com.ar\/wp-content\/uploads\/2022\/04\/GAS.jpg 800w\" sizes=\"auto, (max-width: 300px) 100vw, 300px\" \/><p id=\"caption-attachment-5152\" class=\"wp-caption-text\"><strong><em>El ministro Mart\u00edn Guzman , junto a su par de Energ\u00eda de Argentina y de Bolvia (Pensa: Ministerio de Econom\u00eda) <\/em><\/strong><\/p><\/div>\n<p><strong>L<\/strong>os gobiernos de Argentina y Bolivia firmaron un convenio que permitir\u00e1 a nuestro pa\u00eds tener cierta previsibilidad para el abastecimiento de gas en los pr\u00f3ximos meses.<\/p>\n<p>En el marco de la visita a la Argentina del jefe del Estado de Bolivia, Luis Arce y comitiva, el ministro de Econom\u00eda, Mart\u00edn Guzm\u00e1n se reuni\u00f3 con su par de Hidrocarburos y Energ\u00edas de ese pa\u00eds, Franklin Molina Ortiz, con quien dialog\u00f3 sobre la agenda energ\u00e9tica bilateral y regional, al tiempo que se avanz\u00f3 en la profundizaci\u00f3n del v\u00ednculo entre ambas naciones.<\/p>\n<p>En ese sentido los ministros de Econom\u00eda, Mart\u00edn Guzman\u00a0 y su par de Hidrocarburos y Energ\u00edas del Estado Plurinacional de Bolivia, Franklin Molina Ortiz, mantuvieron, este jueves, una reuni\u00f3n de trabajo en la Casa de Gobierno para avanzar en la negociaci\u00f3n.<\/p>\n<p>\u201cSe logr\u00f3 un acuerdo positivo que da previsibilidad y mayor tranquilidad en un contexto de crisis energ\u00e9tica internacional.\u00a0 Los vol\u00famenes acordados garantizan la fluidez del sistema en todo el Norte del pa\u00eds y dan certeza a toda la demanda\u201d, afirm\u00f3 Guzm\u00e1n al finalizar la reuni\u00f3n.<\/p>\n<p>En este contexto, los Gobiernos de Argentina y de Bolivia acordaron la provisi\u00f3n de 14 millones de metros c\u00fabicos por d\u00eda de gas durante el periodo de invierno, junto a un compromiso de priorizar el suministro de vol\u00famenes adicionales a la Argentina en funci\u00f3n de la disponibilidad.<\/p>\n<p>El Convenio, que perfeccionar\u00e1n YPFB y IEASA, establece que la empresa boliviana proveer\u00e1 14 Millones de m3 diarios de Gas firmes durante los meses de este invierno, dando prioridad a la Argentina por hasta 18 Millones de m3 d\u00eda en total para el periodo mayo a septiembre 2022.<\/p>\n<p>Los precios del Gas a aplicar a este acuerdo tendr\u00e1n un esquema por el cual Argentina pagar\u00e1 el actual precio vigente en la adenda 2021, (actualmente entre 7 y 9 u$d el MMbtu) por un primer volumen de hasta 8 a 10 Millones de m3; mientras que por el resto del Gas el precio ser\u00e1 ajustado trimestralmente de acuerdo a la f\u00f3rmula PCDA = Brent * 10,5% (aproximadamente u$d 18 el Mill\u00f3n de btu), lo que arroja un precio promedio ponderado de u$d 12,18 MMbtu por el tramo firme del acuerdo.<\/p>\n<h3 style=\"text-align: center;\"><span style=\"color: #3366ff;\"><em><strong>La Argentina recibir\u00e1 unos 14 mil metros c\u00fabicos por d\u00eda de gasa<\/strong><\/em><\/span><\/h3>\n<p>Asimismo, el Gobierno argentino manifest\u00f3 la voluntad de propiciar las condiciones para avanzar en una mayor interconectividad el\u00e9ctrica entre ambas naciones.<\/p>\n<p>En este sentido, Guzm\u00e1n asegur\u00f3 que \u201cvaloramos mucho el trabajo que llevamos adelante en las \u00faltimas semanas con el ministro Franklin Molina y los respectivos equipos, bajo la conducci\u00f3n de nuestros presidentes para que el v\u00ednculo entre nuestras naciones tambi\u00e9n se fortalezca en el frente energ\u00e9tico\u201d.<\/p>\n<p>En tanto, agreg\u00f3: \u201cApuntamos a seguir profundizando las relaciones de inversiones y comercio bilateral en el campo de la energ\u00eda, donde tenemos significativas oportunidades de escalamiento de la inversi\u00f3n, la producci\u00f3n y la integraci\u00f3n\u201d.<\/p>\n<p>Por su parte, el secretario de Energ\u00eda argentino, Dario Mart\u00ednez, quien tambi\u00e9n particip\u00f3 del encuentro, expres\u00f3 que \u201ceste acuerdo, de por s\u00ed muy bueno, resalta m\u00e1s aun en el contexto internacional de incertidumbre, escasez y precios exorbitantes de la energ\u00eda\u201d. Y agreg\u00f3: \u201cEs un paso adelante, con vol\u00famenes y precios muy convenientes para el pa\u00eds\u201d.<\/p>\n<p>En tanto, agreg\u00f3: \u201cEl precio promedio que se acord\u00f3 es altamente conveniente para el pa\u00eds, rondando los u$d 12.18 el MMbtu, cuando el precio internacional de del GNL m\u00e1s que lo triplica y el del Gas O\u00edl, m\u00e1s que lo duplica.\u201d<\/p>\n<p>Acompa\u00f1aron tambi\u00e9n al ministro Guzm\u00e1n, la secretar\u00eda de Asuntos Econ\u00f3micos y Financieros Internacionales del Ministerio de Econom\u00eda, Maia Colodenco, y el embajador argentino en Bolivia, Ariel Basteiro. En tanto, por parte de Molina Ortiz estuvieron el vicecanciller, Erwin Macacha y el embajador de Bolivia en Argentina, Ramiro Tapia<strong>(VW)<\/strong>.<\/p>\n","protected":false},"excerpt":{"rendered":"<p>Con la firma de un convenio entre los dos pa\u00edses, Argentina recibir\u00e1 vol\u00famenes considerasbles a lo largo de 2022, en especial durante el invierno.<\/p>\n","protected":false},"author":3,"featured_media":5152,"comment_status":"closed","ping_status":"closed","sticky":false,"template":"","format":"standard","meta":{"_monsterinsights_skip_tracking":false,"_monsterinsights_sitenote_active":false,"_monsterinsights_sitenote_note":"","_monsterinsights_sitenote_category":0,"footnotes":""},"categories":[6],"tags":[1741,162,1700,1826],"class_list":["post-5151","post","type-post","status-publish","format-standard","has-post-thumbnail","hentry","category-economia","tag-abastecimiento","tag-argentina","tag-bolivia","tag-gas"],"_links":{"self":[{"href":"https:\/\/www.visionweb.com.ar\/index.php?rest_route=\/wp\/v2\/posts\/5151","targetHints":{"allow":["GET"]}}],"collection":[{"href":"https:\/\/www.visionweb.com.ar\/index.php?rest_route=\/wp\/v2\/posts"}],"about":[{"href":"https:\/\/www.visionweb.com.ar\/index.php?rest_route=\/wp\/v2\/types\/post"}],"author":[{"embeddable":true,"href":"https:\/\/www.visionweb.com.ar\/index.php?rest_route=\/wp\/v2\/users\/3"}],"replies":[{"embeddable":true,"href":"https:\/\/www.visionweb.com.ar\/index.php?rest_route=%2Fwp%2Fv2%2Fcomments&post=5151"}],"version-history":[{"count":1,"href":"https:\/\/www.visionweb.com.ar\/index.php?rest_route=\/wp\/v2\/posts\/5151\/revisions"}],"predecessor-version":[{"id":5153,"href":"https:\/\/www.visionweb.com.ar\/index.php?rest_route=\/wp\/v2\/posts\/5151\/revisions\/5153"}],"wp:featuredmedia":[{"embeddable":true,"href":"https:\/\/www.visionweb.com.ar\/index.php?rest_route=\/wp\/v2\/media\/5152"}],"wp:attachment":[{"href":"https:\/\/www.visionweb.com.ar\/index.php?rest_route=%2Fwp%2Fv2%2Fmedia&parent=5151"}],"wp:term":[{"taxonomy":"category","embeddable":true,"href":"https:\/\/www.visionweb.com.ar\/index.php?rest_route=%2Fwp%2Fv2%2Fcategories&post=5151"},{"taxonomy":"post_tag","embeddable":true,"href":"https:\/\/www.visionweb.com.ar\/index.php?rest_route=%2Fwp%2Fv2%2Ftags&post=5151"}],"curies":[{"name":"wp","href":"https:\/\/api.w.org\/{rel}","templated":true}]}}