{"id":5146,"date":"2022-04-08T07:57:46","date_gmt":"2022-04-08T10:57:46","guid":{"rendered":"https:\/\/www.visionweb.com.ar\/?p=5146"},"modified":"2022-04-08T08:03:07","modified_gmt":"2022-04-08T11:03:07","slug":"senador-vischi-el-gobierno-nacional-busca-someter-a-la-justicia","status":"publish","type":"post","link":"https:\/\/www.visionweb.com.ar\/?p=5146","title":{"rendered":"Senador Vischi: \u201cEl gobierno nacional busca someter a la Justicia\u201d"},"content":{"rendered":"<p><em><b>Los miembros de la Suprema Corte de Justicia tienen mandato por diez a\u00f1os en sus cargos y no podr\u00e1n ser reelectos sin que medien cinco a\u00f1os entre su cese y la reelecci\u00f3n.<\/b><\/em><!--more--><\/p>\n<div id=\"attachment_5147\" style=\"width: 310px\" class=\"wp-caption alignright\"><img loading=\"lazy\" decoding=\"async\" aria-describedby=\"caption-attachment-5147\" class=\"wp-image-5147 size-medium\" src=\"https:\/\/www.visionweb.com.ar\/wp-content\/uploads\/2022\/04\/Senador-Eduardo-Vichi-UCR-Juntos-por-el-Cambio-Corrientes-en-el-centro-300x200.jpg\" alt=\"\" width=\"300\" height=\"200\" srcset=\"https:\/\/www.visionweb.com.ar\/wp-content\/uploads\/2022\/04\/Senador-Eduardo-Vichi-UCR-Juntos-por-el-Cambio-Corrientes-en-el-centro-300x200.jpg 300w, https:\/\/www.visionweb.com.ar\/wp-content\/uploads\/2022\/04\/Senador-Eduardo-Vichi-UCR-Juntos-por-el-Cambio-Corrientes-en-el-centro-768x512.jpg 768w, https:\/\/www.visionweb.com.ar\/wp-content\/uploads\/2022\/04\/Senador-Eduardo-Vichi-UCR-Juntos-por-el-Cambio-Corrientes-en-el-centro.jpg 800w\" sizes=\"auto, (max-width: 300px) 100vw, 300px\" \/><p id=\"caption-attachment-5147\" class=\"wp-caption-text\"><strong><em>Senador (Corrientes), Eduardo Vischi UCR-Juntos x el Cambio.<\/em><\/strong><\/p><\/div>\n<p><strong>E<\/strong>l Senado de la Naci\u00f3n aprob\u00f3, este jueves,\u00a0 la reforma del Consejo de la Magistratura impulsada por el Poder Ejecutivo.<\/p>\n<p>La Corte Suprema hab\u00eda instado al Congreso a que avance con la modificaci\u00f3n de este \u00f3rgano, responsable de la administraci\u00f3n de la Justicia, con una composici\u00f3n m\u00e1s equilibrada, tras declarar a la actual como inconstitucional.<\/p>\n<p>La designaci\u00f3n de los ministros de la Corte es una atribuci\u00f3n que le corresponde al Presidente de la Naci\u00f3n con acuerdo del Senado por dos tercios de sus miembros presentes.<\/p>\n<p>\u201cLamentablemente, el oficialismo decidi\u00f3 insistir con su propuesta sin discutir debidamente un tema de esta magnitud. La Corte dio un plazo de 120 d\u00edas en diciembre y reci\u00e9n llega al recinto del Senado a falta de una semana para su vencimiento\u00bb, precis\u00f3 el senador Vischi por Corrientes (UCR-Juntos por el Cambio).<\/p>\n<h3 style=\"text-align: center;\"><span style=\"color: #3366ff;\"><em><strong>La iniciativa cont\u00f3 con los 37 votos que necesitaba para ser tratado en el recinto.<\/strong><\/em><\/span><\/h3>\n<p>En ese sentido, el legislador asegura que: \u00abEsto indica que, casi con seguridad, a falta de su tratamiento en Diputados, se incumpla con esos tiempos. Eso puede tener consecuencias para el funcionamiento y las decisiones que afronte el Consejo pasada esa fecha. Tengamos en cuenta que tiene a su cargo la selecci\u00f3n de jueces, su remoci\u00f3n, la administraci\u00f3n del Presupuesto del Poder Judicial, entre tantas otras cuestiones relacionadas a la Justicia\u201d ampli\u00f3 el legislador Vischi.<\/p>\n<p>Acerca del tratamiento dado al proyecto de Ley, el legislador correntino esgrimi\u00f3 que \u201cpretend\u00edamos una mayor profundidad de debate. Presentamos un proyecto, que luego unificamos con otras iniciativas similares e intentamos llegar a un consenso, tal como lo amerita la situaci\u00f3n\u00bb, destac\u00f3.<\/p>\n<p>\u00abEl oficialismo s\u00f3lo se mostr\u00f3 interesado en conseguir 37 votos para aprobar su propuesta con el objetivo de someter a la Corte Suprema. No hubo reales intenciones de lograr cambios para mejorar el funcionamiento de la Justicia. Pareci\u00f3 ser una especie de ofrenda del Poder Ejecutivo para congraciarse con algunos sectores del gobierno preocupados por el destino de las causas judiciales\u201d. cerr\u00f3 el Senador<strong>(VW)<\/strong>.<\/p>\n<p>&nbsp;<\/p>\n","protected":false},"excerpt":{"rendered":"<p>Los miembros de la Suprema Corte de Justicia tienen mandato por diez a\u00f1os en sus cargos y no podr\u00e1n ser reelectos sin que medien cinco a\u00f1os entre su cese y la reelecci\u00f3n.<\/p>\n","protected":false},"author":3,"featured_media":5147,"comment_status":"closed","ping_status":"closed","sticky":false,"template":"","format":"standard","meta":{"_monsterinsights_skip_tracking":false,"_monsterinsights_sitenote_active":false,"_monsterinsights_sitenote_note":"","_monsterinsights_sitenote_category":0,"footnotes":""},"categories":[4],"tags":[543,697,468,2062],"class_list":["post-5146","post","type-post","status-publish","format-standard","has-post-thumbnail","hentry","category-politica","tag-ampliacion","tag-corte-suprema","tag-senado","tag-vencimiento"],"_links":{"self":[{"href":"https:\/\/www.visionweb.com.ar\/index.php?rest_route=\/wp\/v2\/posts\/5146","targetHints":{"allow":["GET"]}}],"collection":[{"href":"https:\/\/www.visionweb.com.ar\/index.php?rest_route=\/wp\/v2\/posts"}],"about":[{"href":"https:\/\/www.visionweb.com.ar\/index.php?rest_route=\/wp\/v2\/types\/post"}],"author":[{"embeddable":true,"href":"https:\/\/www.visionweb.com.ar\/index.php?rest_route=\/wp\/v2\/users\/3"}],"replies":[{"embeddable":true,"href":"https:\/\/www.visionweb.com.ar\/index.php?rest_route=%2Fwp%2Fv2%2Fcomments&post=5146"}],"version-history":[{"count":3,"href":"https:\/\/www.visionweb.com.ar\/index.php?rest_route=\/wp\/v2\/posts\/5146\/revisions"}],"predecessor-version":[{"id":5150,"href":"https:\/\/www.visionweb.com.ar\/index.php?rest_route=\/wp\/v2\/posts\/5146\/revisions\/5150"}],"wp:featuredmedia":[{"embeddable":true,"href":"https:\/\/www.visionweb.com.ar\/index.php?rest_route=\/wp\/v2\/media\/5147"}],"wp:attachment":[{"href":"https:\/\/www.visionweb.com.ar\/index.php?rest_route=%2Fwp%2Fv2%2Fmedia&parent=5146"}],"wp:term":[{"taxonomy":"category","embeddable":true,"href":"https:\/\/www.visionweb.com.ar\/index.php?rest_route=%2Fwp%2Fv2%2Fcategories&post=5146"},{"taxonomy":"post_tag","embeddable":true,"href":"https:\/\/www.visionweb.com.ar\/index.php?rest_route=%2Fwp%2Fv2%2Ftags&post=5146"}],"curies":[{"name":"wp","href":"https:\/\/api.w.org\/{rel}","templated":true}]}}