{"id":5137,"date":"2022-04-07T13:45:57","date_gmt":"2022-04-07T16:45:57","guid":{"rendered":"https:\/\/www.visionweb.com.ar\/?p=5137"},"modified":"2022-04-07T14:24:28","modified_gmt":"2022-04-07T17:24:28","slug":"comienzan-las-obras-de-la-terapia-intensiva-del-hospital-cetrangolo","status":"publish","type":"post","link":"https:\/\/www.visionweb.com.ar\/?p=5137","title":{"rendered":"Comienzan las obras de la terapia intensiva del hospital \u201cCetr\u00e1ngolo\u201d"},"content":{"rendered":"<p><em><strong>Es un proyecto que se inici\u00f3 en 2018 y fue neutralizado el a\u00f1o siguiente. Ahora, el gobierno bonaerense plantea concretar por medio de la inversi\u00f3n de m\u00e1s de 135 millones de pesos.<\/strong><\/em><!--more--><\/p>\n<div id=\"attachment_5138\" style=\"width: 310px\" class=\"wp-caption alignleft\"><img loading=\"lazy\" decoding=\"async\" aria-describedby=\"caption-attachment-5138\" class=\"wp-image-5138 size-medium\" src=\"https:\/\/www.visionweb.com.ar\/wp-content\/uploads\/2022\/04\/HOSPITALES-300x199.png\" alt=\"\" width=\"300\" height=\"199\" srcset=\"https:\/\/www.visionweb.com.ar\/wp-content\/uploads\/2022\/04\/HOSPITALES-300x199.png 300w, https:\/\/www.visionweb.com.ar\/wp-content\/uploads\/2022\/04\/HOSPITALES.png 640w\" sizes=\"auto, (max-width: 300px) 100vw, 300px\" \/><p id=\"caption-attachment-5138\" class=\"wp-caption-text\">El ministro de Salud bonaerense, Noicol\u00e1s Kreplak es informado sobre las caracter\u00edsticas de la reformas (Prensa Salud BSAS<\/p><\/div>\n<p><strong>C<\/strong>on una inversi\u00f3n de 135 M de pesos el gobierno bonaerense comenzar\u00e1 con las obras de remodelaci\u00f3n y modernizaci\u00f3n del hospital Antonio Centr\u00e1ngolo, ubicado en la ciudad bonaerense de V. L\u00f3pez.<\/p>\n<p>La obra abarca la refuncionalizaci\u00f3n de un sector de la planta del primer piso y la generaci\u00f3n de una Unidad de Terapia Intensiva.<\/p>\n<p>La primera planta contar\u00e1 con la capacidad de internaci\u00f3n de doce pacientes distribuidos en seis habitaciones de dos camas cada una, con sanitario privado. En tanto, el segundo piso se destinar\u00e1 a la UTI con capacidad de atenci\u00f3n a doce pacientes distribuidos en habitaciones individuales, dos de ellas con antec\u00e1mara, para pacientes aislados.<\/p>\n<p>Durante una recorrida por el nosocomio, el ministro de salud bonaerense, Nicol\u00e1s Kreplak, acompa\u00f1ado por su par de Infraestructura, Leonardo Nardini; y el director del hospital, Miguel \u00c1ngel Bergna; se\u00f1al\u00f3 que el hospital contar\u00e1 con instalaciones \u201cmodernas y todos los servicios necesarios para los profesionales de guardia\u201d.<\/p>\n<p>Record\u00f3 que la obra de mejora fue abandonada, lo que contrajo p\u00e9rdida de capacidad, pero que a\u00fan as\u00ed, el hospital\u00a0 trabaj\u00f3 con \u201cmuch\u00edsima plasticidad y esfuerzo, que hicieron crecer las camas generales y de terapia pese a todo\u201d.<\/p>\n<h3 style=\"text-align: center;\"><span style=\"color: #3366ff;\"><em><strong>Las reformas del centro de salud incluye la construcci\u00f3n habitaciones para 12 pacientes.<\/strong><\/em><\/span><\/h3>\n<p>A su vez, subray\u00f3 que tambi\u00e9n se renovar\u00e1 la planta el\u00e9ctrica, una obra que no estaba incluida en el primer proyecto y que es de suma importancia para abastecer la demanda de la nueva tecnolog\u00eda incorporada.<\/p>\n<p>Por su parte, Nardini dijo: \u201cAmpliamos el \u00e1rea de terapia intensiva de este hospital, esto es el ejemplo de c\u00f3mo estamos restableciendo y ampliando el sistema de salud de la Provincia de Buenos Aires. Hoy estamos mejorando y refaccionando un hospital que es muy importante. Son 130 millones de pesos invertidos por el Estado bonaerense para mejorar la vida de los vecinos de Vicente L\u00f3pez y toda la regi\u00f3n. Nuestro Gobernador nunca escatimo en ampliar el sistema sanitario\u201d.<\/p>\n<p>Adem\u00e1s, se agregar\u00e1n vestuarios, sanitarios, sectores de enfermer\u00eda y alimentaci\u00f3n, office de material limpio-usado, lavachatas, dormitorio de m\u00e9dico de guardia, sala de m\u00e1quinas, dep\u00f3sito y transferencia de camillas y p\u00fablico.<\/p>\n<p>\u201cVenimos trabajando (con Nardini) en todos los hospitales de la Provincia, desde reparar los techos, pisos, sistemas de agua, hasta los sistemas de ampliaci\u00f3n -algunos edificios nuevos, obras enormes- y otras reparaciones que fueron abandonadas\u201d. Con todo este trabajo conjunto que nos pide el Gobernador, el sistema est\u00e1 creciendo, seguimos recuperando la salud de nuestro pueblo\u201d, concluy\u00f3 el titular sanitario.<\/p>\n<p>De la recorrida tambi\u00e9n participaron la viceministra, Alexia Navarro; el subsecretario de Obras, Diego Benitez y el director de Infraestructura de Salud, Gast\u00f3n Alfonso.<\/p>\n<p>El Hospital \u201cAntonio A. Cetr\u00e1ngolo\u201d, es un hospital p\u00fablico provincial ubicado en Vicente L\u00f3pez que brinda atenci\u00f3n especializada en medicina respiratoria. Es una instituci\u00f3n de referencia para los habitantes de zona norte del conurbano y para pacientes del interior del pa\u00eds<strong>(VW)<\/strong>.<\/p>\n","protected":false},"excerpt":{"rendered":"<p>Es un proyecto que se inici\u00f3 en 2018 y fue neutralizado el a\u00f1o siguiente. Ahora, el gobierno bonaerense plantea concretar por medio de la inversi\u00f3n de m\u00e1s de 135 millones de pesos.<\/p>\n","protected":false},"author":3,"featured_media":5138,"comment_status":"closed","ping_status":"closed","sticky":false,"template":"","format":"standard","meta":{"_monsterinsights_skip_tracking":false,"_monsterinsights_sitenote_active":false,"_monsterinsights_sitenote_note":"","_monsterinsights_sitenote_category":0,"footnotes":""},"categories":[5],"tags":[823,2057,742,1112],"class_list":["post-5137","post","type-post","status-publish","format-standard","has-post-thumbnail","hentry","category-sociedad","tag-hospital","tag-pacientes","tag-uti","tag-vicente-lopez"],"_links":{"self":[{"href":"https:\/\/www.visionweb.com.ar\/index.php?rest_route=\/wp\/v2\/posts\/5137","targetHints":{"allow":["GET"]}}],"collection":[{"href":"https:\/\/www.visionweb.com.ar\/index.php?rest_route=\/wp\/v2\/posts"}],"about":[{"href":"https:\/\/www.visionweb.com.ar\/index.php?rest_route=\/wp\/v2\/types\/post"}],"author":[{"embeddable":true,"href":"https:\/\/www.visionweb.com.ar\/index.php?rest_route=\/wp\/v2\/users\/3"}],"replies":[{"embeddable":true,"href":"https:\/\/www.visionweb.com.ar\/index.php?rest_route=%2Fwp%2Fv2%2Fcomments&post=5137"}],"version-history":[{"count":1,"href":"https:\/\/www.visionweb.com.ar\/index.php?rest_route=\/wp\/v2\/posts\/5137\/revisions"}],"predecessor-version":[{"id":5139,"href":"https:\/\/www.visionweb.com.ar\/index.php?rest_route=\/wp\/v2\/posts\/5137\/revisions\/5139"}],"wp:featuredmedia":[{"embeddable":true,"href":"https:\/\/www.visionweb.com.ar\/index.php?rest_route=\/wp\/v2\/media\/5138"}],"wp:attachment":[{"href":"https:\/\/www.visionweb.com.ar\/index.php?rest_route=%2Fwp%2Fv2%2Fmedia&parent=5137"}],"wp:term":[{"taxonomy":"category","embeddable":true,"href":"https:\/\/www.visionweb.com.ar\/index.php?rest_route=%2Fwp%2Fv2%2Fcategories&post=5137"},{"taxonomy":"post_tag","embeddable":true,"href":"https:\/\/www.visionweb.com.ar\/index.php?rest_route=%2Fwp%2Fv2%2Ftags&post=5137"}],"curies":[{"name":"wp","href":"https:\/\/api.w.org\/{rel}","templated":true}]}}