{"id":5131,"date":"2022-04-07T13:18:28","date_gmt":"2022-04-07T16:18:28","guid":{"rendered":"https:\/\/www.visionweb.com.ar\/?p=5131"},"modified":"2022-04-07T13:22:56","modified_gmt":"2022-04-07T16:22:56","slug":"desde-este-viernes-rigen-los-precios-para-comercios-e-cercania","status":"publish","type":"post","link":"https:\/\/www.visionweb.com.ar\/?p=5131","title":{"rendered":"Desde este viernes rigen los precios para comercios de cercan\u00eda"},"content":{"rendered":"<p><em><strong>El conflicto para implementar esta iniciativa se origin\u00f3 con el precio al que los minoristas reciben estos productos estos productos desde los mayoristas.<\/strong><\/em><!--more--><\/p>\n<div id=\"attachment_5134\" style=\"width: 310px\" class=\"wp-caption alignright\"><img loading=\"lazy\" decoding=\"async\" aria-describedby=\"caption-attachment-5134\" class=\"wp-image-5134 size-medium\" src=\"https:\/\/www.visionweb.com.ar\/wp-content\/uploads\/2022\/04\/PRECIOS-CUIDADOS-300x225.png\" alt=\"\" width=\"300\" height=\"225\" srcset=\"https:\/\/www.visionweb.com.ar\/wp-content\/uploads\/2022\/04\/PRECIOS-CUIDADOS-300x225.png 300w, https:\/\/www.visionweb.com.ar\/wp-content\/uploads\/2022\/04\/PRECIOS-CUIDADOS-320x240.png 320w, https:\/\/www.visionweb.com.ar\/wp-content\/uploads\/2022\/04\/PRECIOS-CUIDADOS.png 640w\" sizes=\"auto, (max-width: 300px) 100vw, 300px\" \/><p id=\"caption-attachment-5134\" class=\"wp-caption-text\"><strong><em>A partir de este viernes rige la canasta de 60 productos con precios cuidados para los comercios de cercan\u00eda.<\/em><\/strong><\/p><\/div>\n<p><strong>T<\/strong>ras meses de reclamos y espera, los comercios de cercan\u00eda por fin tendr\u00e1n la lista de 60 productos que se encuadran en el programa \u00abPrecios cuidados\u00bb y se podr\u00e1n integrar a los programas oficiales que apuntan a combatir la inflaci\u00f3n.<\/p>\n<p>El anuncio oficial fue comunicado por el titular de la secretar\u00eda de Comercio interior, Roberto Feletti, que hizo llegar a los almaceneros y supermercados chinos, el lunes \u00faltimo, que podr\u00e1n disponer de estos productos.<\/p>\n<p>El programa, que arrancar\u00e1 formalmente este viernes, llevar\u00eda como marca Precios Cuidados de Cercan\u00eda y tomar\u00e1 en cuenta 60 productos que tendr\u00e1n alcance nacional si se cumple el compromiso asumido por Feletti de que la mercader\u00eda llegar\u00e1 a todas las provincias al mismo precio, pese a los inconvenientes de log\u00edstica.<\/p>\n<p>El conflicto para implementar esta iniciativa se origin\u00f3 con el precio al que los minoristas reciben estos productos estos productos desde los mayoristas, sus proveedores, que se los vend\u00edan al valor final pautado en Precios Cuidados lo que les quitaba a los minoristas el margen de ganancia.<\/p>\n<p>Con relaci\u00f3n a los anuncios que se conocieron el lunes, Fernando Savori, presidente de la Federaci\u00f3n de Almaceneros de la provincia de Buenos Aires (FAPBA), expres\u00f3: Ya nos pas\u00f3 en programas anteriores donde el precio que ten\u00edamos que vender era el mismo que el del mayorista. Necesitamos lista de compra y de venta\u00bb.<\/p>\n<p>Asimismo, el titular de la\u00a0 FABA, en declaraciones a Eco Medios a\u00f1adi\u00f3 que: \u00abNosotros le planteamos al secretario de Roberto Felletti, detalles como nuestras rentabilidad, sin rentabilidad no podemos trabajar y, por otro lado tiene que haber una lista en la que se indique a cuanto tenemos que vender y cuanto tenemos que pagar por esos productos productos, porque cuando vamos al mayorista terminamos pagando cualquier cosa\u00bb.<\/p>\n<h3 style=\"text-align: center;\"><span style=\"color: #3366ff;\"><strong><em>Con el nuevo programa la minorista le quedar\u00e1 15% por los l\u00e1cteos y para el resto de los productos el 25%.<\/em><\/strong>\u00a0<\/span><\/h3>\n<p>De acuerdo a lo informado por la cartera nacional, Comercio Interior acord\u00f3 con los mayoristas una baja en los precios de venta de esos 60 productos afectados, y los minoristas podr\u00e1n sacar alg\u00fan r\u00e9dito.<\/p>\n<p>Seg\u00fan el presidente de la Federaci\u00f3n de Almaceneros de la provincia de Buenos Aires (FABA) , Fernando Savore, la rentabilidad que les quedar\u00e1 en el segmento de los l\u00e1cteos ser\u00e1 de 15%, en tanto que para el resto de la mercader\u00eda tocar\u00e1 el 25%, contra un costo operativo de 17%.<\/p>\n<p>Esta etapa del programa tendr\u00e1 90 d\u00edas de vigencia y, una vez vencido ese plazo, las partes se volver\u00e1n a juntar para discutir cambios en la conformaci\u00f3n y los precios de la canasta.<\/p>\n<p>Al no tener car\u00e1cter obligatorio, una de las principales preocupaciones del Gobierno es que el alcance de esta canasta no sea importante lo que conformar\u00eda un escenario que no le permitir\u00eda mostrar un avance importante en la lucha contra la inflaci\u00f3n.<\/p>\n<p>Por esto, y pese a que el reclamo por crear esta canasta surgi\u00f3 de los propios minoristas, el Gobierno pidi\u00f3 a las c\u00e1maras y federaciones del sector que logren el compromiso de sus asociados para contar con estos productos en sus comercios.<\/p>\n<p>Esta canasta quedar\u00e1 ahora empalmada a los Precios Cuidados de supermercados, ya que ambos arrancar\u00e1n el viernes y tendr\u00e1n una vigencia de 90 d\u00edas<strong>(VW)<\/strong>.<\/p>\n<p>&nbsp;<\/p>\n","protected":false},"excerpt":{"rendered":"<p>El conflicto para implementar esta iniciativa se origin\u00f3 con el precio al que los minoristas reciben estos productos estos productos desde los mayoristas.<\/p>\n","protected":false},"author":3,"featured_media":5134,"comment_status":"closed","ping_status":"closed","sticky":false,"template":"","format":"standard","meta":{"_monsterinsights_skip_tracking":false,"_monsterinsights_sitenote_active":false,"_monsterinsights_sitenote_note":"","_monsterinsights_sitenote_category":0,"footnotes":""},"categories":[3],"tags":[2055,2056,31],"class_list":["post-5131","post","type-post","status-publish","format-standard","has-post-thumbnail","hentry","category-actualidad","tag-60-productos","tag-margen","tag-precios-cuidados"],"_links":{"self":[{"href":"https:\/\/www.visionweb.com.ar\/index.php?rest_route=\/wp\/v2\/posts\/5131","targetHints":{"allow":["GET"]}}],"collection":[{"href":"https:\/\/www.visionweb.com.ar\/index.php?rest_route=\/wp\/v2\/posts"}],"about":[{"href":"https:\/\/www.visionweb.com.ar\/index.php?rest_route=\/wp\/v2\/types\/post"}],"author":[{"embeddable":true,"href":"https:\/\/www.visionweb.com.ar\/index.php?rest_route=\/wp\/v2\/users\/3"}],"replies":[{"embeddable":true,"href":"https:\/\/www.visionweb.com.ar\/index.php?rest_route=%2Fwp%2Fv2%2Fcomments&post=5131"}],"version-history":[{"count":2,"href":"https:\/\/www.visionweb.com.ar\/index.php?rest_route=\/wp\/v2\/posts\/5131\/revisions"}],"predecessor-version":[{"id":5136,"href":"https:\/\/www.visionweb.com.ar\/index.php?rest_route=\/wp\/v2\/posts\/5131\/revisions\/5136"}],"wp:featuredmedia":[{"embeddable":true,"href":"https:\/\/www.visionweb.com.ar\/index.php?rest_route=\/wp\/v2\/media\/5134"}],"wp:attachment":[{"href":"https:\/\/www.visionweb.com.ar\/index.php?rest_route=%2Fwp%2Fv2%2Fmedia&parent=5131"}],"wp:term":[{"taxonomy":"category","embeddable":true,"href":"https:\/\/www.visionweb.com.ar\/index.php?rest_route=%2Fwp%2Fv2%2Fcategories&post=5131"},{"taxonomy":"post_tag","embeddable":true,"href":"https:\/\/www.visionweb.com.ar\/index.php?rest_route=%2Fwp%2Fv2%2Ftags&post=5131"}],"curies":[{"name":"wp","href":"https:\/\/api.w.org\/{rel}","templated":true}]}}