{"id":5102,"date":"2022-04-05T17:40:26","date_gmt":"2022-04-05T20:40:26","guid":{"rendered":"https:\/\/www.visionweb.com.ar\/?p=5102"},"modified":"2022-04-05T17:40:26","modified_gmt":"2022-04-05T20:40:26","slug":"sesion-en-lanus-aprobaron-la-reforma-del-codigo-de-planeamiento-urbano-sin-el-frente-de-todos","status":"publish","type":"post","link":"https:\/\/www.visionweb.com.ar\/?p=5102","title":{"rendered":"Sesi\u00f3n en Lan\u00fas: Aprobaron la reforma del c\u00f3digo de planeamiento urbano, sin el Frente de Todos"},"content":{"rendered":"<p><em><strong>En la sesi\u00f3n de hoy martes, el Frente de Todos no baj\u00f3 al recinto y pidi\u00f3 debate p\u00fablico y colectivo para esta iniciativa.<\/strong><\/em><!--more--><\/p>\n<p><strong>\u00a0<\/strong><strong>\u00a0\u00a0 <img loading=\"lazy\" decoding=\"async\" class=\"size-full wp-image-5104 aligncenter\" src=\"https:\/\/www.visionweb.com.ar\/wp-content\/uploads\/2022\/04\/concejo-delib-lanus.bmp\" alt=\"\" width=\"510\" height=\"371\" \/>\u00a0\u00a0\u00a0\u00a0\u00a0\u00a0\u00a0\u00a0\u00a0 E<\/strong>l Concejo Deliberante de Lan\u00fas realiz\u00f3 este martes una sesi\u00f3n extraordinaria y aprob\u00f3 la modificaci\u00f3n del C\u00f3digo de Planeamiento Urbano y Edificaci\u00f3n del distrito, entre otros temas.\u00a0El bloque del Frente de Todos rechaz\u00f3 esta reforma y no baj\u00f3 al recinto.<\/p>\n<p>El proyecto aprobado, remarca la necesidad de ampliar las zonas de construcci\u00f3n debido a un aumento de la demanda ante el crecimiento demogr\u00e1fico del distrito. Asimismo, tambi\u00e9n prev\u00e9 ampliar las zonas gastron\u00f3micas y centros comerciales. Todo de manera ordenada.<\/p>\n<p>Pero, el bloque del Frente de Todos <strong>rechaz\u00f3 el proyecto<\/strong>\u00a0porque considera que crear\u00e1 \u201cmayor cantidad de edificios con mayor altura en el distrito m\u00e1s densamente poblado de la Argentina, donde faltan plazas y espacios verdes; adem\u00e1s del incremento de inundaciones, cortes de luz y contaminaci\u00f3n, entre otras problem\u00e1ticas\u201d.<\/p>\n<p>En v\u00edsperas de la sesi\u00f3n,\u00a0ya el FdT hab\u00eda advertido que el nuevo c\u00f3digo de planificaci\u00f3n adem\u00e1s \u201cintenta favorecer el negocio inmobiliario especulativo, sin contemplar las condiciones de vida y el acceso a los servicios para toda la poblaci\u00f3n\u201d.<\/p>\n<p>En ese sentido, un comunicado del bloque indica que: \u201cDesde el Frente de Todos\u00a0pedimos un informe de impacto ambiental y exigimos la convocatoria de distintos sectores de la comunidad para debatir p\u00fablica y colectivamente este proyecto, pero el macrismo local desestim\u00f3 las iniciativas\u201d.<\/p>\n<p>El comunicado del FdT lleva las firmas de: Natalia Gradaschi, Agust\u00edn Balladares, Gabriel Sandoval, Jesica Flores Barrios, Karina Nazabal, Ana Laura Rodr\u00edguez, Juli\u00e1n \u00c1lvarez, V\u00edctor De Gennaro, Marcela Barberio, Diego Martirian y Hugo De Gregorio. <strong>(VW)<\/strong><\/p>\n<p>&nbsp;<\/p>\n","protected":false},"excerpt":{"rendered":"<p>En la sesi\u00f3n de hoy martes, el Frente de Todos no baj\u00f3 al recinto y pidi\u00f3 debate p\u00fablico y colectivo para esta iniciativa.<\/p>\n","protected":false},"author":4,"featured_media":5104,"comment_status":"closed","ping_status":"closed","sticky":false,"template":"","format":"standard","meta":{"_monsterinsights_skip_tracking":false,"_monsterinsights_sitenote_active":false,"_monsterinsights_sitenote_note":"","_monsterinsights_sitenote_category":0,"footnotes":""},"categories":[4],"tags":[2038,1862,19,2039,2040],"class_list":["post-5102","post","type-post","status-publish","format-standard","has-post-thumbnail","hentry","category-politica","tag-codigo-de-planeamiento-urbano","tag-concejo-deliberante","tag-lanus","tag-sesion","tag-sin-el-fdt"],"_links":{"self":[{"href":"https:\/\/www.visionweb.com.ar\/index.php?rest_route=\/wp\/v2\/posts\/5102","targetHints":{"allow":["GET"]}}],"collection":[{"href":"https:\/\/www.visionweb.com.ar\/index.php?rest_route=\/wp\/v2\/posts"}],"about":[{"href":"https:\/\/www.visionweb.com.ar\/index.php?rest_route=\/wp\/v2\/types\/post"}],"author":[{"embeddable":true,"href":"https:\/\/www.visionweb.com.ar\/index.php?rest_route=\/wp\/v2\/users\/4"}],"replies":[{"embeddable":true,"href":"https:\/\/www.visionweb.com.ar\/index.php?rest_route=%2Fwp%2Fv2%2Fcomments&post=5102"}],"version-history":[{"count":2,"href":"https:\/\/www.visionweb.com.ar\/index.php?rest_route=\/wp\/v2\/posts\/5102\/revisions"}],"predecessor-version":[{"id":5105,"href":"https:\/\/www.visionweb.com.ar\/index.php?rest_route=\/wp\/v2\/posts\/5102\/revisions\/5105"}],"wp:featuredmedia":[{"embeddable":true,"href":"https:\/\/www.visionweb.com.ar\/index.php?rest_route=\/wp\/v2\/media\/5104"}],"wp:attachment":[{"href":"https:\/\/www.visionweb.com.ar\/index.php?rest_route=%2Fwp%2Fv2%2Fmedia&parent=5102"}],"wp:term":[{"taxonomy":"category","embeddable":true,"href":"https:\/\/www.visionweb.com.ar\/index.php?rest_route=%2Fwp%2Fv2%2Fcategories&post=5102"},{"taxonomy":"post_tag","embeddable":true,"href":"https:\/\/www.visionweb.com.ar\/index.php?rest_route=%2Fwp%2Fv2%2Ftags&post=5102"}],"curies":[{"name":"wp","href":"https:\/\/api.w.org\/{rel}","templated":true}]}}