{"id":5093,"date":"2022-04-04T18:00:12","date_gmt":"2022-04-04T21:00:12","guid":{"rendered":"https:\/\/www.visionweb.com.ar\/?p=5093"},"modified":"2022-04-04T18:01:02","modified_gmt":"2022-04-04T21:01:02","slug":"alimentos-reunion-clave-y-nueva-etapa-de-precios-cuidados","status":"publish","type":"post","link":"https:\/\/www.visionweb.com.ar\/?p=5093","title":{"rendered":"Alimentos: Reuni\u00f3n clave y nueva etapa de Precios Cuidados"},"content":{"rendered":"<p><strong><em>El Gobierno se reunir\u00e1 este martes\u00a0 con la UIA y la CGT. El jueves se lanza la canasta para comercios de proximidad.<\/em><\/strong><!--more--><\/p>\n<div id=\"attachment_1274\" style=\"width: 559px\" class=\"wp-caption alignright\"><img loading=\"lazy\" decoding=\"async\" aria-describedby=\"caption-attachment-1274\" class=\"wp-image-1274 size-full\" src=\"https:\/\/www.visionweb.com.ar\/wp-content\/uploads\/2021\/03\/Rotulos-alimentos.bmp\" alt=\"\" width=\"549\" height=\"351\" \/><p id=\"caption-attachment-1274\" class=\"wp-caption-text\"><em><strong>El jueves se conocer\u00e1 la canasta de 60 productos que se vender\u00e1n en los comercios de cercan\u00eda. <\/strong><\/em><\/p><\/div>\n<p><strong>\u00a0 \u00a0E<\/strong>l Gobierno tendr\u00e1 este martes otra reuni\u00f3n clave con referentes de la Uni\u00f3n Industrial Argentina (UIA) y de la Confederaci\u00f3n General del Trabajo (CGT).<\/p>\n<p>El encuentro se realiza en el marco de la \u201cguerra contra la inflaci\u00f3n\u201d, y el jueves anunciar\u00e1 la nueva etapa del programa Precios Cuidados.<\/p>\n<p>La reuni\u00f3n del martes ser\u00e1 la continuidad de la mesa de trabajo que se cre\u00f3 la semana pasada en el encuentro entre los ministros de Econom\u00eda, Mart\u00edn Guzm\u00e1n; de Desarrollo Productivo, Mat\u00edas Kulfas; y de Trabajo, Claudio Moroni, con autoridades de la UIA y la CGT.<\/p>\n<p>Hoy, Kulfas dijo que se buscar\u00e1 \u201campliar esa mesa de trabajo\u201d. \u201cVamos a sentarnos a negociar, esta semana, con sindicalistas y empresarios para que los salarios no pierdan frente a la inflaci\u00f3n\u201d, sostuvo en di\u00e1logo con Radio 10.<\/p>\n<p>Por otro lado, el jueves la Secretar\u00eda de Comercio Interior lanzar\u00e1 la nueva etapa del programa Precios Cuidados que incluir\u00e1 una canasta de 60 productos para comercios de proximidad.<\/p>\n<h3 style=\"text-align: center;\"><span style=\"color: #3366ff;\"><strong><em>El jueves se conocer\u00e1 la canasta de 60 productos que se vender\u00e1n en los comercios de cercan\u00eda.<\/em><\/strong><\/span><\/h3>\n<p>\u201cEstamos viendo que la inversi\u00f3n viene muy s\u00f3lida y se han recuperado la industria, el comercio y el turismo. Los salarios crecen pero la inflaci\u00f3n se come la recuperaci\u00f3n y en eso estamos trabajando\u201d, evalu\u00f3 hoy Kulfas la situaci\u00f3n de la econom\u00eda argentina.<\/p>\n<p>El ministro explic\u00f3 que \u201clo que m\u00e1s ha crecido en precio son los productos frescos\u201d y detall\u00f3 que estos no se encuentran dentro de la canasta de Precios cuidados.<\/p>\n<p>\u201cLos productos frescos tienen que ver con los costos de log\u00edstica, de mantenimiento porque muchos dependen de la cadena de fr\u00edo y de la producci\u00f3n que est\u00e1 atomizada en peque\u00f1os productores y no hay grandes jugadores\u201d, detall\u00f3.<\/p>\n<p>Y agreg\u00f3: \u201cEsto requiere de una atenci\u00f3n y an\u00e1lisis especial donde debemos abordar el problema de una producci\u00f3n a mayor escala pero, por ahora, no vamos a incluirlos en el programa de Precios Cuidados\u201d<strong>(VW)<\/strong><\/p>\n","protected":false},"excerpt":{"rendered":"<p>El Gobierno se reunir\u00e1 este martes\u00a0 con la UIA y la CGT. El jueves se lanza la canasta para comercios de proximidad.<\/p>\n","protected":false},"author":3,"featured_media":1274,"comment_status":"closed","ping_status":"closed","sticky":false,"template":"","format":"standard","meta":{"_monsterinsights_skip_tracking":false,"_monsterinsights_sitenote_active":false,"_monsterinsights_sitenote_note":"","_monsterinsights_sitenote_category":0,"footnotes":""},"categories":[6],"tags":[2032,766,192,1774],"class_list":["post-5093","post","type-post","status-publish","format-standard","has-post-thumbnail","hentry","category-economia","tag-cgt","tag-kulfas","tag-productos","tag-uia"],"_links":{"self":[{"href":"https:\/\/www.visionweb.com.ar\/index.php?rest_route=\/wp\/v2\/posts\/5093","targetHints":{"allow":["GET"]}}],"collection":[{"href":"https:\/\/www.visionweb.com.ar\/index.php?rest_route=\/wp\/v2\/posts"}],"about":[{"href":"https:\/\/www.visionweb.com.ar\/index.php?rest_route=\/wp\/v2\/types\/post"}],"author":[{"embeddable":true,"href":"https:\/\/www.visionweb.com.ar\/index.php?rest_route=\/wp\/v2\/users\/3"}],"replies":[{"embeddable":true,"href":"https:\/\/www.visionweb.com.ar\/index.php?rest_route=%2Fwp%2Fv2%2Fcomments&post=5093"}],"version-history":[{"count":2,"href":"https:\/\/www.visionweb.com.ar\/index.php?rest_route=\/wp\/v2\/posts\/5093\/revisions"}],"predecessor-version":[{"id":5095,"href":"https:\/\/www.visionweb.com.ar\/index.php?rest_route=\/wp\/v2\/posts\/5093\/revisions\/5095"}],"wp:featuredmedia":[{"embeddable":true,"href":"https:\/\/www.visionweb.com.ar\/index.php?rest_route=\/wp\/v2\/media\/1274"}],"wp:attachment":[{"href":"https:\/\/www.visionweb.com.ar\/index.php?rest_route=%2Fwp%2Fv2%2Fmedia&parent=5093"}],"wp:term":[{"taxonomy":"category","embeddable":true,"href":"https:\/\/www.visionweb.com.ar\/index.php?rest_route=%2Fwp%2Fv2%2Fcategories&post=5093"},{"taxonomy":"post_tag","embeddable":true,"href":"https:\/\/www.visionweb.com.ar\/index.php?rest_route=%2Fwp%2Fv2%2Ftags&post=5093"}],"curies":[{"name":"wp","href":"https:\/\/api.w.org\/{rel}","templated":true}]}}