{"id":5090,"date":"2022-04-04T17:45:01","date_gmt":"2022-04-04T20:45:01","guid":{"rendered":"https:\/\/www.visionweb.com.ar\/?p=5090"},"modified":"2022-04-04T17:45:01","modified_gmt":"2022-04-04T20:45:01","slug":"horacio-rodriguez-larreta-las-islas-malvinas-fueron-son-y-seran-argentinas","status":"publish","type":"post","link":"https:\/\/www.visionweb.com.ar\/?p=5090","title":{"rendered":"Horacio Rodr\u00edguez Larreta: \u00abLas Islas Malvinas fueron, son y ser\u00e1n argentinas\u00bb"},"content":{"rendered":"<p><strong><em>El Jefe de Gobierno porte\u00f1o encabez\u00f3 el inicio de los homenajes de la Ciudad a los soldados ca\u00eddos y veteranos de la guerra en el 40\u00b0 aniversario.<\/em><\/strong><!--more--><\/p>\n<div id=\"attachment_5091\" style=\"width: 310px\" class=\"wp-caption alignright\"><img loading=\"lazy\" decoding=\"async\" aria-describedby=\"caption-attachment-5091\" class=\"wp-image-5091 size-medium\" src=\"https:\/\/www.visionweb.com.ar\/wp-content\/uploads\/2022\/04\/MALVINAS-300x198.png\" alt=\"\" width=\"300\" height=\"198\" srcset=\"https:\/\/www.visionweb.com.ar\/wp-content\/uploads\/2022\/04\/MALVINAS-300x198.png 300w, https:\/\/www.visionweb.com.ar\/wp-content\/uploads\/2022\/04\/MALVINAS.png 696w\" sizes=\"auto, (max-width: 300px) 100vw, 300px\" \/><p id=\"caption-attachment-5091\" class=\"wp-caption-text\"><em><strong>El Jefe del Gobierno Porte\u00f1o, junto a Veteranos de Guerra participa del izado de la bandera argentina. <\/strong><\/em><\/p><\/div>\n<p><strong>E<\/strong>l jefe de Gobierno porte\u00f1o,\u00a0<a href=\"https:\/\/www.facebook.com\/horaciorodriguezlarreta\">Horacio Rodr\u00edguez Larreta<\/a>, encabez\u00f3 el inicio de los homenajes de la Ciudad a los soldados ca\u00eddos y veteranos de la\u00a0<a href=\"https:\/\/www.buenosaires.gob.ar\/laciudad\/noticias\/rodriguez-larreta-anuncio-la-agenda-por-el-40deg-aniversario-de-malvinas\">Guerra de Malvinas en su 40\u00b0 aniversario<\/a>.<\/p>\n<p>El homenaje fue encabezado jefe porte\u00f1o en un acto que se realiz\u00f3 en\u00a0 el <strong>Paseo Islas Malvinas<\/strong>, dentro del Parque Indoamericano y, al hablar, defendi\u00f3 la soberan\u00eda sobre las Islas: <strong>\u201cLas Malvinas fueron, son y ser\u00e1n argentinas\u201d<\/strong>, dijo.<\/p>\n<p>\u201cEl compromiso por la defensa de la soberan\u00eda de las Islas vive en todos nosotros. Es un principio del Derecho Internacional que est\u00e1 siendo vulnerado. La ocupaci\u00f3n brit\u00e1nica es ileg\u00edtima y es ilegal. Nuestro reclamo es leg\u00edtimo y es imprescriptible\u201d subray\u00f3 el mandatario.<\/p>\n<p>\u201cHoy se cumplen 40 a\u00f1os de la Guerra de Malvinas, que es un hecho que se llev\u00f3 la vida de 649 soldados y que marc\u00f3 para siempre la vida de muchos m\u00e1s. Ellos son los verdaderos h\u00e9roes de nuestra patria\u00bb, puntualiz\u00f3.<\/p>\n<p>En esa l\u00ednea, destac\u00f3: \u201cNo hay diferencias en el sentimiento que esto nos genera a todos los argentinos. Cada 2 de abril tenemos una causa que nos encuentra y nos encontrar\u00e1 siempre juntos, que es lo que la Argentina necesita\u201d.<\/p>\n<p>\u201cEn la Ciudad desde hoy, y hasta el 14 de junio, vamos a homenajear a los soldados ca\u00eddos, a los veteranos y a sus familias con actividades para poner a la luz sus historias de vida. Hoy empezamos con el descubrimiento de una placa que es un homenaje de la Legislatura a nuestros h\u00e9roes y la semana que viene vamos a tener ciclos culturales, exhibiciones, obras de teatro, proyecciones audiovisuales y actividades en escuelas\u201d, sostuvo.<\/p>\n<p>\u201cEsta fecha nos invita a reflexionar. No solo del pasado y del presente que vivimos, pero sobre todo del futuro que queremos construir como pa\u00eds. En 1982 toda una sociedad padeci\u00f3 el dolor que nos trajo la guerra y esto nos deja una lecci\u00f3n: nunca m\u00e1s podemos permitir que las disputas escalen a conflictos b\u00e9licos\u201d, continu\u00f3.<\/p>\n<h3 style=\"text-align: center;\"><span style=\"color: #3366ff;\"><strong><em>El Gobierno de la Ciudad llevar\u00e1 adelante una agenda de m\u00faltiples actividades bajo el lema \u00abSiempre Malvinas\u00bb<\/em><\/strong><\/span><\/h3>\n<p>\u201cTenemos que apostar a la soluci\u00f3n pac\u00edfica de las controversias, a que las disputas se resuelvan siempre por la v\u00eda diplom\u00e1tica. Es importante, sobre todo decirlo hoy con lo que est\u00e1 sufriendo el mundo por la invasi\u00f3n de Ucrania\u00bb, concluy\u00f3 Rodr\u00edguez Larreta.<\/p>\n<p>Tambi\u00e9n estuvieron junto a los veteranos de la Guerra de Malvinas el vicepresidente primero de la Legislatura porte\u00f1a,\u00a0<strong>Emmanuel Ferrario<\/strong>, adem\u00e1s de funcionarios del Gobierno Porte\u00f1o y legisladores.<\/p>\n<p>En otro orden de temas, el Gobierno de la Ciudad llevar\u00e1 adelante una agenda de m\u00faltiples actividades bajo el lema <strong>\u00abSiempre Malvinas\u00bb<\/strong>, que reafirma el compromiso con el reclamo por el ejercicio pleno de la soberan\u00eda argentina sobre las Islas Malvinas, Georgias del Sur y Sandwich del Sur y los espacios mar\u00edtimos e insulares correspondientes.<\/p>\n<p>La propuesta es un homenaje a los ca\u00eddos de la guerra, los veteranos y sus familias a trav\u00e9s de una serie de actividades conmemorativas, educativas, culturales y recorridos hist\u00f3ricos abiertos al p\u00fablico. La programaci\u00f3n se encuentra disponible en el sitio web\u00a0<a href=\"https:\/\/www.buenosaires.gob.ar\/buenosaires.gob.ar\/siempremalvinas\">Siempre Malvinas<\/a>.<\/p>\n<h3>Paseo de las Malvinas<\/h3>\n<p>El Paseo Islas Malvinas fue puesto en valor con la renovaci\u00f3n de la carteler\u00eda y la colocaci\u00f3n de nuevas placas en los \u00e1rboles donde se encuentra grabado el nombre de cada uno de los soldados ca\u00eddos. Adem\u00e1s, se mejoraron los senderos para facilitar el acceso.<\/p>\n<p>El predio tiene 10 hect\u00e1reas, un m\u00e1stil de 30 metros de altura con una bandera Argentina y una base de 20 metros de di\u00e1metro. Tambi\u00e9n incluye una capilla y una llama votiva eterna<strong>(VW)<\/strong>.<\/p>\n","protected":false},"excerpt":{"rendered":"<p>El Jefe de Gobierno porte\u00f1o encabez\u00f3 el inicio de los homenajes de la Ciudad a los soldados ca\u00eddos y veteranos de la guerra en el 40\u00b0 aniversario.<\/p>\n","protected":false},"author":3,"featured_media":5091,"comment_status":"closed","ping_status":"closed","sticky":false,"template":"","format":"standard","meta":{"_monsterinsights_skip_tracking":false,"_monsterinsights_sitenote_active":false,"_monsterinsights_sitenote_note":"","_monsterinsights_sitenote_category":0,"footnotes":""},"categories":[3],"tags":[2031,2030],"class_list":["post-5090","post","type-post","status-publish","format-standard","has-post-thumbnail","hentry","category-actualidad","tag-parque-indoamericano","tag-paseo-de-las-malvinas"],"_links":{"self":[{"href":"https:\/\/www.visionweb.com.ar\/index.php?rest_route=\/wp\/v2\/posts\/5090","targetHints":{"allow":["GET"]}}],"collection":[{"href":"https:\/\/www.visionweb.com.ar\/index.php?rest_route=\/wp\/v2\/posts"}],"about":[{"href":"https:\/\/www.visionweb.com.ar\/index.php?rest_route=\/wp\/v2\/types\/post"}],"author":[{"embeddable":true,"href":"https:\/\/www.visionweb.com.ar\/index.php?rest_route=\/wp\/v2\/users\/3"}],"replies":[{"embeddable":true,"href":"https:\/\/www.visionweb.com.ar\/index.php?rest_route=%2Fwp%2Fv2%2Fcomments&post=5090"}],"version-history":[{"count":1,"href":"https:\/\/www.visionweb.com.ar\/index.php?rest_route=\/wp\/v2\/posts\/5090\/revisions"}],"predecessor-version":[{"id":5092,"href":"https:\/\/www.visionweb.com.ar\/index.php?rest_route=\/wp\/v2\/posts\/5090\/revisions\/5092"}],"wp:featuredmedia":[{"embeddable":true,"href":"https:\/\/www.visionweb.com.ar\/index.php?rest_route=\/wp\/v2\/media\/5091"}],"wp:attachment":[{"href":"https:\/\/www.visionweb.com.ar\/index.php?rest_route=%2Fwp%2Fv2%2Fmedia&parent=5090"}],"wp:term":[{"taxonomy":"category","embeddable":true,"href":"https:\/\/www.visionweb.com.ar\/index.php?rest_route=%2Fwp%2Fv2%2Fcategories&post=5090"},{"taxonomy":"post_tag","embeddable":true,"href":"https:\/\/www.visionweb.com.ar\/index.php?rest_route=%2Fwp%2Fv2%2Ftags&post=5090"}],"curies":[{"name":"wp","href":"https:\/\/api.w.org\/{rel}","templated":true}]}}