{"id":5082,"date":"2022-04-04T15:41:58","date_gmt":"2022-04-04T18:41:58","guid":{"rendered":"https:\/\/www.visionweb.com.ar\/?p=5082"},"modified":"2022-04-04T15:41:58","modified_gmt":"2022-04-04T18:41:58","slug":"lanus-el-puente-de-remedios-de-escalada-se-llamara-madres-de-malvinas","status":"publish","type":"post","link":"https:\/\/www.visionweb.com.ar\/?p=5082","title":{"rendered":"Lan\u00fas: El puente de Remedios de Escalada se llamar\u00e1 \u201cMadres de Malvinas\u201d"},"content":{"rendered":"<p><em><strong>El Concejo Deliberante de Lan\u00fas rindi\u00f3 homenaje a ex combatientes y ca\u00eddos en Malvinas, tambi\u00e9n con una placa conmemorativa en el Sal\u00f3n de los Pasos Perdidos.<\/strong><\/em><!--more--><\/p>\n<p><strong> <img loading=\"lazy\" decoding=\"async\" class=\"size-full wp-image-5084 aligncenter\" src=\"https:\/\/www.visionweb.com.ar\/wp-content\/uploads\/2022\/04\/puentes-escalada.bmp\" alt=\"\" width=\"687\" height=\"387\" \/>\u00a0\u00a0\u00a0\u00a0\u00a0\u00a0\u00a0\u00a0\u00a0 <\/strong><strong>E<\/strong>l Concejo Deliberante de Lan\u00fas aprob\u00f3 un proyecto de ordenanza para que el Puente que une la avenida Hip\u00f3lito Yrigoyen y 29 de Septiembre, sea denominado \u201cMadres de Malvinas\u201d. Fue en el marco de los 40 a\u00f1os de la Guerra de Malvinas.<\/p>\n<p>En la sesi\u00f3n que se realiz\u00f3 el viernes 1\u00ba,\u00a0el Concejo rindi\u00f3 homenaje a ex combatientes y ca\u00eddos en las islas, \u00a0y aprobaron dos expedientes vinculados a este tema.<\/p>\n<p>Se aprob\u00f3 el proyecto de ordenanza para nombrar \u201cPuente Madres de Malvinas\u201d al conocido Puente de Escalada, que une la avenida Hip\u00f3lito Yrigoyen, con 29 de Septiembre en el este de la ciudad. Este paso es la reciente v\u00eda de acceso que reemplaz\u00f3 al viejo puente, que se lo sol\u00eda denominar \u201cCarretero\u201d.<\/p>\n<p>El segundo expediente hace referencia a la colocaci\u00f3n de una placa en homenaje a los veteranos, ca\u00eddos y mujeres de Malvinas por el 40\u00b0 Aniversario de la Guerra de Malvinas en el Sal\u00f3n \u201cPasos Perdidos\u201d del Concejo. <strong>(VW)<\/strong><\/p>\n<p>&nbsp;<\/p>\n<p>&nbsp;<\/p>\n","protected":false},"excerpt":{"rendered":"<p>El Concejo Deliberante de Lan\u00fas rindi\u00f3 homenaje a ex combatientes y ca\u00eddos en Malvinas, tambi\u00e9n con una placa conmemorativa en el Sal\u00f3n de los Pasos Perdidos.<\/p>\n","protected":false},"author":4,"featured_media":5084,"comment_status":"closed","ping_status":"closed","sticky":false,"template":"","format":"standard","meta":{"_monsterinsights_skip_tracking":false,"_monsterinsights_sitenote_active":false,"_monsterinsights_sitenote_note":"","_monsterinsights_sitenote_category":0,"footnotes":""},"categories":[8],"tags":[1862,19,2028,2027],"class_list":["post-5082","post","type-post","status-publish","format-standard","has-post-thumbnail","hentry","category-interes-general","tag-concejo-deliberante","tag-lanus","tag-puente-madres-de-malinas","tag-puente-rmedios-de-escalada"],"_links":{"self":[{"href":"https:\/\/www.visionweb.com.ar\/index.php?rest_route=\/wp\/v2\/posts\/5082","targetHints":{"allow":["GET"]}}],"collection":[{"href":"https:\/\/www.visionweb.com.ar\/index.php?rest_route=\/wp\/v2\/posts"}],"about":[{"href":"https:\/\/www.visionweb.com.ar\/index.php?rest_route=\/wp\/v2\/types\/post"}],"author":[{"embeddable":true,"href":"https:\/\/www.visionweb.com.ar\/index.php?rest_route=\/wp\/v2\/users\/4"}],"replies":[{"embeddable":true,"href":"https:\/\/www.visionweb.com.ar\/index.php?rest_route=%2Fwp%2Fv2%2Fcomments&post=5082"}],"version-history":[{"count":2,"href":"https:\/\/www.visionweb.com.ar\/index.php?rest_route=\/wp\/v2\/posts\/5082\/revisions"}],"predecessor-version":[{"id":5085,"href":"https:\/\/www.visionweb.com.ar\/index.php?rest_route=\/wp\/v2\/posts\/5082\/revisions\/5085"}],"wp:featuredmedia":[{"embeddable":true,"href":"https:\/\/www.visionweb.com.ar\/index.php?rest_route=\/wp\/v2\/media\/5084"}],"wp:attachment":[{"href":"https:\/\/www.visionweb.com.ar\/index.php?rest_route=%2Fwp%2Fv2%2Fmedia&parent=5082"}],"wp:term":[{"taxonomy":"category","embeddable":true,"href":"https:\/\/www.visionweb.com.ar\/index.php?rest_route=%2Fwp%2Fv2%2Fcategories&post=5082"},{"taxonomy":"post_tag","embeddable":true,"href":"https:\/\/www.visionweb.com.ar\/index.php?rest_route=%2Fwp%2Fv2%2Ftags&post=5082"}],"curies":[{"name":"wp","href":"https:\/\/api.w.org\/{rel}","templated":true}]}}