{"id":5077,"date":"2022-04-04T15:07:46","date_gmt":"2022-04-04T18:07:46","guid":{"rendered":"https:\/\/www.visionweb.com.ar\/?p=5077"},"modified":"2022-04-04T15:07:46","modified_gmt":"2022-04-04T18:07:46","slug":"retorno-de-los-empleados-publicos-a-la-presencialidad","status":"publish","type":"post","link":"https:\/\/www.visionweb.com.ar\/?p=5077","title":{"rendered":"Retorno de los empleados p\u00fablicos a la presencialidad"},"content":{"rendered":"<p><em><strong>A partir del 1\u00b0 de mayo la administraci\u00f3n p\u00fablica volver\u00e1 a la presencialidad completa.<\/strong><\/em><!--more--><\/p>\n<p><strong><img loading=\"lazy\" decoding=\"async\" class=\"size-full wp-image-5079 aligncenter\" src=\"https:\/\/www.visionweb.com.ar\/wp-content\/uploads\/2022\/04\/oficinas-presencialidad-2.bmp\" alt=\"\" width=\"538\" height=\"272\" \/>E<\/strong>l Gobierno nacional estableci\u00f3 este lunes que el 1\u00b0 de mayo ser\u00e1 la fecha l\u00edmite para disponer el retorno de los trabajadores de la administraci\u00f3n p\u00fablica a la presencialidad, despu\u00e9s de la serie de Decretos de Necesidad y Urgencia (DNU) que establecieron la modalidad remota a causa de la pandemia de coronavirus.<\/p>\n<p>A trav\u00e9s de la Resoluci\u00f3n 58\/2022 publicada en el Bolet\u00edn Oficial, la Secretar\u00eda de Gesti\u00f3n y Empleo P\u00fablico de la Jefatura de Gabinete estableci\u00f3 que \u00abantes del 1\u00ba de mayo de 2022 cada jurisdicci\u00f3n, organismo y entidad de la administraci\u00f3n p\u00fablica nacional deber\u00e1 disponer el retorno a la modalidad de prestaci\u00f3n de servicios que era habitual en forma previa a la vigencia del Decreto N\u00ba 260 de fecha 12 de marzo de 2020 y sus modificatorios\u00bb.<\/p>\n<p>La secretaria de Gesti\u00f3n y Empleo P\u00fablico,\u00a0Ana Gabriela Castellani, asegur\u00f3 que esta resoluci\u00f3n \u00abno es un capricho\u00bb sino que es parte de las nuevas recomendaciones que estableci\u00f3 el Consejo Federal de Salud y que refrend\u00f3 en una resoluci\u00f3n el Ministerio de Salud.<\/p>\n<p>\u00abLos cuidados en esta nueva etapa se establecen con ventilaci\u00f3n simple y no cruzada, con uso de barbijo y con eliminaci\u00f3n de la obligatoriedad de dejar dos metros de distancia entre los puestos de trabajo. As\u00ed que ya estamos en condiciones de hacer una vuelta a la presencialidad completa en todos los edificios\u00bb, afirm\u00f3 la funcionaria en declaraciones a T\u00e9lam Radio.<\/p>\n<p>Adem\u00e1s, se dispuso que quedan \u00abexceptuadas\u00bb de la implementaci\u00f3n de esta medida aquellas personas que acrediten documentaci\u00f3n m\u00e9dica por pertenecer a grupos de riesgos establecidos en el \u00abart\u00edculo 3\u00b0, incisos V y VI, de la Resoluci\u00f3n del Ministerio de Salud N\u00b0 627 del 19 de marzo de 2020\u00bb.<\/p>\n<p>Por otra parte, la Secretar\u00eda de Trabajo llam\u00f3 a mantener presentes las \u00abrecomendaciones de cuidado generales para la prevenci\u00f3n de Covid-19 y otras enfermedades respiratorias agudas\u00bb.<\/p>\n<p><a href=\"https:\/\/www.visionweb.com.ar\/wp-content\/uploads\/2022\/04\/oficinas-con-presencialidad.bmp\"><img loading=\"lazy\" decoding=\"async\" class=\"size-full wp-image-5080 aligncenter\" src=\"https:\/\/www.visionweb.com.ar\/wp-content\/uploads\/2022\/04\/oficinas-con-presencialidad.bmp\" alt=\"\" width=\"636\" height=\"345\" \/><\/a>\u00abAquellos trabajadores que tengan diagn\u00f3stico de Covid-19 que no hayan requerido internaci\u00f3n podr\u00e1n reincorporarse a sus lugares de trabajo sin necesidad de presentar resultado de test negativo ni certificado de alta seg\u00fan los criterios establecidos por el Ministerio de Salud\u00bb, detall\u00f3 la resoluci\u00f3n, que lleva la firma de la titular del \u00e1rea,\u00a0Ana Gabriela Castellani.<\/p>\n<p>En tanto, el Poder Ejecutivo estableci\u00f3 que las oficinas responsables de Recursos Humanos \u00abdeber\u00e1n solicitar a los trabajadores el Certificado de Vacunaci\u00f3n\u00bb, mientras que aquellas personas que hayan optado por no inocularse \u00abrecibir\u00e1n asesoramiento del Departamento de Sanidad, o su equivalente\u00bb en cada organismo, a fin de \u00abobtener informaci\u00f3n sobre las ventajas y posibles desventajas de la vacunaci\u00f3n en su caso puntual\u00bb.<\/p>\n<p>\u00abDe continuar con la decisi\u00f3n de no vacunarse, deber\u00e1n cumplir con sus prestaciones en la modalidad de servicios que era habitual en forma previa a la vigencia del Decreto N\u00ba 260\/20 y sus modificatorios, y firmar un consentimiento informado, con car\u00e1cter de Declaraci\u00f3n Jurada, expresando que han recibido y comprendido la informaci\u00f3n vinculada a la vacunaci\u00f3n, que asumen toda responsabilidad derivada de la conducta que adopten, y que se comprometen a tomar los recaudos necesarios para evitar los perjuicios que su decisi\u00f3n pudiere ocasionar al normal desempe\u00f1o del equipo de trabajo que integran\u00bb, a\u00f1adi\u00f3 el texto.<\/p>\n<p>Finalmente, la Secretar\u00eda de Gesti\u00f3n y Empleo P\u00fablico dictamin\u00f3 que aquellos trabajadores que no cumplan con la modalidad de servicios exigible \u00abser\u00e1n pasibles de las sanciones que correspondan de conformidad con el r\u00e9gimen disciplinario aplicable\u00bb. <strong>(VW)<\/strong><\/p>\n<p>&nbsp;<\/p>\n","protected":false},"excerpt":{"rendered":"<p>A partir del 1\u00b0 de mayo la administraci\u00f3n p\u00fablica volver\u00e1 a la presencialidad completa.<\/p>\n","protected":false},"author":4,"featured_media":5080,"comment_status":"closed","ping_status":"closed","sticky":false,"template":"","format":"standard","meta":{"_monsterinsights_skip_tracking":false,"_monsterinsights_sitenote_active":false,"_monsterinsights_sitenote_note":"","_monsterinsights_sitenote_category":0,"footnotes":""},"categories":[3,5],"tags":[2026,2024,2025],"class_list":["post-5077","post","type-post","status-publish","format-standard","has-post-thumbnail","hentry","category-actualidad","category-sociedad","tag-castellani","tag-presencialidad-empleados-publicos","tag-resolucion-582022"],"_links":{"self":[{"href":"https:\/\/www.visionweb.com.ar\/index.php?rest_route=\/wp\/v2\/posts\/5077","targetHints":{"allow":["GET"]}}],"collection":[{"href":"https:\/\/www.visionweb.com.ar\/index.php?rest_route=\/wp\/v2\/posts"}],"about":[{"href":"https:\/\/www.visionweb.com.ar\/index.php?rest_route=\/wp\/v2\/types\/post"}],"author":[{"embeddable":true,"href":"https:\/\/www.visionweb.com.ar\/index.php?rest_route=\/wp\/v2\/users\/4"}],"replies":[{"embeddable":true,"href":"https:\/\/www.visionweb.com.ar\/index.php?rest_route=%2Fwp%2Fv2%2Fcomments&post=5077"}],"version-history":[{"count":2,"href":"https:\/\/www.visionweb.com.ar\/index.php?rest_route=\/wp\/v2\/posts\/5077\/revisions"}],"predecessor-version":[{"id":5081,"href":"https:\/\/www.visionweb.com.ar\/index.php?rest_route=\/wp\/v2\/posts\/5077\/revisions\/5081"}],"wp:featuredmedia":[{"embeddable":true,"href":"https:\/\/www.visionweb.com.ar\/index.php?rest_route=\/wp\/v2\/media\/5080"}],"wp:attachment":[{"href":"https:\/\/www.visionweb.com.ar\/index.php?rest_route=%2Fwp%2Fv2%2Fmedia&parent=5077"}],"wp:term":[{"taxonomy":"category","embeddable":true,"href":"https:\/\/www.visionweb.com.ar\/index.php?rest_route=%2Fwp%2Fv2%2Fcategories&post=5077"},{"taxonomy":"post_tag","embeddable":true,"href":"https:\/\/www.visionweb.com.ar\/index.php?rest_route=%2Fwp%2Fv2%2Ftags&post=5077"}],"curies":[{"name":"wp","href":"https:\/\/api.w.org\/{rel}","templated":true}]}}