{"id":5069,"date":"2022-04-03T09:44:48","date_gmt":"2022-04-03T12:44:48","guid":{"rendered":"https:\/\/www.visionweb.com.ar\/?p=5069"},"modified":"2022-04-03T09:47:53","modified_gmt":"2022-04-03T12:47:53","slug":"los-principales-referentes-del-pro-inician-la-competencia-para-aspirar-a-la-gobernacion","status":"publish","type":"post","link":"https:\/\/www.visionweb.com.ar\/?p=5069","title":{"rendered":"Los principales referentes del PRO inician la competencia para aspirar a la gobernaci\u00f3n"},"content":{"rendered":"<p><strong><em>Los socios mayoritarios del PRO, los Radicales, tambi\u00e9n acarician la idea de ir por la gobernaci\u00f3n bonaerense en 2023.<\/em><\/strong><!--more--><\/p>\n<div id=\"attachment_5070\" style=\"width: 310px\" class=\"wp-caption alignright\"><img loading=\"lazy\" decoding=\"async\" aria-describedby=\"caption-attachment-5070\" class=\"wp-image-5070 size-medium\" src=\"https:\/\/www.visionweb.com.ar\/wp-content\/uploads\/2022\/04\/Facundo-Manes-y-Diego-Santilli-300x217.png\" alt=\"\" width=\"300\" height=\"217\" srcset=\"https:\/\/www.visionweb.com.ar\/wp-content\/uploads\/2022\/04\/Facundo-Manes-y-Diego-Santilli-300x217.png 300w, https:\/\/www.visionweb.com.ar\/wp-content\/uploads\/2022\/04\/Facundo-Manes-y-Diego-Santilli.png 575w\" sizes=\"auto, (max-width: 300px) 100vw, 300px\" \/><p id=\"caption-attachment-5070\" class=\"wp-caption-text\"><strong><em>Facundo Manes y Diego Santilli, dos candidatos que grandes aspiraciones para 2023. (FOTO Agencia PBA)<\/em> <\/strong><\/p><\/div>\n<p id=\"viewer-6l936\" class=\"mm8Nw _1j-51 iWv3d _1FoOD _3M0Fe aujbK iWv3d public-DraftStyleDefault-block-depth0 fixed-tab-size public-DraftStyleDefault-text-ltr\"><span class=\"_2PHJq public-DraftStyleDefault-ltr\"><strong>E<\/strong>l ex vicejefe de Gobierno porte\u00f1o y actual diputado por Buenos Aires Diego Santilli expres\u00f3 esta semana p\u00fablicamente su intenci\u00f3n de competir por la Casa de Gobierno platense.<\/span><\/p>\n<p id=\"viewer-cs6l\" class=\"mm8Nw _1j-51 iWv3d _1FoOD _3M0Fe aujbK iWv3d public-DraftStyleDefault-block-depth0 fixed-tab-size public-DraftStyleDefault-text-ltr\"><span class=\"_2PHJq public-DraftStyleDefault-ltr\">\u00abTengo todas las ganas\u00bb, afirm\u00f3 Santilli, quien en 2019 cruz\u00f3 los l\u00edmites de la Ciudad para cambiar de domicilio y abrirse camino hacia la competencia en el distrito de mayor peso electoral<strong>.<\/strong><\/span><\/p>\n<p>Otro sector del PRO tambi\u00e9n trabaja para instalar al jefe del bloque de diputados nacionales Cristian Ritondo. El ex ministro de Seguridad bonaerense estuvo el viernes con la ex gobernadora Mar\u00eda Eugenia Vidal en un plenario de dirigentes y militantes de PRO de la Tercera Secci\u00f3n Electoral.<\/p>\n<p>\u00abTenemos un equipo que en cuatro a\u00f1os transform\u00f3 la Provincia, fortaleci\u00f3 sus instituciones, recuperamos el di\u00e1logo entre los municipios y la Gobernaci\u00f3n, dise\u00f1amos un plan estrat\u00e9gico de lucha contra las mafias y el narcotr\u00e1fico, escuchamos a todos los sectores, apoyamos a los productores rurales, a las pymes para promover fuentes de trabajo, y nunca dejamos de caminar los territorios porque gobernamos siempre con un o\u00eddo en la gente y otro en la transformaci\u00f3n estructural que hace falta\u00bb, expres\u00f3 Ritondo.<\/p>\n<p>Otro de los dirigentes del Pro que se anota, una vez m\u00e1s, para competir en el territorio m\u00e1s populoso del pa\u00eds es el actual ministro de Gobierno porte\u00f1o, <strong>Jorge Macri<\/strong>. El primo del ex presidente de la Naci\u00f3n confirm\u00f3 en varias oportunidades su deseo de suceder a Kicillof en la gobernaci\u00f3n bonaerense, aunque no descarta ser el \u00abheredero\u00bb de Rodr\u00edguez Larreta en el gobierno porte\u00f1o.<\/p>\n<div class=\"SFQRB\" data-hook=\"post-description\">\n<article class=\"blog-post-page-font\">\n<div class=\"post-content__body\">\n<div class=\"DHTiu\">\n<div class=\"DHTiu\">\n<div class=\"LUaQN qUxWM _3Z+zE\" data-rce-version=\"8.70.18\">\n<div class=\"kvdbP ZUTsX SO4Kx _1O7aH\" dir=\"ltr\" data-id=\"rich-content-viewer\">\n<div class=\"_1hN1O NwZmu _3EPBy\">\n<p id=\"viewer-11gaa\" class=\"mm8Nw _1j-51 iWv3d _1FoOD _3M0Fe aujbK iWv3d public-DraftStyleDefault-block-depth0 fixed-tab-size public-DraftStyleDefault-text-ltr\"><span class=\"_2PHJq public-DraftStyleDefault-ltr\">Asimismo, el socio mayoritario de la alianza opositora, la UCR, promueve la candidatura del diputado provincial Maximiliano Abad, Presidente del radicalismo bonaerense y titular de la bancada de Juntos por el Cambio en la C\u00e1mara baja. <\/span><\/p>\n<p id=\"viewer-eb0bm\" class=\"mm8Nw _1j-51 iWv3d _1FoOD _3M0Fe aujbK iWv3d public-DraftStyleDefault-block-depth0 fixed-tab-size public-DraftStyleDefault-text-ltr\"><span class=\"_2PHJq public-DraftStyleDefault-ltr\">Abad se encuentra trabajando junto al legislador nacional Facundo Manes, hoy por hoy la principal apuesta de la UCR (Buenos Aires) para la presidencia de la Naci\u00f3n en el 2023.<\/span><\/p>\n<p id=\"viewer-gk67\" class=\"mm8Nw _1j-51 iWv3d _1FoOD _3M0Fe aujbK iWv3d public-DraftStyleDefault-block-depth0 fixed-tab-size public-DraftStyleDefault-text-ltr\"><span class=\"_2PHJq public-DraftStyleDefault-ltr\">Tambi\u00e9n, desde el espacio Evoluci\u00f3n, que lidera Mart\u00edn Lousteau, se promueve la figura del economista y actual diputado nacional <strong>Mart\u00edn Tetaz<\/strong>. <\/span><\/p>\n<p id=\"viewer-929ug\" class=\"mm8Nw _1j-51 iWv3d _1FoOD _3M0Fe aujbK iWv3d public-DraftStyleDefault-block-depth0 fixed-tab-size public-DraftStyleDefault-text-ltr\"><span class=\"_2PHJq public-DraftStyleDefault-ltr\">Con el antecedente de la victoria de Juntos por el Cambio en las legislativas de 2019, <strong>la pelea m\u00e1s encarnizada se anticipa en Buenos Aires<\/strong>, donde los postulantes opositores empiezan a anotarse y, del otro lado, el peronismo buscar\u00e1 reelegir, con Kicillof que ya ha dado muestras de ir por un segundo mandato<strong>(VW, con datos de la agencias PBA).<\/strong><\/span><\/p>\n<div data-hook=\"rcv-block29\"><\/div>\n<div data-hook=\"rcv-block-last\"><\/div>\n<\/div>\n<\/div>\n<\/div>\n<\/div>\n<\/div>\n<\/div>\n<\/article>\n<\/div>\n<div id=\"post-footer\" class=\"ZpV9q Z6HMX\">\n<div class=\"ekhA5\" data-hook=\"post-main-actions-desktop\"><\/div>\n<\/div>\n<p>&nbsp;<\/p>\n<p>&nbsp;<\/p>\n<p>&nbsp;<\/p>\n","protected":false},"excerpt":{"rendered":"<p>Los socios mayoritarios del PRO, los Radicales, tambi\u00e9n acarician la idea de ir por la gobernaci\u00f3n bonaerense en 2023.<\/p>\n","protected":false},"author":3,"featured_media":5070,"comment_status":"closed","ping_status":"closed","sticky":false,"template":"","format":"standard","meta":{"_monsterinsights_skip_tracking":false,"_monsterinsights_sitenote_active":false,"_monsterinsights_sitenote_note":"","_monsterinsights_sitenote_category":0,"footnotes":""},"categories":[4],"tags":[589,963,545,920],"class_list":["post-5069","post","type-post","status-publish","format-standard","has-post-thumbnail","hentry","category-politica","tag-589","tag-manes","tag-pro","tag-santilli"],"_links":{"self":[{"href":"https:\/\/www.visionweb.com.ar\/index.php?rest_route=\/wp\/v2\/posts\/5069","targetHints":{"allow":["GET"]}}],"collection":[{"href":"https:\/\/www.visionweb.com.ar\/index.php?rest_route=\/wp\/v2\/posts"}],"about":[{"href":"https:\/\/www.visionweb.com.ar\/index.php?rest_route=\/wp\/v2\/types\/post"}],"author":[{"embeddable":true,"href":"https:\/\/www.visionweb.com.ar\/index.php?rest_route=\/wp\/v2\/users\/3"}],"replies":[{"embeddable":true,"href":"https:\/\/www.visionweb.com.ar\/index.php?rest_route=%2Fwp%2Fv2%2Fcomments&post=5069"}],"version-history":[{"count":3,"href":"https:\/\/www.visionweb.com.ar\/index.php?rest_route=\/wp\/v2\/posts\/5069\/revisions"}],"predecessor-version":[{"id":5075,"href":"https:\/\/www.visionweb.com.ar\/index.php?rest_route=\/wp\/v2\/posts\/5069\/revisions\/5075"}],"wp:featuredmedia":[{"embeddable":true,"href":"https:\/\/www.visionweb.com.ar\/index.php?rest_route=\/wp\/v2\/media\/5070"}],"wp:attachment":[{"href":"https:\/\/www.visionweb.com.ar\/index.php?rest_route=%2Fwp%2Fv2%2Fmedia&parent=5069"}],"wp:term":[{"taxonomy":"category","embeddable":true,"href":"https:\/\/www.visionweb.com.ar\/index.php?rest_route=%2Fwp%2Fv2%2Fcategories&post=5069"},{"taxonomy":"post_tag","embeddable":true,"href":"https:\/\/www.visionweb.com.ar\/index.php?rest_route=%2Fwp%2Fv2%2Ftags&post=5069"}],"curies":[{"name":"wp","href":"https:\/\/api.w.org\/{rel}","templated":true}]}}