{"id":5057,"date":"2022-03-31T12:01:56","date_gmt":"2022-03-31T15:01:56","guid":{"rendered":"https:\/\/www.visionweb.com.ar\/?p=5057"},"modified":"2022-03-31T12:01:56","modified_gmt":"2022-03-31T15:01:56","slug":"se-puso-en-marcha-la-camara-gamma-del-hospital-evita-de-lanus","status":"publish","type":"post","link":"https:\/\/www.visionweb.com.ar\/?p=5057","title":{"rendered":"Se puso en marcha la c\u00e1mara Gamma del Hospital Evita de Lan\u00fas"},"content":{"rendered":"<p><strong><em>El equipamiento de estudios de alta complejidad estuvo abandonado desde 2015 en un sector del nosocomio de mediana complejidad por falta de mantenimiento.<\/em><\/strong> <!--more--><\/p>\n<div id=\"attachment_5061\" style=\"width: 310px\" class=\"wp-caption alignright\"><img loading=\"lazy\" decoding=\"async\" aria-describedby=\"caption-attachment-5061\" class=\"wp-image-5061 size-medium\" src=\"https:\/\/www.visionweb.com.ar\/wp-content\/uploads\/2022\/03\/Equipo-Gamma-300x145.png\" alt=\"\" width=\"300\" height=\"145\" srcset=\"https:\/\/www.visionweb.com.ar\/wp-content\/uploads\/2022\/03\/Equipo-Gamma-300x145.png 300w, https:\/\/www.visionweb.com.ar\/wp-content\/uploads\/2022\/03\/Equipo-Gamma-768x372.png 768w, https:\/\/www.visionweb.com.ar\/wp-content\/uploads\/2022\/03\/Equipo-Gamma.png 800w\" sizes=\"auto, (max-width: 300px) 100vw, 300px\" \/><p id=\"caption-attachment-5061\" class=\"wp-caption-text\"><strong><em>El equipamiento de alta complejidad estuvo fuera de servicio desde 2015 (Prensa: Minsterio de Salud) <\/em><\/strong><\/p><\/div>\n<p><strong>C<\/strong>on una inversi\u00f3n de 4 millones de pesos, el Ministerio de Salud de la Provincia puso en funcionamiento la c\u00e1mara Gamma abandonada desde 2015 en el hospital bonaerense \u201cEvita\u201d de Lan\u00fas.<\/p>\n<p>Este moderno equipo genera diagn\u00f3sticos tempranos de diversas patolog\u00edas a trav\u00e9s de medicina nuclear. El equipamiento estaba en desuso y presentaba fallas por las condiciones de deterioro en que lo dejaron.<\/p>\n<p>\u201cLa c\u00e1mara Gamma funciona a trav\u00e9s de is\u00f3topos radioactivos que posibilitan adquirir im\u00e1genes que generan un diagn\u00f3stico r\u00e1pido y fundamental en tratamientos oncol\u00f3gico para c\u00e1ncer de h\u00edgado, intestino, tiroides, como tambi\u00e9n en malformaciones cardiacas o de carcinomas pulmonares\u201d, explic\u00f3 el director ejecutivo del hospital, Javier Antonio Maroni.<\/p>\n<p>El directivo explic\u00f3 que se trata de\u00a0 \u201cun servicio con alto valor econ\u00f3mico en el sector privado, pero hoy despu\u00e9s de mucho trabajo se logr\u00f3 recuperar el aparato, el espacio donde funciona y el equipo de profesionales, para que la salud p\u00fablica vuelva a brindar esta atenci\u00f3n en el hospital para toda la regi\u00f3n\u201d.<\/p>\n<p>En menos de dos a\u00f1os y en medio del arduo trabajo por Pandemia, se logr\u00f3 reparar la c\u00e1mara Gamma y se calibr\u00f3 con t\u00e9cnicos internacionales que viajaron especialmente para optimizar su uso. Las pruebas realizadas al equipo, calibrarlo y su puesta en marcha tuvieron un valor que super\u00f3 los 2 millones de pesos.<\/p>\n<p>A la vez, hubo que pagar fuertes multas, de alrededor de 1 mill\u00f3n de pesos, y la tasa anual que ronda los 146.000, a la Administraci\u00f3n de Medicina Nuclear, por cuatro a\u00f1os que estuvo sin usarse el moderno equipo.<\/p>\n<p>Tambi\u00e9n se conform\u00f3 el servicio m\u00e9dico de Medicina Nuclear que hab\u00eda sido desmantelado y que ya est\u00e1 a disposici\u00f3n de una importante cantidad de pacientes a nivel provincial que pidieron turno para realizarse los estudios.<\/p>\n<p>Adem\u00e1s, se invirtieron 570.000 pesos para reacondicionar el espacio donde ahora funciona y ya no filtra agua, gracias al importante arreglo que se realiz\u00f3 en techos, cielo raso, adem\u00e1s de la pintura y la instalaci\u00f3n de un aire acondicionado<strong>(VW)<\/strong>.<\/p>\n","protected":false},"excerpt":{"rendered":"<p>El equipamiento de estudios de alta complejidad estuvo abandonado desde 2015 en un sector del nosocomio de mediana complejidad por falta de mantenimiento.<\/p>\n","protected":false},"author":3,"featured_media":5061,"comment_status":"closed","ping_status":"closed","sticky":false,"template":"","format":"standard","meta":{"_monsterinsights_skip_tracking":false,"_monsterinsights_sitenote_active":false,"_monsterinsights_sitenote_note":"","_monsterinsights_sitenote_category":0,"footnotes":""},"categories":[8],"tags":[1412,2021,320],"class_list":["post-5057","post","type-post","status-publish","format-standard","has-post-thumbnail","hentry","category-interes-general","tag-estudio","tag-gamma","tag-hospital-evita"],"_links":{"self":[{"href":"https:\/\/www.visionweb.com.ar\/index.php?rest_route=\/wp\/v2\/posts\/5057","targetHints":{"allow":["GET"]}}],"collection":[{"href":"https:\/\/www.visionweb.com.ar\/index.php?rest_route=\/wp\/v2\/posts"}],"about":[{"href":"https:\/\/www.visionweb.com.ar\/index.php?rest_route=\/wp\/v2\/types\/post"}],"author":[{"embeddable":true,"href":"https:\/\/www.visionweb.com.ar\/index.php?rest_route=\/wp\/v2\/users\/3"}],"replies":[{"embeddable":true,"href":"https:\/\/www.visionweb.com.ar\/index.php?rest_route=%2Fwp%2Fv2%2Fcomments&post=5057"}],"version-history":[{"count":1,"href":"https:\/\/www.visionweb.com.ar\/index.php?rest_route=\/wp\/v2\/posts\/5057\/revisions"}],"predecessor-version":[{"id":5062,"href":"https:\/\/www.visionweb.com.ar\/index.php?rest_route=\/wp\/v2\/posts\/5057\/revisions\/5062"}],"wp:featuredmedia":[{"embeddable":true,"href":"https:\/\/www.visionweb.com.ar\/index.php?rest_route=\/wp\/v2\/media\/5061"}],"wp:attachment":[{"href":"https:\/\/www.visionweb.com.ar\/index.php?rest_route=%2Fwp%2Fv2%2Fmedia&parent=5057"}],"wp:term":[{"taxonomy":"category","embeddable":true,"href":"https:\/\/www.visionweb.com.ar\/index.php?rest_route=%2Fwp%2Fv2%2Fcategories&post=5057"},{"taxonomy":"post_tag","embeddable":true,"href":"https:\/\/www.visionweb.com.ar\/index.php?rest_route=%2Fwp%2Fv2%2Ftags&post=5057"}],"curies":[{"name":"wp","href":"https:\/\/api.w.org\/{rel}","templated":true}]}}