{"id":5054,"date":"2022-03-31T11:46:20","date_gmt":"2022-03-31T14:46:20","guid":{"rendered":"https:\/\/www.visionweb.com.ar\/?p=5054"},"modified":"2022-03-31T11:46:20","modified_gmt":"2022-03-31T14:46:20","slug":"confirmaron-que-habra-un-bono-extraordinario-para-jubilados","status":"publish","type":"post","link":"https:\/\/www.visionweb.com.ar\/?p=5054","title":{"rendered":"Confirmaron que habr\u00e1 un bono extraordinario para jubilados"},"content":{"rendered":"<p><em><strong>El gobierno nacional confirm\u00f3 hoy que en los pr\u00f3ximos d\u00edas anunciar\u00e1 un bono adicional para jubilados y pensionados que no s\u00f3lo alcanzar\u00eda a los haberes m\u00e1s bajos.<\/strong><\/em><!--more--><\/p>\n<p><strong><img loading=\"lazy\" decoding=\"async\" class=\"size-full wp-image-5058 aligncenter\" src=\"https:\/\/www.visionweb.com.ar\/wp-content\/uploads\/2022\/03\/FOTO-RECORTE-JUBILADOS.bmp\" alt=\"\" width=\"626\" height=\"435\" \/>D<\/strong>urante la habitual conferencia de prensa de los jueves en la Casa Rosada, la portavoz de la Presidencia, Gabriela Cerruti, confirm\u00f3 que \u201cva a haber un bono para jubilados\u201d. Asegur\u00f3 que el anuncio definitivo se har\u00e1 en las pr\u00f3ximas 48 horas. El bono se pagar\u00eda en abril y abarcar\u00eda a cinco millones de jubilados<strong>\u00a0<\/strong>y pensionados del total de los 8,4 millones de todo el sistema.<\/p>\n<p>\u201cS\u00ed va a haber un bono para jubilados. Lo est\u00e1n trabajando la directora ejecutiva de ANSES Fernanda Raverta, con el ministro de Econom\u00eda Mart\u00edn Guzm\u00e1n\u201d, indic\u00f3 la funcionaria, y a\u00f1adi\u00f3 que \u201cva a ser anunciado en las pr\u00f3ximas horas por las personas que est\u00e1n a cargo del tema y el Presidente de la Naci\u00f3n\u201d.<\/p>\n<p>Seg\u00fan se indic\u00f3, el proyecto est\u00e1 siendo analizado en detalle por el ministro de Econom\u00eda Mart\u00edn Guzm\u00e1n, y podr\u00eda ser de entre 5 mil y 8 mil pesos, con el intento por recomponer la capacidad de compra perdida por el impacto de la inflaci\u00f3n.<\/p>\n<p>Debido a que el aumento de los precios no est\u00e1 contemplado en la f\u00f3rmula de actualizaci\u00f3n, el\u00a0Estado<strong>\u00a0<\/strong>puede compensar con bonos fijos cuando es necesario.<\/p>\n<p>El \u00faltimo bono se pag\u00f3 en diciembre y fue de $ 8.000 para los haberes m\u00ednimos y alcanz\u00f3 a 4.7 millones de jubilados y pensionados. Hay que destacar que los bonos no se integran al haber y por lo tanto no se utilizan como base de c\u00e1lculo para aplicar la actualizaci\u00f3n prevista por la f\u00f3rmula de movilidad.<\/p>\n<p><a href=\"https:\/\/www.visionweb.com.ar\/wp-content\/uploads\/2022\/03\/jubilados-anses.bmp\"><img loading=\"lazy\" decoding=\"async\" class=\"size-full wp-image-5059 aligncenter\" src=\"https:\/\/www.visionweb.com.ar\/wp-content\/uploads\/2022\/03\/jubilados-anses.bmp\" alt=\"\" width=\"637\" height=\"348\" \/><\/a>Cabe recordar que a mediados de febrero, al difundirse el porcentaje de la primera movilidad del a\u00f1o para el per\u00edodo marzo-abril-mayo, el Presidente Alberto Fern\u00e1ndez asegur\u00f3: \u201cAnunciamos el primer aumento de la movilidad jubilatoria de 2022. Es de un\u00a012,28% en jubilaciones, pensiones y asignaciones<strong>\u00a0<\/strong>y alcanza a m\u00e1s de 16 millones de argentinas y argentinos.\u00a0Todas las jubiladas y jubilados empezar\u00e1n el a\u00f1o gan\u00e1ndole a la inflaci\u00f3n\u201d.<\/p>\n<p>Sin embargo, en\u00a0ese bimestre la canasta de alimentos b\u00e1sicos del \u00e1rea metropolitana aument\u00f3 el 13,5%,<strong>\u00a0<\/strong>un alza que podr\u00eda oscilar el 20% en el trimestre si se le agrega el \u00cdndice de Precios al Consumidor de marzo que el INDEC anunciar\u00e1 a mitad de abril, con lo cual las asignaciones previsionales estar\u00edan entre 6 y 8 puntos por debajo del alza de precios.<\/p>\n<p>El valor de\u00a0esa canasta b\u00e1sica alimentaria es cada vez m\u00e1s relevante<strong>\u00a0<\/strong>para quienes perciben la jubilaci\u00f3n m\u00ednima de $ 32.630 o menos, como las PUAM de $ 26.104 o la pensiones no contributivas de $ 22.841, y para los que cobran la AUH, que son quienes destinan una proporci\u00f3n mayor de sus ingresos a la compra de los alimentos.<\/p>\n<p>La f\u00f3rmula trimestral de\u00a0movilidad combina la suba de los salarios y de la recaudaci\u00f3n, sin garant\u00eda si la inflaci\u00f3n resulta superior,<strong>\u00a0<\/strong>y si bien en 2020 y 2021 hubo bonos para las jubilaciones m\u00e1s bajas que no se integraron a los haberes, en los de haberes medios y altos no tuvieron ninguna compensaci\u00f3n.<\/p>\n<p>Recordemos que la ley de movilidad jubilatoria que rige desde 2021 se determina seg\u00fan un \u00edndice que combina un 50 por ciento de la evoluci\u00f3n de los salarios del\u00a0Indec<strong>\u00a0<\/strong>y del<strong>\u00a0<\/strong>Ripte\u00a0(Remuneraci\u00f3n Imponible de Trabajadores Estables) &#8211; el mayor de ambos- y otro 50 por ciento de la recaudaci\u00f3n tributaria de la Anses.<\/p>\n<p>Por otra parte, la portavoz Cerruti afirm\u00f3 que el Ministerio de Desarrollo Social \u201csigue trabajando\u201d para reconvertir los planes sociales en empleo formal y ratific\u00f3 que \u201cno habr\u00e1 nuevos ingresos\u201d a los programas de asistencia, al ofrecer una conferencia de prensa en la Casa Rosada. <strong>(VW)<\/strong><\/p>\n<p>&nbsp;<\/p>\n","protected":false},"excerpt":{"rendered":"<p>El gobierno nacional confirm\u00f3 hoy que en los pr\u00f3ximos d\u00edas anunciar\u00e1 un bono adicional para jubilados y pensionados que no s\u00f3lo alcanzar\u00eda a los haberes m\u00e1s bajos.<\/p>\n","protected":false},"author":4,"featured_media":5059,"comment_status":"closed","ping_status":"closed","sticky":false,"template":"","format":"standard","meta":{"_monsterinsights_skip_tracking":false,"_monsterinsights_sitenote_active":false,"_monsterinsights_sitenote_note":"","_monsterinsights_sitenote_category":0,"footnotes":""},"categories":[6,5],"tags":[300,2019,2020,75,569,801],"class_list":["post-5054","post","type-post","status-publish","format-standard","has-post-thumbnail","hentry","category-economia","category-sociedad","tag-anses","tag-bono-abril","tag-cerutti","tag-indec","tag-jubilados","tag-raverta"],"_links":{"self":[{"href":"https:\/\/www.visionweb.com.ar\/index.php?rest_route=\/wp\/v2\/posts\/5054","targetHints":{"allow":["GET"]}}],"collection":[{"href":"https:\/\/www.visionweb.com.ar\/index.php?rest_route=\/wp\/v2\/posts"}],"about":[{"href":"https:\/\/www.visionweb.com.ar\/index.php?rest_route=\/wp\/v2\/types\/post"}],"author":[{"embeddable":true,"href":"https:\/\/www.visionweb.com.ar\/index.php?rest_route=\/wp\/v2\/users\/4"}],"replies":[{"embeddable":true,"href":"https:\/\/www.visionweb.com.ar\/index.php?rest_route=%2Fwp%2Fv2%2Fcomments&post=5054"}],"version-history":[{"count":2,"href":"https:\/\/www.visionweb.com.ar\/index.php?rest_route=\/wp\/v2\/posts\/5054\/revisions"}],"predecessor-version":[{"id":5060,"href":"https:\/\/www.visionweb.com.ar\/index.php?rest_route=\/wp\/v2\/posts\/5054\/revisions\/5060"}],"wp:featuredmedia":[{"embeddable":true,"href":"https:\/\/www.visionweb.com.ar\/index.php?rest_route=\/wp\/v2\/media\/5059"}],"wp:attachment":[{"href":"https:\/\/www.visionweb.com.ar\/index.php?rest_route=%2Fwp%2Fv2%2Fmedia&parent=5054"}],"wp:term":[{"taxonomy":"category","embeddable":true,"href":"https:\/\/www.visionweb.com.ar\/index.php?rest_route=%2Fwp%2Fv2%2Fcategories&post=5054"},{"taxonomy":"post_tag","embeddable":true,"href":"https:\/\/www.visionweb.com.ar\/index.php?rest_route=%2Fwp%2Fv2%2Ftags&post=5054"}],"curies":[{"name":"wp","href":"https:\/\/api.w.org\/{rel}","templated":true}]}}