{"id":5030,"date":"2022-03-30T10:08:03","date_gmt":"2022-03-30T13:08:03","guid":{"rendered":"https:\/\/www.visionweb.com.ar\/?p=5030"},"modified":"2022-03-30T10:08:03","modified_gmt":"2022-03-30T13:08:03","slug":"la-plata-saintout-y-garro-enfrentados-por-el-teatro-del-lago","status":"publish","type":"post","link":"https:\/\/www.visionweb.com.ar\/?p=5030","title":{"rendered":"La Plata: Saintout y Garro enfrentados por el Teatro del Lago"},"content":{"rendered":"<p><em><strong>El teatro\u00a0 se inaugur\u00f3\u00a0<\/strong> <strong>en 1949 y con capacidad para 2.600 espectadores, es una sala al aire libre erigida sobre una isla del lago de ese pulm\u00f3n verde platense que est\u00e1 cerrado desde el a\u00f1o 2012 por riesgo de derrumbe.<\/strong><\/em><br \/>\n<!--more--><\/p>\n<div id=\"attachment_5031\" style=\"width: 310px\" class=\"wp-caption alignright\"><img loading=\"lazy\" decoding=\"async\" aria-describedby=\"caption-attachment-5031\" class=\"wp-image-5031 size-medium\" src=\"https:\/\/www.visionweb.com.ar\/wp-content\/uploads\/2022\/03\/TEATRO-300x148.png\" alt=\"\" width=\"300\" height=\"148\" srcset=\"https:\/\/www.visionweb.com.ar\/wp-content\/uploads\/2022\/03\/TEATRO-300x148.png 300w, https:\/\/www.visionweb.com.ar\/wp-content\/uploads\/2022\/03\/TEATRO-768x378.png 768w, https:\/\/www.visionweb.com.ar\/wp-content\/uploads\/2022\/03\/TEATRO.png 800w\" sizes=\"auto, (max-width: 300px) 100vw, 300px\" \/><p id=\"caption-attachment-5031\" class=\"wp-caption-text\">La Entidad civil pide se le devuelva el Anfiteatro, en manos del Municipio de La Plata<\/p><\/div>\n<p><strong>\u00a0 \u00a0E<\/strong>l Instituto Cultural bonaerense denunci\u00f3 que \u00abel Gobierno de la Provincia hace un a\u00f1o y medio que no puede iniciar los trabajos necesarios para la reapertura del Teatro del Lago\u00bb de la ciudad de La Plata \u00abporque la Municipalidad lo ocupa irregularmente\u00bb<\/p>\n<p>Tras una cesi\u00f3n provisoria que ya finaliz\u00f3, se niega a devolverlo a su leg\u00edtimo due\u00f1o\u00bb, se\u00f1alaron en un comunicado desde el organismo que conduce Florencia Saintout.<\/p>\n<p>El anfiteatro Mart\u00edn Fierro, conocido tambi\u00e9n como Teatro del Lago, est\u00e1 emplazado en el Paseo del Bosque de la capital bonaerense, consign\u00f3 la agencia de noticias PBA .<\/p>\n<p>Inaugurado en 1949 y con capacidad para 2.600 espectadores, es una sala al aire libre erigida sobre una isla del lago de ese pulm\u00f3n verde platense que est\u00e1 cerrado desde el a\u00f1o 2012 por riesgo de derrumbe.<\/p>\n<p>El domingo por la tarde, un grupo de vecinos de la capital bonaerense realiz\u00f3 un abrazo simb\u00f3lico para pedir la reapertura del espacio, tras lo cual el jefe comunal Julio Garro (PRO) acus\u00f3 al gobierno bonaerense \u00abde no permitir la reapertura del espacio cultural\u00bb.<\/p>\n<p>En ese marco, desde el Instituto Cultural destacaron la necesidad de que \u00abesta usurpaci\u00f3n, dirigida por el intendente, cese de manera urgente porque debemos revertir, a esta altura, seis a\u00f1os de abandono y desidia\u00bb y reflexionaron: \u00abNi la anterior Gobernadora ni el Municipio han hecho nada para recuperar el Teatro\u00bb.<\/p>\n<p>Desde el Poder Ejecutivo se record\u00f3 que de acuerdo al Registro de la Propiedad de la Provincia de Buenos Aires, \u00abel lugar pertenece al Gobierno bonaerense\u00bb y se enfatiz\u00f3 que \u00abel Municipio de La Plata no ha realizado ning\u00fan tr\u00e1mite de inscripci\u00f3n dominial\u00bb.<\/p>\n<p>Se a\u00f1adi\u00f3 que la jueza Mar\u00eda Fernanda Bisio rechaz\u00f3 la medida cautelar pedida por el Municipio, y \u00abratific\u00f3 que el dominio del Teatro es propiedad de la Provincia de Buenos Aires y no de la Municipalidad de La Plata\u00bb.<\/p>\n<p>\u00abIncluso, la magistrada se\u00f1al\u00f3 que la demora y la traba impuesta en la Justicia por el Municipio produjo un retraso de las obras que hubieran sido en beneficio de todos los bonaerenses, incluido los platenses\u00bb, se apunt\u00f3.<\/p>\n<p>Finalmente, se expres\u00f3 desde el Instituto Cultural que \u00abesta actitud del Municipio s\u00f3lo consigui\u00f3 entorpecer y demorar el proceso de licitaci\u00f3n de la puesta en valor integral que estaba proyectada y con financiamiento garantizado\u00bb.<\/p>\n<p>En ese sentido, Garro expres\u00f3 en las \u00faltimas horas que \u00ablos gobiernos, sin importar el color pol\u00edtico, no podemos permitirnos que por un tema judicial los platenses y los bonaerenses no podamos volver a disfrutar la maravilla que es el Teatro del Lago\u00bb.<\/p>\n<h3 style=\"text-align: center;\"><span style=\"color: #3366ff;\"><strong><em>En 1987, el Concejo Deliberante aprob\u00f3 esa ley y pidi\u00f3 que se pongan a nombre de la Municipalidad esas propiedade<\/em><\/strong><\/span><\/h3>\n<p>A trav\u00e9s de un mensaje en sus redes sociales, el intendente record\u00f3 ayer que \u00aben 1959, la Provincia le cedi\u00f3 por Ley al municipio el Palacio Municipal y todo el paseo del bosque, donde est\u00e1 el anfiteatro. En 1987, el Concejo Deliberante aprob\u00f3 esa ley y pidi\u00f3 que se pongan a nombre de la Municipalidad esas propiedades\u00bb.<\/p>\n<p>Asegur\u00f3 que \u00abel Teatro estaba totalmente abandonado y hac\u00eda 20 a\u00f1os que no se hac\u00eda una sola obra\u00bb y remarc\u00f3 que su gesti\u00f3n inici\u00f3 un plan de obra con una inversi\u00f3n millonaria y termin\u00f3 la Fase 1 de refacci\u00f3n.<\/p>\n<p>\u00abEst\u00e1bamos listos para estrenar y continuar avanzando, pero el a\u00f1o pasado la Provincia decidi\u00f3 revocar unilateralmente la cesi\u00f3n. Algo que escapa de sus facultades y no corresponde, ya que las tierras ya fueron cedidas y la Ley ratificada por el Concejo Deliberante que representa a los platenses\u00bb, dijo.<\/p>\n<p>Cuestion\u00f3 que la Justicia haya decidido \u00abfrenar la obra y dilatar a\u00fan m\u00e1s la reapertura del anfiteatro hasta que la situaci\u00f3n se resuelva\u00bb.<\/p>\n<p>\u00abLamentamos que se ponga a la pol\u00edtica partidaria por encima de lo que quieren los vecinos: volver a disfrutar de nuestro querido Teatro del Lago\u00bb, concluy\u00f3 Garro <strong>(VW)<\/strong>.<\/p>\n","protected":false},"excerpt":{"rendered":"<p>El teatro\u00a0 se inaugur\u00f3\u00a0 en 1949 y con capacidad para 2.600 espectadores, es una sala al aire libre erigida sobre una isla del lago de ese pulm\u00f3n verde platense que est\u00e1 cerrado desde el&#46;&#46;&#46;<\/p>\n","protected":false},"author":3,"featured_media":5031,"comment_status":"closed","ping_status":"closed","sticky":false,"template":"","format":"standard","meta":{"_monsterinsights_skip_tracking":false,"_monsterinsights_sitenote_active":false,"_monsterinsights_sitenote_note":"","_monsterinsights_sitenote_category":0,"footnotes":""},"categories":[3],"tags":[2003,95,2004],"class_list":["post-5030","post","type-post","status-publish","format-standard","has-post-thumbnail","hentry","category-actualidad","tag-anfiteatro","tag-la-plata","tag-muicipio"],"_links":{"self":[{"href":"https:\/\/www.visionweb.com.ar\/index.php?rest_route=\/wp\/v2\/posts\/5030","targetHints":{"allow":["GET"]}}],"collection":[{"href":"https:\/\/www.visionweb.com.ar\/index.php?rest_route=\/wp\/v2\/posts"}],"about":[{"href":"https:\/\/www.visionweb.com.ar\/index.php?rest_route=\/wp\/v2\/types\/post"}],"author":[{"embeddable":true,"href":"https:\/\/www.visionweb.com.ar\/index.php?rest_route=\/wp\/v2\/users\/3"}],"replies":[{"embeddable":true,"href":"https:\/\/www.visionweb.com.ar\/index.php?rest_route=%2Fwp%2Fv2%2Fcomments&post=5030"}],"version-history":[{"count":1,"href":"https:\/\/www.visionweb.com.ar\/index.php?rest_route=\/wp\/v2\/posts\/5030\/revisions"}],"predecessor-version":[{"id":5032,"href":"https:\/\/www.visionweb.com.ar\/index.php?rest_route=\/wp\/v2\/posts\/5030\/revisions\/5032"}],"wp:featuredmedia":[{"embeddable":true,"href":"https:\/\/www.visionweb.com.ar\/index.php?rest_route=\/wp\/v2\/media\/5031"}],"wp:attachment":[{"href":"https:\/\/www.visionweb.com.ar\/index.php?rest_route=%2Fwp%2Fv2%2Fmedia&parent=5030"}],"wp:term":[{"taxonomy":"category","embeddable":true,"href":"https:\/\/www.visionweb.com.ar\/index.php?rest_route=%2Fwp%2Fv2%2Fcategories&post=5030"},{"taxonomy":"post_tag","embeddable":true,"href":"https:\/\/www.visionweb.com.ar\/index.php?rest_route=%2Fwp%2Fv2%2Ftags&post=5030"}],"curies":[{"name":"wp","href":"https:\/\/api.w.org\/{rel}","templated":true}]}}