{"id":5018,"date":"2022-03-29T12:03:06","date_gmt":"2022-03-29T15:03:06","guid":{"rendered":"https:\/\/www.visionweb.com.ar\/?p=5018"},"modified":"2022-03-29T12:03:06","modified_gmt":"2022-03-29T15:03:06","slug":"unla-congreso-40-anos-de-la-guerra-de-malvinas","status":"publish","type":"post","link":"https:\/\/www.visionweb.com.ar\/?p=5018","title":{"rendered":"UNLa: Congreso 40 a\u00f1os de la guerra de Malvinas"},"content":{"rendered":"<p><em><strong>\u201cVoces de Malvinas cuarenta a\u00f1os despu\u00e9s\u201d, es el nombre del congreso que se desarrollar\u00e1 en el campus de la UNLa el 30 y 31 de marzo.<\/strong><\/em><!--more--><\/p>\n<p><strong><img loading=\"lazy\" decoding=\"async\" class=\"size-full wp-image-5020 aligncenter\" src=\"https:\/\/www.visionweb.com.ar\/wp-content\/uploads\/2022\/03\/unla-malvinas.bmp\" alt=\"\" width=\"540\" height=\"380\" \/>E<\/strong>l Congreso \u201cVoces de Malvinas, cuarenta a\u00f1os despu\u00e9s\u201d (VDM) se desarrollar\u00e1 en el campus de la Universidad Nacional de Lan\u00fas (UNLa), sita en 29 de Septiembre 3901 Remedios de Escalada, los pr\u00f3ximos d\u00edas mi\u00e9rcoles y jueves 30 y 31 de marzo. El objetivo fundamental es revalorizar los testimonios de los protagonistas del conflicto b\u00e9lico de 1982. Habr\u00e1 mesas de ponencias, conferencias, paneles de debate y puesta en com\u00fan, presentaciones de publicaciones y muestras documentales y art\u00edsticas (visuales, m\u00fasica, cine, poes\u00eda y teatro).<\/p>\n<p>Organizado por el Observatorio Malvinas de la UNLa, que dirige el veterano de guerra C\u00e9sar Trejo, el evento cuenta con el apoyo y aprobaci\u00f3n del el Fondo para la Investigaci\u00f3n Cient\u00edfica y Tecnol\u00f3gica (FONCyT) del Ministerio de Ciencia Tecnolog\u00eda e Innovaci\u00f3n, conforme indic\u00f3 Prensa de la UNLa.<\/p>\n<p>Se firmar\u00e1 el convenio proyecto \u201cVoces de Malvinas. Archivo de las memorias de los combatientes\u201d, con la presencia de Ana Jaramillo, rectora de la Universidad; Guillermo Carmona, secretario de las islas Malvinas, Ant\u00e1rtida y Atl\u00e1ntico Sur de la Canciller\u00eda Argentina; Mario Oporto, subsecretario de Relaciones Internacionales e Institucionales de la Jefatura de Gabinete del Gobierno de la Provincia de Buenos Aires; y C\u00e9sar Trejo,\u00a0entre otras personalidades.<\/p>\n<p>Durante el resto de la jornada, habr\u00e1 exposiciones de veteranos de guerra como Jorge Baroni, subteniente del Regimiento de Infanter\u00eda Mecanizado 5 \u201cGeneral F\u00e9lix de Olaz\u00e1bal\u201d); Adolfo Schweighofer, tripulante del ARA Bouchard, presidente del Centro de Ex Soldados Combatientes en Malvinas Santa Fe e integrante del Consejo Nacional de Asuntos Relativos a las Islas Malvinas, Georgias del Sur, S\u00e1ndwich del Sur y los Espacios Mar\u00edtimos e Insulares Correspondientes de la Canciller\u00eda; Eduardo Roperto, soldado del Regimiento de Infanter\u00eda Mecanizado 7 \u201cCoronel Conde\u201d, conductor de Malvinas y sus vivencias, por FM Espacio Buenos Aires 88.7 y Malvinas y el relato de la historia, por AM 1570 Melody; Jorge Luis Reyes, teniente de la Fuerza A\u00e9rea, artillero antia\u00e9reo, que particip\u00f3 de la\u00a0defensa a la Base A\u00e9rea Militar Malvinas, en el Aeropuerto de Puerto Argentino y autor de Malvinas,\u00a0vinieron y les presentamos batalla, de Editorial Fabro.<\/p>\n<p>El cierre de ese primer d\u00eda ser\u00e1 a las 19 con la reinauguraci\u00f3n de la Plaza H\u00e9roes de Malvinas en el\u00a0campus de la Universidad, con la presencia de Delmira Hasenclever de Cao, Madre del soldado Julio Cao ca\u00eddo en Malvinas, presidenta honoraria del Congreso.<\/p>\n<p>El espacio cuenta con un monumento a los soldados argentinos ca\u00eddos en la guerra. All\u00ed, seis figuras de personas dise\u00f1adas por el artista Javier Maghalaes que representan al pueblo argentino, sostienen una\u00a0imagen de las islas en hierro, que fue pintada la semana pasada por estudiantes, en el marco de la\u00a0Semana del Ingresante. En el lugar, adem\u00e1s se colocar\u00e1 una placa con el nombre de los 649 soldados.<\/p>\n<p>En tanto que el jueves habr\u00e1 mesas tem\u00e1ticas simult\u00e1neas durante toda la jornada: Voces civiles durante la guerra de Malvinas, Voces de Malvinas en las instituciones educativas; La guerra de Malvinas en las voces de sus protagonistas; Malvinas y la dominaci\u00f3n colonial brit\u00e1nica; Los protagonistas de la guerra en la posguerra; Voces de Malvinas en las artes, Voces de Malvinas en la universidad y el Panel\u00a0de veteranos de la guerra de Malvinas.<\/p>\n<p>El cierre del d\u00eda final ser\u00e1 a las 19, con la presentaci\u00f3n de la obra de teatro Islas de la Memoria. Historias de guerra en la posguerra, escrita por el fallecido y recordado dramaturgo y cineasta Julio Cardoso.<\/p>\n<p>La\u00a0asistencia\u00a0es libre y gratuita, con inscripci\u00f3n previa:<br \/>\n<a href=\"http:\/\/inscripcioneventos.unla.edu.ar\/voces_malvinas\/asistente\/\">http:\/\/inscripcioneventos.unla.edu.ar\/voces_malvinas\/asistente\/<\/a>\u00a0.<\/p>\n<p>Para el ingreso a la UNLa, por resoluci\u00f3n\u00a0del Consejo Superior, se requiere el certificado de vacunas contra el COVID, con un m\u00ednimo de dos dosis\u00a0aplicadas.<\/p>\n<p>Ver el programa completo clic en:<br \/>\n<a href=\"http:\/\/www.unla.edu.ar\/novedades\/congreso-voces-de-malvinas-cuarenta-anos-despues-inscribite-no-te-quedes-afuera\">http:\/\/www.unla.edu.ar\/novedades\/congreso-voces-de-malvinas-cuarenta-anos-despues-inscribite-no-te-quedes-afuera<\/a>\u00a0\u00a0 <strong>(VW)<\/strong><\/p>\n","protected":false},"excerpt":{"rendered":"<p>\u201cVoces de Malvinas cuarenta a\u00f1os despu\u00e9s\u201d, es el nombre del congreso que se desarrollar\u00e1 en el campus de la UNLa el 30 y 31 de marzo.<\/p>\n","protected":false},"author":4,"featured_media":5020,"comment_status":"closed","ping_status":"closed","sticky":false,"template":"","format":"standard","meta":{"_monsterinsights_skip_tracking":false,"_monsterinsights_sitenote_active":false,"_monsterinsights_sitenote_note":"","_monsterinsights_sitenote_category":0,"footnotes":""},"categories":[5],"tags":[485,1996,1997,437,1998],"class_list":["post-5018","post","type-post","status-publish","format-standard","has-post-thumbnail","hentry","category-sociedad","tag-congreso","tag-guerra-de-malvinas-40-anos","tag-jaramillo","tag-unla","tag-veteranos"],"_links":{"self":[{"href":"https:\/\/www.visionweb.com.ar\/index.php?rest_route=\/wp\/v2\/posts\/5018","targetHints":{"allow":["GET"]}}],"collection":[{"href":"https:\/\/www.visionweb.com.ar\/index.php?rest_route=\/wp\/v2\/posts"}],"about":[{"href":"https:\/\/www.visionweb.com.ar\/index.php?rest_route=\/wp\/v2\/types\/post"}],"author":[{"embeddable":true,"href":"https:\/\/www.visionweb.com.ar\/index.php?rest_route=\/wp\/v2\/users\/4"}],"replies":[{"embeddable":true,"href":"https:\/\/www.visionweb.com.ar\/index.php?rest_route=%2Fwp%2Fv2%2Fcomments&post=5018"}],"version-history":[{"count":2,"href":"https:\/\/www.visionweb.com.ar\/index.php?rest_route=\/wp\/v2\/posts\/5018\/revisions"}],"predecessor-version":[{"id":5021,"href":"https:\/\/www.visionweb.com.ar\/index.php?rest_route=\/wp\/v2\/posts\/5018\/revisions\/5021"}],"wp:featuredmedia":[{"embeddable":true,"href":"https:\/\/www.visionweb.com.ar\/index.php?rest_route=\/wp\/v2\/media\/5020"}],"wp:attachment":[{"href":"https:\/\/www.visionweb.com.ar\/index.php?rest_route=%2Fwp%2Fv2%2Fmedia&parent=5018"}],"wp:term":[{"taxonomy":"category","embeddable":true,"href":"https:\/\/www.visionweb.com.ar\/index.php?rest_route=%2Fwp%2Fv2%2Fcategories&post=5018"},{"taxonomy":"post_tag","embeddable":true,"href":"https:\/\/www.visionweb.com.ar\/index.php?rest_route=%2Fwp%2Fv2%2Ftags&post=5018"}],"curies":[{"name":"wp","href":"https:\/\/api.w.org\/{rel}","templated":true}]}}