{"id":4998,"date":"2022-03-28T10:25:45","date_gmt":"2022-03-28T13:25:45","guid":{"rendered":"https:\/\/www.visionweb.com.ar\/?p=4998"},"modified":"2022-03-28T10:25:45","modified_gmt":"2022-03-28T13:25:45","slug":"grindetti-inicio-una-gira-por-el-interior-de-la-provincia","status":"publish","type":"post","link":"https:\/\/www.visionweb.com.ar\/?p=4998","title":{"rendered":"Grindetti inici\u00f3 una gira por el interior de la Provincia"},"content":{"rendered":"<p><em><strong>La agenda de Grindetti en el interior bonaerense marca el comienzo de una serie de visitas que realizar\u00e1 por diversos municipios de la provincia para conocer las distintas realidades locales.<\/strong><\/em><!--more--><\/p>\n<p><strong><img loading=\"lazy\" decoding=\"async\" class=\"size-full wp-image-5000 aligncenter\" src=\"https:\/\/www.visionweb.com.ar\/wp-content\/uploads\/2022\/03\/grindetti-3-arroyos-2.bmp\" alt=\"\" width=\"553\" height=\"395\" \/>E<\/strong>l intendente de Lan\u00fas, N\u00e9stor Grindetti,\u00a0visit\u00f3 durante el fin de semana las localidades de Balcarce, Claromec\u00f3 y Tres Arroyos de la provincia de Buenos Aires, con el foco puesto en mantener encuentros con productores de la zona, militantes y dirigentes del PRO, y compartir con los dirigentes de cada distrito sus experiencias de gesti\u00f3n en torno a la seguridad, educaci\u00f3n y trabajo.<\/p>\n<p>La agenda del referente provincial del PRO incluy\u00f3 encuentros con dirigentes partidarios de cada distrito y reuniones con productores rurales, acompa\u00f1ado por el referente de \u201cHacemos\u201d Marcelo Villa, y la titular del Instituto de formaci\u00f3n pol\u00edtica y gesti\u00f3n publica de la ciudad de Buenos Aires, Karina Spalla.<\/p>\n<p>Grindetti estuvo en el interior bonaerense con la finalidad de conocer la realidad econ\u00f3mica, social y pol\u00edtica de las localidades de Balcarce y Tres Arroyos partidos que componen la quinta y sexta secci\u00f3n electoral de la provincia.<\/p>\n<p>\u201cComo intendente tengo la experiencia de conocer y abordar las problem\u00e1ticas vinculados a la gesti\u00f3n del d\u00eda a d\u00eda de un municipio populoso del conurbano como es Lan\u00fas, sin embargo en el interior de la provincia los problemas son otros y est\u00e1n atados a sus realidades regionales\u201d detall\u00f3 Grindetti.<\/p>\n<p><a href=\"https:\/\/www.visionweb.com.ar\/wp-content\/uploads\/2022\/03\/grindetti-en-3-arroyos.bmp\"><img loading=\"lazy\" decoding=\"async\" class=\"size-full wp-image-5001 aligncenter\" src=\"https:\/\/www.visionweb.com.ar\/wp-content\/uploads\/2022\/03\/grindetti-en-3-arroyos.bmp\" alt=\"\" width=\"616\" height=\"325\" \/><\/a>\u201cVengo a conocer m\u00e1s de nuestra provincia y a ponerme a disposici\u00f3n con humildad, con otra perspectiva, no desde el centralismo que tiene el conurbano en la agenda p\u00fablica\u201d, subray\u00f3 el intendente.<\/p>\n<p>Durante su recorrida, Grindetti se reuni\u00f3 con el jefe comunal de Balcarce, Esteban Reino, encabez\u00f3 un encuentro con dirigentes locales del PRO, visit\u00f3 una industria frutihort\u00edcola, mantuvo reuniones con representantes de la sociedad rural e industrias pesqueras y recorri\u00f3\u00a0 el museo Fangio, entre otras actividades.<\/p>\n<p>\u201cContinuando con la recorrida, estuve con el Concejal Carlos \u00c1vila y m\u00e1s tarde con Daniel P\u00edcaro, el Presidente de la cooperativa que brinda los servicios p\u00fablicos en Claromec\u00f3, que adem\u00e1s tiene la distinci\u00f3n de ser hincha granate\u201d, escribi\u00f3 Grindetti en su cuenta de Twitter. <strong>(VW)<\/strong><\/p>\n<p>&nbsp;<\/p>\n","protected":false},"excerpt":{"rendered":"<p>La agenda de Grindetti en el interior bonaerense marca el comienzo de una serie de visitas que realizar\u00e1 por diversos municipios de la provincia para conocer las distintas realidades locales.<\/p>\n","protected":false},"author":4,"featured_media":5001,"comment_status":"closed","ping_status":"closed","sticky":false,"template":"","format":"standard","meta":{"_monsterinsights_skip_tracking":false,"_monsterinsights_sitenote_active":false,"_monsterinsights_sitenote_note":"","_monsterinsights_sitenote_category":0,"footnotes":""},"categories":[4],"tags":[1987,1988,1986,18,1092,356],"class_list":["post-4998","post","type-post","status-publish","format-standard","has-post-thumbnail","hentry","category-politica","tag-balcarce","tag-claromeco","tag-gira","tag-grindetti","tag-interior","tag-provincia"],"_links":{"self":[{"href":"https:\/\/www.visionweb.com.ar\/index.php?rest_route=\/wp\/v2\/posts\/4998","targetHints":{"allow":["GET"]}}],"collection":[{"href":"https:\/\/www.visionweb.com.ar\/index.php?rest_route=\/wp\/v2\/posts"}],"about":[{"href":"https:\/\/www.visionweb.com.ar\/index.php?rest_route=\/wp\/v2\/types\/post"}],"author":[{"embeddable":true,"href":"https:\/\/www.visionweb.com.ar\/index.php?rest_route=\/wp\/v2\/users\/4"}],"replies":[{"embeddable":true,"href":"https:\/\/www.visionweb.com.ar\/index.php?rest_route=%2Fwp%2Fv2%2Fcomments&post=4998"}],"version-history":[{"count":2,"href":"https:\/\/www.visionweb.com.ar\/index.php?rest_route=\/wp\/v2\/posts\/4998\/revisions"}],"predecessor-version":[{"id":5002,"href":"https:\/\/www.visionweb.com.ar\/index.php?rest_route=\/wp\/v2\/posts\/4998\/revisions\/5002"}],"wp:featuredmedia":[{"embeddable":true,"href":"https:\/\/www.visionweb.com.ar\/index.php?rest_route=\/wp\/v2\/media\/5001"}],"wp:attachment":[{"href":"https:\/\/www.visionweb.com.ar\/index.php?rest_route=%2Fwp%2Fv2%2Fmedia&parent=4998"}],"wp:term":[{"taxonomy":"category","embeddable":true,"href":"https:\/\/www.visionweb.com.ar\/index.php?rest_route=%2Fwp%2Fv2%2Fcategories&post=4998"},{"taxonomy":"post_tag","embeddable":true,"href":"https:\/\/www.visionweb.com.ar\/index.php?rest_route=%2Fwp%2Fv2%2Ftags&post=4998"}],"curies":[{"name":"wp","href":"https:\/\/api.w.org\/{rel}","templated":true}]}}