{"id":4996,"date":"2022-03-25T10:59:29","date_gmt":"2022-03-25T13:59:29","guid":{"rendered":"https:\/\/www.visionweb.com.ar\/?p=4996"},"modified":"2022-03-25T10:59:29","modified_gmt":"2022-03-25T13:59:29","slug":"baja-el-indice-de-desocupacion","status":"publish","type":"post","link":"https:\/\/www.visionweb.com.ar\/?p=4996","title":{"rendered":"Baja el \u00edndice de desocupaci\u00f3n"},"content":{"rendered":"<p><strong><em> En el cuarto trimestre del a\u00f1o pasado, la tasa de empleo alcanz\u00f3 un m\u00e1ximo hist\u00f3rico ubic\u00e1ndose en el 43,6% de la poblaci\u00f3n. Desde el inicio de la serie en 2016, no hab\u00eda logrado superar el 43%.<\/em><\/strong><!--more--><\/p>\n<p><strong><img loading=\"lazy\" decoding=\"async\" class=\"size-full wp-image-4870 alignright\" src=\"https:\/\/www.visionweb.com.ar\/wp-content\/uploads\/2022\/03\/trabajo.bmp\" alt=\"\" width=\"573\" height=\"360\" \/>E<\/strong>l \u00edndice de desocupaci\u00f3n baj\u00f3 al 7% al t\u00e9rmino del cuarto trimestre del a\u00f1o pasado, 4 puntos porcentuales por debajo del 11% registrado al cierre de 2020, inform\u00f3 el Instituto Nacional de Estad\u00edstica y Censos (Indec).<\/p>\n<p>De esta manera, el \u00edndice tambi\u00e9n se ubic\u00f3 1,2 puntos porcentuales por debajo del 8,2% del tercer trimestre del a\u00f1o pasado.<\/p>\n<p>Durante 2021, la econom\u00eda en su conjunto creci\u00f3 10,3% y recuper\u00f3 gran parte de la ca\u00edda del 9,9% registrada en 2020, cuando se impusieron restricciones para combatir la pandemia de coronavirus.<\/p>\n<p>Adem\u00e1s, en el cuarto trimestre del a\u00f1o pasado, la tasa de empleo alcanz\u00f3 un m\u00e1ximo hist\u00f3rico ubic\u00e1ndose en el 43,6% de la poblaci\u00f3n. Desde el inicio de la serie en 2016, no hab\u00eda logrado superar el 43%.<\/p>\n<p>Por otra parte, la tasa de actividad en el cuarto trimestre de 2021 alcanz\u00f3 el 46,9% de la poblaci\u00f3n y creci\u00f3 0,2 puntos porcentuales (p.p.) respecto al trimestre anterior (46,7%) y 1,9 p.p. respecto al mismo trimestre de 2020 (45,0%)<strong>(VW)<\/strong><\/p>\n","protected":false},"excerpt":{"rendered":"<p>En el cuarto trimestre del a\u00f1o pasado, la tasa de empleo alcanz\u00f3 un m\u00e1ximo hist\u00f3rico ubic\u00e1ndose en el 43,6% de la poblaci\u00f3n. Desde el inicio de la serie en 2016, no hab\u00eda logrado superar&#46;&#46;&#46;<\/p>\n","protected":false},"author":3,"featured_media":4870,"comment_status":"closed","ping_status":"closed","sticky":false,"template":"","format":"standard","meta":{"_monsterinsights_skip_tracking":false,"_monsterinsights_sitenote_active":false,"_monsterinsights_sitenote_note":"","_monsterinsights_sitenote_category":0,"footnotes":""},"categories":[6],"tags":[1984,646,1985],"class_list":["post-4996","post","type-post","status-publish","format-standard","has-post-thumbnail","hentry","category-economia","tag-desocupacion","tag-economia","tag-recueperacionn"],"_links":{"self":[{"href":"https:\/\/www.visionweb.com.ar\/index.php?rest_route=\/wp\/v2\/posts\/4996","targetHints":{"allow":["GET"]}}],"collection":[{"href":"https:\/\/www.visionweb.com.ar\/index.php?rest_route=\/wp\/v2\/posts"}],"about":[{"href":"https:\/\/www.visionweb.com.ar\/index.php?rest_route=\/wp\/v2\/types\/post"}],"author":[{"embeddable":true,"href":"https:\/\/www.visionweb.com.ar\/index.php?rest_route=\/wp\/v2\/users\/3"}],"replies":[{"embeddable":true,"href":"https:\/\/www.visionweb.com.ar\/index.php?rest_route=%2Fwp%2Fv2%2Fcomments&post=4996"}],"version-history":[{"count":1,"href":"https:\/\/www.visionweb.com.ar\/index.php?rest_route=\/wp\/v2\/posts\/4996\/revisions"}],"predecessor-version":[{"id":4997,"href":"https:\/\/www.visionweb.com.ar\/index.php?rest_route=\/wp\/v2\/posts\/4996\/revisions\/4997"}],"wp:featuredmedia":[{"embeddable":true,"href":"https:\/\/www.visionweb.com.ar\/index.php?rest_route=\/wp\/v2\/media\/4870"}],"wp:attachment":[{"href":"https:\/\/www.visionweb.com.ar\/index.php?rest_route=%2Fwp%2Fv2%2Fmedia&parent=4996"}],"wp:term":[{"taxonomy":"category","embeddable":true,"href":"https:\/\/www.visionweb.com.ar\/index.php?rest_route=%2Fwp%2Fv2%2Fcategories&post=4996"},{"taxonomy":"post_tag","embeddable":true,"href":"https:\/\/www.visionweb.com.ar\/index.php?rest_route=%2Fwp%2Fv2%2Ftags&post=4996"}],"curies":[{"name":"wp","href":"https:\/\/api.w.org\/{rel}","templated":true}]}}