{"id":4989,"date":"2022-03-25T10:29:09","date_gmt":"2022-03-25T13:29:09","guid":{"rendered":"https:\/\/www.visionweb.com.ar\/?p=4989"},"modified":"2022-03-25T10:29:09","modified_gmt":"2022-03-25T13:29:09","slug":"lanus-jornada-de-capacitacion-de-rcp","status":"publish","type":"post","link":"https:\/\/www.visionweb.com.ar\/?p=4989","title":{"rendered":"Lan\u00fas: Jornada de Capacitaci\u00f3n de RCP"},"content":{"rendered":"<p><em><strong>Hoy se dicta otro curso de aprendizaje<\/strong><strong> maniobras b\u00e1sicas de primeros auxilios para casos de emergencia.<\/strong><strong> La inscripci\u00f3n es virtual y gratuita.<\/strong> <strong>Se suspende por lluvia.<\/strong><\/em><!--more--><\/p>\n<p><strong>\u00a0<\/strong>\u00a0 <img loading=\"lazy\" decoding=\"async\" class=\"size-medium wp-image-4991 alignright\" src=\"https:\/\/www.visionweb.com.ar\/wp-content\/uploads\/2022\/03\/RCP-lanus-jornada-293x300.jpg\" alt=\"\" width=\"293\" height=\"300\" srcset=\"https:\/\/www.visionweb.com.ar\/wp-content\/uploads\/2022\/03\/RCP-lanus-jornada-293x300.jpg 293w, https:\/\/www.visionweb.com.ar\/wp-content\/uploads\/2022\/03\/RCP-lanus-jornada.jpg 509w\" sizes=\"auto, (max-width: 293px) 100vw, 293px\" \/>\u00a0\u00a0\u00a0\u00a0\u00a0\u00a0\u00a0\u00a0\u00a0 <strong>E<\/strong>l Municipio de Lan\u00fas, a trav\u00e9s del \u00e1rea de Defensa Civil, dictar\u00e1 la \u00faltima charla gratuita sobre el correcto uso del desfibrilador y el aprendizaje de maniobras de RCP (Reanimaci\u00f3n Cardio Pulmonar) hoy viernes 25 a las 16.30 horas \u00a0en la Plaza 25 de Mayo, sita en Santiago Plaul y Av. 25 de Mayo, Lan\u00fas Oeste.<\/p>\n<p>Con el objetivo de saber asistir ante situaciones de emergencia, fundamentalmente primeros auxilios y reanimaci\u00f3n cardiopulmonar,\u00a0estas charlas apuntan a brindar herramientas \u00fatiles de autoprotecci\u00f3n a personas de todas las edades.<\/p>\n<p>Los cursos est\u00e1n a cargo de capacitadores que, de ser necesario, adaptan su lenguaje para que pueda ser comprendido por cada una de las franjas etarias de la sociedad, es decir que la participaci\u00f3n est\u00e1 dirigida a toda la familia, incluidos ni\u00f1os y ni\u00f1as en edad escolar.<\/p>\n<p>Los conocimientos adquiridos permitir\u00e1n a los asistentes incorporar pr\u00e1cticas elementales a la hora de enfrentar situaciones de emergencia dom\u00e9stica o incluso accidentes en la v\u00eda p\u00fablica. Inscripciones:\u00a0<a href=\"https:\/\/lanus.gob.ar\/jornadasrcp\">https:\/\/lanus.gob.ar\/jornadasrcp<\/a>\u00a0\u00a0\u00a0 <strong>(VW)<\/strong><\/p>\n","protected":false},"excerpt":{"rendered":"<p>Hoy se dicta otro curso de aprendizaje maniobras b\u00e1sicas de primeros auxilios para casos de emergencia. La inscripci\u00f3n es virtual y gratuita. Se suspende por lluvia.<\/p>\n","protected":false},"author":4,"featured_media":4991,"comment_status":"closed","ping_status":"closed","sticky":false,"template":"","format":"standard","meta":{"_monsterinsights_skip_tracking":false,"_monsterinsights_sitenote_active":false,"_monsterinsights_sitenote_note":"","_monsterinsights_sitenote_category":0,"footnotes":""},"categories":[8],"tags":[949,1777,1982,19,1776,1775],"class_list":["post-4989","post","type-post","status-publish","format-standard","has-post-thumbnail","hentry","category-interes-general","tag-capacitacion","tag-cursos","tag-defensa-civil","tag-lanus","tag-primeros-auxilios","tag-rcp"],"_links":{"self":[{"href":"https:\/\/www.visionweb.com.ar\/index.php?rest_route=\/wp\/v2\/posts\/4989","targetHints":{"allow":["GET"]}}],"collection":[{"href":"https:\/\/www.visionweb.com.ar\/index.php?rest_route=\/wp\/v2\/posts"}],"about":[{"href":"https:\/\/www.visionweb.com.ar\/index.php?rest_route=\/wp\/v2\/types\/post"}],"author":[{"embeddable":true,"href":"https:\/\/www.visionweb.com.ar\/index.php?rest_route=\/wp\/v2\/users\/4"}],"replies":[{"embeddable":true,"href":"https:\/\/www.visionweb.com.ar\/index.php?rest_route=%2Fwp%2Fv2%2Fcomments&post=4989"}],"version-history":[{"count":2,"href":"https:\/\/www.visionweb.com.ar\/index.php?rest_route=\/wp\/v2\/posts\/4989\/revisions"}],"predecessor-version":[{"id":4992,"href":"https:\/\/www.visionweb.com.ar\/index.php?rest_route=\/wp\/v2\/posts\/4989\/revisions\/4992"}],"wp:featuredmedia":[{"embeddable":true,"href":"https:\/\/www.visionweb.com.ar\/index.php?rest_route=\/wp\/v2\/media\/4991"}],"wp:attachment":[{"href":"https:\/\/www.visionweb.com.ar\/index.php?rest_route=%2Fwp%2Fv2%2Fmedia&parent=4989"}],"wp:term":[{"taxonomy":"category","embeddable":true,"href":"https:\/\/www.visionweb.com.ar\/index.php?rest_route=%2Fwp%2Fv2%2Fcategories&post=4989"},{"taxonomy":"post_tag","embeddable":true,"href":"https:\/\/www.visionweb.com.ar\/index.php?rest_route=%2Fwp%2Fv2%2Ftags&post=4989"}],"curies":[{"name":"wp","href":"https:\/\/api.w.org\/{rel}","templated":true}]}}