{"id":4985,"date":"2022-03-24T22:31:42","date_gmt":"2022-03-25T01:31:42","guid":{"rendered":"https:\/\/www.visionweb.com.ar\/?p=4985"},"modified":"2022-03-24T22:31:42","modified_gmt":"2022-03-25T01:31:42","slug":"fernandez-la-dictadura-fue-impiadosa-porque-le-temia-al-pensamiento","status":"publish","type":"post","link":"https:\/\/www.visionweb.com.ar\/?p=4985","title":{"rendered":"Fern\u00e1ndez: La dictadura fue impiadosa porque le tem\u00eda al pensamiento"},"content":{"rendered":"<p><em><strong>El presidente Alberto Fern\u00e1ndez record\u00f3 la fecha en un acto que se realiz\u00f3 en el Auditorio del Centro Cultural de la Ciencia, en el Polo Tecnol\u00f3gico, lejos de la marcha de La C\u00e1mpora.<\/strong><\/em>\u00a0 <!--more--><\/p>\n<div id=\"attachment_4986\" style=\"width: 310px\" class=\"wp-caption alignright\"><img loading=\"lazy\" decoding=\"async\" aria-describedby=\"caption-attachment-4986\" class=\"wp-image-4986 size-medium\" src=\"https:\/\/www.visionweb.com.ar\/wp-content\/uploads\/2022\/03\/El-presidente-Alberto-en-el-acto-en-el-Centro-de-Innovacion-Tecnologica-300x200.jpg\" alt=\"\" width=\"300\" height=\"200\" srcset=\"https:\/\/www.visionweb.com.ar\/wp-content\/uploads\/2022\/03\/El-presidente-Alberto-en-el-acto-en-el-Centro-de-Innovacion-Tecnologica-300x200.jpg 300w, https:\/\/www.visionweb.com.ar\/wp-content\/uploads\/2022\/03\/El-presidente-Alberto-en-el-acto-en-el-Centro-de-Innovacion-Tecnologica.jpg 640w\" sizes=\"auto, (max-width: 300px) 100vw, 300px\" \/><p id=\"caption-attachment-4986\" class=\"wp-caption-text\"><strong><em>El presidente A. Fern\u00e1ndez en el Centro de Innovaci\u00f3n Tecnol\u00f3gica donde record\u00f3 los 46 a\u00f1os del Golpe de Estado de 1976 (Foto: Prensa Casa Rosada.<\/em><\/strong><\/p><\/div>\n<p><strong>E<\/strong>l presidente Alberto Fern\u00e1ndez enfatiz\u00f3 este jueves que \u201cla dictadura fue impiadosa porque le tem\u00eda al pensamiento\u201d, al encabezar un acto de homenaje a la memoria de ocho investigadores y miembros del Consejo Nacional de Investigaciones Cient\u00edficas y T\u00e9cnicas (CONICET) detenidos desaparecidos, al conmemorarse el 46\u00b0 aniversario del golpe c\u00edvico militar, ocurrido el 24 de marzo de 1976.<\/p>\n<p>El mandatario record\u00f3 que la dictadura \u201cse llev\u00f3 la vida de todo lo que se le opon\u00eda enfrente: si eran trabajadores, mataban trabajadores; estudiantes, mataban estudiantes; si eran abogados defensores de los derechos humanos los mataban, los exiliaban; si eran empresarios los robaban, los torturaban; si eran cient\u00edficos tambi\u00e9n los hac\u00edan desaparecer. Algo tuvieron en com\u00fan las dictaduras: a nada le temieron m\u00e1s que al pensamiento, nada fue m\u00e1s peligroso\u201d.<\/p>\n<p>As\u00ed lo expuso el mandatario nacional al conmemorar el D\u00eda Nacional de la Memoria por la Verdad y la Justica realizada en el Auditorio del Centro Cultural de la Ciencia, en el Polo Tecnol\u00f3gico del barrio porte\u00f1o de Palermo, en la que se entregaron los legajos reparados a familiares y allegados de los trabajadores del organismo, v\u00edctimas del terrorismo de Estado, indic\u00f3 Prensa de Presidencia de la Naci\u00f3n.<\/p>\n<p>Tras reconocer la labor de Madres y Abuelas de Plaza de Mayo, el Presidente exhort\u00f3 a \u201cno olvidar, nunca olvidar. No se trata de venganza, se trata de tener memoria. Porque si no tenemos memoria vas a repetir experiencias, y no queremos repetir esa experiencia maldita que se llev\u00f3 a los que cre\u00edan en una sociedad m\u00e1s libre, igualitaria, justa\u201d.<\/p>\n<p>Finalmente, Fern\u00e1ndez fustig\u00f3 a quienes niegan el genocidio, donde fueron secuestrados y hechos desaparecer \u201c30 mil argentinos y argentinas, mataron a miles, encarcelaron miles, enviaron al exilio a otros miles\u201d.<\/p>\n<p>Acompa\u00f1aron al Jefe de Estado el jefe de Gabinete, Juan Manzur; los ministros y ministras de Ciencia, Tecnolog\u00eda e Innovaci\u00f3n, Daniel Filmus; de Justicia y Derechos Humanos, Mart\u00edn Soria; de Salud, Carla Vizzotti; de Relaciones Exteriores, Comercio Internacional y Culto, Santiago Cafiero; de Trabajo, Empleo y Seguridad Social, Claudio Moroni; de Cultura, Trist\u00e1n Bauer; de Ambiente y Desarrollo Sostenible, Juan Cabandi\u00e9; de Desarrollo Social, Juan Zabaleta; y de Educaci\u00f3n, Jaime Perczyk.<\/p>\n<h3 style=\"text-align: center;\"><strong><em>En el acto hubo un reconocimiento a los investigadores exonerados, dados de baja, tuvieron que exiliarse.<\/em><\/strong><\/h3>\n<p>Tambi\u00e9n participaron de la ceremonia las secretarias de Legal y T\u00e9cnica, Vilma Ibarra, y de Relaciones Econ\u00f3micas Internacionales, Cecilia Todesca Bocco; los secretarios de Derechos Humanos, Horacio Pietragalla Corti; general de la Presidencia, Julio Vitobello; y de Asuntos Estrat\u00e9gicos, Gustavo B\u00e9liz; el asesor presidencial Juan Manuel Olmos; el diputado nacional Eduardo Vald\u00e9s y otros funcionarios y legisladores.<\/p>\n<p>Al hablar, Filmus dijo: \u201cNo se puede tapar la verdad, no se puede esconder para siempre\u201d y record\u00f3 que \u201cnos toc\u00f3 con Alberto un momento hist\u00f3rico: bajar el cuadro de los represores cuando N\u00e9stor Kirchner tuvo el coraje junto con todo el pueblo argentino de decirle no al Punto Final, no a la Obediencia Debida, no al indulto, cuando parec\u00eda que est\u00e1bamos condenados a vivir para siempre en un pa\u00eds donde no \u00edbamos a tener el derecho de poder ir caminando por las calles sin el temor de encontrarnos con un torturador\u201d.<\/p>\n<p>A su turno, Taty Almeida afirm\u00f3 que \u201c\u00e9ste es un encuentro con personas que demuestran tener memoria. Todo es memoria, tan necesaria, esa memoria que m\u00e1s de una vez quisieron borrar y no pudieron ni con la pandemia. Esta memoria que hoy estamos recordando por estos ocho compa\u00f1eras y compa\u00f1eros detenidos desparecidos del CONICET y por es tan importante la entrega de los legajos\u00bb.<\/p>\n<p>La titular de Abuelas de Plaza de Mayo, Estela de Carlotto, envi\u00f3 un mensaje grabado en un video, en el que salud\u00f3 a los cient\u00edficos y calific\u00f3 al 24 de marzo de 1976 como \u201cuna fecha nefasta pero necesaria de no olvidar\u201d para finalmente desearles \u201clo mejor y a recordar porque la memoria, la verdad y la justicia no son palabras sino nuestro pensamiento de argentinos\u201d.<\/p>\n<p>Los legajos reconstruidos fueron entregados a familiares y allegados de Alicia Cardoso, Liliana Galletti, Dante Guede, Roberto L\u00f3pez Avramo, Mario Galuppo, Federico L\u00fcdden Lehmann, Manuel Saavedra y Mart\u00edn Toursarkissian.<\/p>\n<p>Adem\u00e1s, se reconoci\u00f3 a quienes fueron cesanteados, exonerados, dados de baja, tuvieron que exiliarse o no se les permiti\u00f3 continuar con sus investigaciones, durante el per\u00edodo 1976-1983, a la vez que se descubri\u00f3 una placa conmemorativa en la explanada de la sede del CONICET<strong>(VW)<\/strong>.<\/p>\n<p>&nbsp;<\/p>\n<p>&nbsp;<\/p>\n","protected":false},"excerpt":{"rendered":"<p>El presidente Alberto Fern\u00e1ndez record\u00f3 la fecha en un acto que se realiz\u00f3 en el Auditorio del Centro Cultural de la Ciencia, en el Polo Tecnol\u00f3gico, lejos de la marcha de La C\u00e1mpora.\u00a0<\/p>\n","protected":false},"author":3,"featured_media":4986,"comment_status":"closed","ping_status":"closed","sticky":false,"template":"","format":"standard","meta":{"_monsterinsights_skip_tracking":false,"_monsterinsights_sitenote_active":false,"_monsterinsights_sitenote_note":"","_monsterinsights_sitenote_category":0,"footnotes":""},"categories":[4],"tags":[15,1170,1981],"class_list":["post-4985","post","type-post","status-publish","format-standard","has-post-thumbnail","hentry","category-politica","tag-fernandez","tag-manzur","tag-memoria-filmus"],"_links":{"self":[{"href":"https:\/\/www.visionweb.com.ar\/index.php?rest_route=\/wp\/v2\/posts\/4985","targetHints":{"allow":["GET"]}}],"collection":[{"href":"https:\/\/www.visionweb.com.ar\/index.php?rest_route=\/wp\/v2\/posts"}],"about":[{"href":"https:\/\/www.visionweb.com.ar\/index.php?rest_route=\/wp\/v2\/types\/post"}],"author":[{"embeddable":true,"href":"https:\/\/www.visionweb.com.ar\/index.php?rest_route=\/wp\/v2\/users\/3"}],"replies":[{"embeddable":true,"href":"https:\/\/www.visionweb.com.ar\/index.php?rest_route=%2Fwp%2Fv2%2Fcomments&post=4985"}],"version-history":[{"count":1,"href":"https:\/\/www.visionweb.com.ar\/index.php?rest_route=\/wp\/v2\/posts\/4985\/revisions"}],"predecessor-version":[{"id":4987,"href":"https:\/\/www.visionweb.com.ar\/index.php?rest_route=\/wp\/v2\/posts\/4985\/revisions\/4987"}],"wp:featuredmedia":[{"embeddable":true,"href":"https:\/\/www.visionweb.com.ar\/index.php?rest_route=\/wp\/v2\/media\/4986"}],"wp:attachment":[{"href":"https:\/\/www.visionweb.com.ar\/index.php?rest_route=%2Fwp%2Fv2%2Fmedia&parent=4985"}],"wp:term":[{"taxonomy":"category","embeddable":true,"href":"https:\/\/www.visionweb.com.ar\/index.php?rest_route=%2Fwp%2Fv2%2Fcategories&post=4985"},{"taxonomy":"post_tag","embeddable":true,"href":"https:\/\/www.visionweb.com.ar\/index.php?rest_route=%2Fwp%2Fv2%2Ftags&post=4985"}],"curies":[{"name":"wp","href":"https:\/\/api.w.org\/{rel}","templated":true}]}}