{"id":4980,"date":"2022-03-25T06:00:48","date_gmt":"2022-03-25T09:00:48","guid":{"rendered":"https:\/\/www.visionweb.com.ar\/?p=4980"},"modified":"2022-03-24T22:09:03","modified_gmt":"2022-03-25T01:09:03","slug":"en-el-dia-nacional-de-la-memoria-se-recordo-los-46-anos-del-golpe-militar-la-dictadura-mas-cruenta","status":"publish","type":"post","link":"https:\/\/www.visionweb.com.ar\/?p=4980","title":{"rendered":"En el D\u00eda Nacional de la Memoria se record\u00f3 los 46 a\u00f1os del golpe militar, la dictadura m\u00e1s cruenta"},"content":{"rendered":"<p><strong><em>Con marchas en diversas ciudades del interior, la Campora y las agrupaciones de izquierda coparon la jornada. El presidente Fern\u00e1ndez record\u00f3 la fecha en una acto que se realiz\u00f3 en el Auditorio del Centro Cultural de la Ciencia, en el Polo Tecnol\u00f3gico.<\/em><\/strong><!--more--><\/p>\n<div id=\"attachment_4981\" style=\"width: 310px\" class=\"wp-caption alignright\"><img loading=\"lazy\" decoding=\"async\" aria-describedby=\"caption-attachment-4981\" class=\"wp-image-4981 size-medium\" src=\"https:\/\/www.visionweb.com.ar\/wp-content\/uploads\/2022\/03\/Maximo-Kirchner-junto-a-los-militantes-de-La-Campora-300x196.png\" alt=\"\" width=\"300\" height=\"196\" srcset=\"https:\/\/www.visionweb.com.ar\/wp-content\/uploads\/2022\/03\/Maximo-Kirchner-junto-a-los-militantes-de-La-Campora-300x196.png 300w, https:\/\/www.visionweb.com.ar\/wp-content\/uploads\/2022\/03\/Maximo-Kirchner-junto-a-los-militantes-de-La-Campora.png 640w\" sizes=\"auto, (max-width: 300px) 100vw, 300px\" \/><p id=\"caption-attachment-4981\" class=\"wp-caption-text\">El Diputado nacional M\u00e1ximo Kirchner junto a la militancia de Las C\u00e1mpora en la marcha por \u00abEl D\u00eda de la Memoria\u00bb (Foto: La Campora.ong)<\/p><\/div>\n<p><strong>L<\/strong>a jornada que record\u00f3 este jueves los 46 a\u00f1os del golpe militar que dio origen a la dictadura m\u00e1s cruenta del siglo XX y que debi\u00f3 constituirse en una acto de todos los argentinos fue monopolizado por las organizaciones de izquierda, \u00a0movimientos sociales y La Campora, que termin\u00f3 haciendo de la fecha hist\u00f3rica un acto pol\u00edtico.<\/p>\n<p>La marcha de esta agrupaci\u00f3n pol\u00edtica que re\u00fane en su seno al kirchnerismo m\u00e1s duro y convoc\u00f3 a la mayor\u00eda de los intendentes y funcionarios peronistas de la provincia de Buenos Aires, busc\u00f3 enviar al \u00a0presidente Alberto Fern\u00e1ndez un mensaje.<\/p>\n<p>La militancia camporista marcho entre la Ex ESMA y la Plaza de Mayo y dej\u00f3 varias im\u00e1genes pol\u00edticas significativas, como la que muestra a M\u00e1ximo Kirchner, el l\u00edder de esa organizaci\u00f3n junto al gobernador Axel Kicillof , junto a jefe de Gabinete bonaerense, Mart\u00edn Insaurralde, el intendente de Lomas de Zamora en uso de licencia.<\/p>\n<p>Fue un mensaje de cercan\u00eda pol\u00edtica entre ambos como hace tiempo que no se daba, en una movilizaci\u00f3n central para la identidad pol\u00edtica del kirchnerismo, que fue apoyada, adem\u00e1s, por la vicepresidenta Cristina Fern\u00e1ndez.<\/p>\n<p>El encuentro,\u00a0 adem\u00e1s, \u00a0se dio en paralelo a otro acto, el que encabez\u00f3 el presidente Alberto Fern\u00e1ndez en el Ministerio de Ciencias.<\/p>\n<p>Pero lo central fue la presencia de Kirchner, Kicillof y una nutrida lista de intendentes del Conurbano en la columna de La C\u00e1mpora y, no en el acto que encabez\u00f3 el presidente Alberto Fern\u00e1ndez (ver aparte) en el auditorio del Centro Cultural de la Ciencia, en el que homenaje\u00f3 a cient\u00edficos desaparecido junto al ministro el \u00e1rea, Daniel Filmus, y a la titular del Conicet, Ana Mar\u00eda Franchi.<\/p>\n<p>El Presidente apareci\u00f3 as\u00ed en un marco\u00a0 no multitudinario, rodeado de sus m\u00e1s fieles y alejados del sector kirchnerista del oficialismo.<\/p>\n<p>En ese acto, se vieron fisuras, porque mientras Fern\u00e1ndez apel\u00f3 a un gesto m\u00e1s conciliador al se\u00f1alar que el 24 \u201cno encuentra m\u00e1s unidos que nunca\u201d, su propio secretario de Derechos Humanos, Horacio Pietragalla, cercano a La C\u00e1mpora, centr\u00f3 su discurso en ese acto en las consecuencias econ\u00f3micas de la dictadura, un tema sensible en medio de las discusiones sobre el acuerdo con el FMI y las medidas anti inflaci\u00f3n.<\/p>\n<p>M\u00e1ximo Kirchner, que march\u00f3 detr\u00e1s de una enorme bandera que ped\u00eda \u201cindependencia econ\u00f3mica\u201d dijo que \u201clo que tenemos que entender es que cuando la gente est\u00e1 dentro de un gobierno lo malo es menos malo y lo bueno m\u00e1s bueno, cuando la gente est\u00e1 adentro un gobierno es mejor\u201d.<\/p>\n<p>Fueron sus primeras palabras p\u00fablicas despu\u00e9s de renunciar a la presidenta del bloque de Diputados del Frente de Todos como una se\u00f1al de rechazo al acuerdo con el FMI.<\/p>\n<p>Andr\u00e9s \u201cCuervo\u201d Larroque, por su parte, fue \u00a0m\u00e1s duro: record\u00f3 que Alberto Fern\u00e1ndez fue \u201cjefe de campa\u00f1a\u201d del actual diputado opositor Florencio Randazzo consider\u00f3 que \u201ces el Presidente el que tiene que convocarnos\u201d a una mesa de di\u00e1logo pol\u00edtico para limar asperezas en el oficialismo.<\/p>\n<p>La fecha fue establecida en el a\u00f1o 2002 por Ley de la Naci\u00f3n 25.633, cuyo art\u00edculo 1\u00ba establece: \u201cInstit\u00fayase el 24 de marzo como\u00a0<strong>D\u00eda Nacional de la Memoria por la Verdad y la Justicia<\/strong>\u00a0en conmemoraci\u00f3n de quienes resultaron v\u00edctimas del proceso iniciado en esa fecha del a\u00f1o 1976<strong>(VW)<\/strong><\/p>\n","protected":false},"excerpt":{"rendered":"<p>Con marchas en diversas ciudades del interior, la Campora y las agrupaciones de izquierda coparon la jornada. El presidente Fern\u00e1ndez record\u00f3 la fecha en una acto que se realiz\u00f3 en el Auditorio del Centro&#46;&#46;&#46;<\/p>\n","protected":false},"author":3,"featured_media":4981,"comment_status":"closed","ping_status":"closed","sticky":false,"template":"","format":"standard","meta":{"_monsterinsights_skip_tracking":false,"_monsterinsights_sitenote_active":false,"_monsterinsights_sitenote_note":"","_monsterinsights_sitenote_category":0,"footnotes":""},"categories":[4],"tags":[],"class_list":["post-4980","post","type-post","status-publish","format-standard","has-post-thumbnail","hentry","category-politica"],"_links":{"self":[{"href":"https:\/\/www.visionweb.com.ar\/index.php?rest_route=\/wp\/v2\/posts\/4980","targetHints":{"allow":["GET"]}}],"collection":[{"href":"https:\/\/www.visionweb.com.ar\/index.php?rest_route=\/wp\/v2\/posts"}],"about":[{"href":"https:\/\/www.visionweb.com.ar\/index.php?rest_route=\/wp\/v2\/types\/post"}],"author":[{"embeddable":true,"href":"https:\/\/www.visionweb.com.ar\/index.php?rest_route=\/wp\/v2\/users\/3"}],"replies":[{"embeddable":true,"href":"https:\/\/www.visionweb.com.ar\/index.php?rest_route=%2Fwp%2Fv2%2Fcomments&post=4980"}],"version-history":[{"count":3,"href":"https:\/\/www.visionweb.com.ar\/index.php?rest_route=\/wp\/v2\/posts\/4980\/revisions"}],"predecessor-version":[{"id":4984,"href":"https:\/\/www.visionweb.com.ar\/index.php?rest_route=\/wp\/v2\/posts\/4980\/revisions\/4984"}],"wp:featuredmedia":[{"embeddable":true,"href":"https:\/\/www.visionweb.com.ar\/index.php?rest_route=\/wp\/v2\/media\/4981"}],"wp:attachment":[{"href":"https:\/\/www.visionweb.com.ar\/index.php?rest_route=%2Fwp%2Fv2%2Fmedia&parent=4980"}],"wp:term":[{"taxonomy":"category","embeddable":true,"href":"https:\/\/www.visionweb.com.ar\/index.php?rest_route=%2Fwp%2Fv2%2Fcategories&post=4980"},{"taxonomy":"post_tag","embeddable":true,"href":"https:\/\/www.visionweb.com.ar\/index.php?rest_route=%2Fwp%2Fv2%2Ftags&post=4980"}],"curies":[{"name":"wp","href":"https:\/\/api.w.org\/{rel}","templated":true}]}}