{"id":4947,"date":"2022-03-23T08:43:32","date_gmt":"2022-03-23T11:43:32","guid":{"rendered":"https:\/\/www.visionweb.com.ar\/?p=4947"},"modified":"2022-03-23T08:44:53","modified_gmt":"2022-03-23T11:44:53","slug":"la-cupula-de-la-uia-recibio-al-gobernador-bonaerense-axel-kicillof","status":"publish","type":"post","link":"https:\/\/www.visionweb.com.ar\/?p=4947","title":{"rendered":"La c\u00fapula de la UIA recibi\u00f3 al gobernador bonaerense Axel Kicillof"},"content":{"rendered":"<p><strong><em>En funci\u00f3n de los desaf\u00edos de la matriz energ\u00e9tica que impone el contexto global, se coincidi\u00f3 en la necesidad de articular una mesa de trabajo para las cuestiones vinculadas al abastecimiento y al uso eficiente de la energ\u00eda.<\/em><\/strong><!--more--><\/p>\n<p><strong><img loading=\"lazy\" decoding=\"async\" class=\"size-medium wp-image-4949 alignright\" src=\"https:\/\/www.visionweb.com.ar\/wp-content\/uploads\/2022\/03\/UIA-KICILLOF-300x199.png\" alt=\"\" width=\"300\" height=\"199\" srcset=\"https:\/\/www.visionweb.com.ar\/wp-content\/uploads\/2022\/03\/UIA-KICILLOF-300x199.png 300w, https:\/\/www.visionweb.com.ar\/wp-content\/uploads\/2022\/03\/UIA-KICILLOF.png 640w\" sizes=\"auto, (max-width: 300px) 100vw, 300px\" \/>E<\/strong>n un a\u00f1o que ser\u00e1 de mucha actividad para las c\u00e1maras industriales, la Uni\u00f3n Industrial Argentina (UIA), inici\u00f2 su agenda de actividades 2022 con la vista del gobernador bonaerense, Axcel Kicillof.<\/p>\n<p>En ese sentido, las autoridades de la Uni\u00f3n Industrial Argentina (UIA), encabezada por su presidente, Daniel Funes de Rioja, recibieron al mandatario bonaerense y en una reuni\u00f3n de trabajo se analizaron: el presente de la industria en la provincia, los desaf\u00edos para el a\u00f1o en curso y la agenda de trabajo para los pr\u00f3ximos meses.<\/p>\n<p>Al inicio del encuentro -que se llev\u00f3 a cabo en la sede de la UIA-, Funes de Rioja comparti\u00f3 con el gobernador y su equipo \u201cPropuestas UIA para un desarrollo productivo federal, sustentable e inclusivo\u201d.<\/p>\n<p>El documento fue elaborado\u00a0 por los departamentos t\u00e9cnicos, el Centro de Estudios y los socios de la instituci\u00f3n y aborda, desde una perspectiva federal, una agenda productiva para el largo plazo.<\/p>\n<p>Entre las dimensiones trabajadas se encuentran: inversi\u00f3n, empleo, formaci\u00f3n, desarrollo pyme, dinamismo empresarial y exportaciones. Para conocer el contenido completo de \u201cPropuestas UIA\u2026\u201d <a href=\"https:\/\/drive.google.com\/file\/d\/1ekPYz1xr_DM7DQXgvuK13Hrsit5ESXx4\/view\">ingrese al siguiente link.<\/a><\/p>\n<p>La reuni\u00f3n tuvo entre sus ejes principales la actualidad de los diferentes sectores y regiones que conforman el entramado productivo de la provincia. Mart\u00edn Rappalini, presidente de la Uni\u00f3n Industrial de la provincia de Buenos Aires (UIPBA) y Silvio Zurzolo, presidente de la Asociaci\u00f3n de Industriales de la provincia de Buenos Aires (ADIBA) presentaron la agenda de trabajo institucional para 2022.<\/p>\n<p>Adem\u00e1s, se analizaron los desaf\u00edos de la industria en materia de inversiones, generaci\u00f3n de empleo e infraestructura.<\/p>\n<h3 style=\"text-align: center;\"><span style=\"color: #0000ff;\"><strong><em>Inversi\u00f3n, empleo, formaci\u00f3n y desarrollo Pyme, fueron algunos de los puntos analizados en el encuentro.<\/em><\/strong>\u00a0\u00a0<\/span><\/h3>\n<p><span style=\"color: #0000ff;\">E<\/span>n funci\u00f3n de los desaf\u00edos de la matriz energ\u00e9tica que impone el contexto global, se coincidi\u00f3 en la necesidad de articular una mesa de trabajo para las cuestiones vinculadas al abastecimiento y al uso eficiente de la energ\u00eda que permitan fortalecer la competitividad de la econom\u00eda.<\/p>\n<p>Por su parte, Kicillof se\u00f1al\u00f3 al conflicto b\u00e9lico en Europa como un factor externo que impactar\u00e1 tanto en las industrias como en la producci\u00f3n de la provincia de Buenos Aires.<\/p>\n<p>En este sentido, destac\u00f3 la importancia de trabajar conjuntamente con las entidades que representan al sector en el territorio bonaerense para avanzar en una agenda que permita atravesar el actual contexto.<\/p>\n<p>Antes de comenzar con las actividades del encuentro de trabajo, las autoridades de la UIA y el Gobernador de la provincia de Buenos Aires visitaron el Centro de Industria X.<\/p>\n<p>All\u00ed se realiz\u00f3 una demostraci\u00f3n en vivo de las diferentes soluciones de tecnolog\u00eda 4.0 aplicadas al proceso productivo. El Centro de Industria X es un espacio dise\u00f1ado para que las empresas conozcan los procesos de transformaci\u00f3n digital y c\u00f3mo impactan de manera positiva en la productividad. Para conocer el Centro de Industria X ingrese a este\u00a0<a href=\"https:\/\/www.uia.org.ar\/RutaX\/centroX\">link.<\/a><\/p>\n<p>Las autoridades de la UIA y la provincia de Buenos Aires seguir\u00e1n trabajando en la agenda de los temas que se abordaron durante la reuni\u00f3n y los ejes del Libro Blanco con vistas a pr\u00f3ximos encuentros.<\/p>\n<p>En las pr\u00f3ximas semanas continuar\u00e1n las reuniones con autoridades de todas las Provincias para abordar las agendas regionales desde una perspectiva federal y productiva.<\/p>\n<p>Acompa\u00f1aron al presidente de la UIA: el vicepresidente de Desarrollo Industrial, Luis Betnaza; los vicepresidentes regionales Adri\u00e1n Kaufmann Brea y Guillermo Moreti; el vicepresidente de Relaciones Internacionales, Luis Tendlarz; el vicepresidente sectorial, David Uriburu; el vicepresidente PyMI, Mat\u00edas Furio.<\/p>\n<p>Tambi\u00e9n estuvieron presentes: el secretario, Miguel \u00c1ngel Rodr\u00edguez; el tesorero, Mart\u00edn Rapallini; los prosecretarios 1\u00b0 Isa\u00edas Drajer y Silvio Z\u00farzolo; la prosecretaria 2\u00b0, Carolina Castro; los vocales Walter Andreozzi, Jos\u00e9 Luis Cintolo, Diego Leal, Cristiano Ratazzi, Pedro Reyna, Agustina Schcolnik y Miguel Sonaras; y el director ejecutivo, Diego Coatz.<\/p>\n<p>Acompa\u00f1aron al gobernador Kicillof: el ministro de Producci\u00f3n, Ciencia e Innovaci\u00f3n Tecnol\u00f3gica y el director de Desarrollo Terriotorial y PyMEs de la provincia de Buenos Aires, Augusto Costa y Ariel Aguilar, respectivamente<strong>(VW)<\/strong>.<\/p>\n","protected":false},"excerpt":{"rendered":"<p>En funci\u00f3n de los desaf\u00edos de la matriz energ\u00e9tica que impone el contexto global, se coincidi\u00f3 en la necesidad de articular una mesa de trabajo para las cuestiones vinculadas al abastecimiento y al uso&#46;&#46;&#46;<\/p>\n","protected":false},"author":3,"featured_media":4949,"comment_status":"closed","ping_status":"closed","sticky":false,"template":"","format":"standard","meta":{"_monsterinsights_skip_tracking":false,"_monsterinsights_sitenote_active":false,"_monsterinsights_sitenote_note":"","_monsterinsights_sitenote_category":0,"footnotes":""},"categories":[6,4],"tags":[1920,167,1774],"class_list":["post-4947","post","type-post","status-publish","format-standard","has-post-thumbnail","hentry","category-economia","category-politica","tag-funes-de-rioja","tag-kicillof","tag-uia"],"_links":{"self":[{"href":"https:\/\/www.visionweb.com.ar\/index.php?rest_route=\/wp\/v2\/posts\/4947","targetHints":{"allow":["GET"]}}],"collection":[{"href":"https:\/\/www.visionweb.com.ar\/index.php?rest_route=\/wp\/v2\/posts"}],"about":[{"href":"https:\/\/www.visionweb.com.ar\/index.php?rest_route=\/wp\/v2\/types\/post"}],"author":[{"embeddable":true,"href":"https:\/\/www.visionweb.com.ar\/index.php?rest_route=\/wp\/v2\/users\/3"}],"replies":[{"embeddable":true,"href":"https:\/\/www.visionweb.com.ar\/index.php?rest_route=%2Fwp%2Fv2%2Fcomments&post=4947"}],"version-history":[{"count":2,"href":"https:\/\/www.visionweb.com.ar\/index.php?rest_route=\/wp\/v2\/posts\/4947\/revisions"}],"predecessor-version":[{"id":4950,"href":"https:\/\/www.visionweb.com.ar\/index.php?rest_route=\/wp\/v2\/posts\/4947\/revisions\/4950"}],"wp:featuredmedia":[{"embeddable":true,"href":"https:\/\/www.visionweb.com.ar\/index.php?rest_route=\/wp\/v2\/media\/4949"}],"wp:attachment":[{"href":"https:\/\/www.visionweb.com.ar\/index.php?rest_route=%2Fwp%2Fv2%2Fmedia&parent=4947"}],"wp:term":[{"taxonomy":"category","embeddable":true,"href":"https:\/\/www.visionweb.com.ar\/index.php?rest_route=%2Fwp%2Fv2%2Fcategories&post=4947"},{"taxonomy":"post_tag","embeddable":true,"href":"https:\/\/www.visionweb.com.ar\/index.php?rest_route=%2Fwp%2Fv2%2Ftags&post=4947"}],"curies":[{"name":"wp","href":"https:\/\/api.w.org\/{rel}","templated":true}]}}