{"id":4937,"date":"2022-03-22T19:05:09","date_gmt":"2022-03-22T22:05:09","guid":{"rendered":"https:\/\/www.visionweb.com.ar\/?p=4937"},"modified":"2022-03-22T19:05:09","modified_gmt":"2022-03-22T22:05:09","slug":"dia-internacional-de-los-bosques-2022-tomar-conciencia","status":"publish","type":"post","link":"https:\/\/www.visionweb.com.ar\/?p=4937","title":{"rendered":"D\u00eda Internacional de los Bosques 2022: Tomar conciencia"},"content":{"rendered":"<p><em><strong>\u201cBosques: consumo y producci\u00f3n sostenibles\u201d, fue el tema central de esta conmemoraci\u00f3n. Este lema supone un llamado a elegir madera sostenible para las personas y el planeta.<\/strong><\/em><!--more--><\/p>\n<div id=\"attachment_4939\" style=\"width: 310px\" class=\"wp-caption alignright\"><img loading=\"lazy\" decoding=\"async\" aria-describedby=\"caption-attachment-4939\" class=\"wp-image-4939 size-medium\" src=\"https:\/\/www.visionweb.com.ar\/wp-content\/uploads\/2022\/03\/bosque-arrayanes-2-300x146.jpg\" alt=\"\" width=\"300\" height=\"146\" srcset=\"https:\/\/www.visionweb.com.ar\/wp-content\/uploads\/2022\/03\/bosque-arrayanes-2-300x146.jpg 300w, https:\/\/www.visionweb.com.ar\/wp-content\/uploads\/2022\/03\/bosque-arrayanes-2.jpg 646w\" sizes=\"auto, (max-width: 300px) 100vw, 300px\" \/><p id=\"caption-attachment-4939\" class=\"wp-caption-text\">Bosque de arrayanes, Bariloche, R\u00edo Negro. (Foto de autor AR VW)<\/p><\/div>\n<p><strong>\u00a0 \u00a0 \u00a0 \u00a0 \u00a0 \u00a0E<\/strong>l D\u00eda Internacional de los Bosques acontece cada 21 de marzo desde 2012, cuando la Asamblea General de las Naciones Unidas lo proclam\u00f3 as\u00ed.\u00a0 Los bosques son fundamentales para combatir el cambio clim\u00e1tico,\u00a0ejercen un papel fundamental en la erradicaci\u00f3n de la pobreza y el logro de metas de desarrollo convenidos internacionalmente, incluidos los Objetivos de Desarrollo Sostenible (ODS).<\/p>\n<p>La elecci\u00f3n de la fecha por parte de Naciones Unidas coincide con el equinoccio de primavera en el hemisferio norte y el de oto\u00f1o en el hemisferio sur, (aunque este 2022 el equinoccio de oto\u00f1o se produjo el d\u00eda 20).<\/p>\n<p>Su instauraci\u00f3n tuvo como objetivo\u00a0destacar la importancia de los bosques en el ecosistema del planeta\u00a0y concientizar al mundo de la necesidad de preservarlos y protegerlos.<\/p>\n<p>Los organizadores oficiales son el\u00a0<a href=\"https:\/\/www.un.org\/development\/desa\/es\/about\/desa-divisions\/forum-forests.html\">Foro de las Naciones Unidas para los Bosques<\/a>, en colaboraci\u00f3n con la\u00a0<a href=\"http:\/\/www.fao.org\/home\/es\/\">Organizaci\u00f3n de las Naciones Unidas para la Alimentaci\u00f3n y la Agricultura<\/a>\u00a0(FAO), as\u00ed como la\u00a0<a href=\"http:\/\/www.cpfweb.org\/es\/\">Asociaci\u00f3n de Colaboraci\u00f3n en materia de Bosques<\/a>, entre otras entidades y agrupaciones.<\/p>\n<p>Pese a los incre\u00edbles beneficios ecol\u00f3gicos, econ\u00f3micos y sociales que brindan los bosques, la deforestaci\u00f3n contin\u00faa a un ritmo sin precedentes.<\/p>\n<p>A escala planetaria, los bosques cubren casi cuatro mil millones de hect\u00e1reas, lo que corresponde al 30% de la superficie del globo y constituyen el segundo mayor sumidero de carbono tras los oc\u00e9anos, puesto que en su\u00a0proceso de fotos\u00edntesis absorben grandes cantidades de CO2\u00a0y emiten ox\u00edgeno.<\/p>\n<p><strong>Los bosques juegan un rol fundamental a la hora de\u00a0luchar contra el calentamiento global<\/strong>\u00a0<strong>gracias a su capacidad de retener el carbono, que luego permanece almacenado en las ramas, la madera y las dem\u00e1s partes de los \u00e1rboles.<\/strong><\/p>\n<p>El bosque tambi\u00e9n\u00a0mejora la calidad del aire y del agua del entorno, al filtrar el polvo y la contaminaci\u00f3n microbiana y previene la erosi\u00f3n del suelo. La copa de los \u00e1rboles capta parte del agua que procede de las precipitaciones, mientras gran parte se evapora y el resto alimenta al \u00e1rbol y a las aguas subterr\u00e1neas que a la vez alimentan diferentes manantiales naturales.<\/p>\n<div id=\"attachment_4940\" style=\"width: 272px\" class=\"wp-caption alignleft\"><img loading=\"lazy\" decoding=\"async\" aria-describedby=\"caption-attachment-4940\" class=\"wp-image-4940 size-medium\" src=\"https:\/\/www.visionweb.com.ar\/wp-content\/uploads\/2022\/03\/bosque-1-262x300.jpg\" alt=\"\" width=\"262\" height=\"300\" srcset=\"https:\/\/www.visionweb.com.ar\/wp-content\/uploads\/2022\/03\/bosque-1-262x300.jpg 262w, https:\/\/www.visionweb.com.ar\/wp-content\/uploads\/2022\/03\/bosque-1.jpg 432w\" sizes=\"auto, (max-width: 262px) 100vw, 262px\" \/><p id=\"caption-attachment-4940\" class=\"wp-caption-text\">Cada bosque mejora la calidad del aire y el agua del entorno. (Foto de autor AR VW)<\/p><\/div>\n<p>Cada bosque<strong>\u00a0<\/strong>participa activamente en la regulaci\u00f3n del clima a escala global, a trav\u00e9s de la distribuci\u00f3n geogr\u00e1fica del agua y el filtrado y captaci\u00f3n de las precipitaciones. Tambi\u00e9n interviene en los intercambios de agua con los sustratos y del vapor de agua con la atm\u00f3sfera. El sistema radicular permite una gran circulaci\u00f3n del agua que llega al suelo.<\/p>\n<p><strong>\u00a0<\/strong>Las\u00a0interacciones entre las distintas especies y el entorno forestal\u00a0son esenciales para la preservaci\u00f3n de la biodiversidad. El bosque no s\u00f3lo est\u00e1 formado por \u00e1rboles, sino que tambi\u00e9n constituye el h\u00e1bitat de otras especies de plantas y animales, que viven en interdependencia con los \u00e1rboles.<\/p>\n<p>No olvidemos que la madera ayuda a d\u00eda de hoy a proveer alimentos y agua libres de bacterias en muchas cocinas, construir infinidad de muebles y utensilios, reemplazar materiales tan da\u00f1inos como el pl\u00e1stico, tejer nuevas fibras para nuestra ropa y, a trav\u00e9s de la tecnolog\u00eda, formar parte del \u00e1mbito de la medicina o la carrera espacial.<\/p>\n<p>De ah\u00ed que resulte vital consumir y producir maderas de una manera m\u00e1s amigable con el medio ambiente por el planeta y sus habitantes. Especialmente teniendo en cuenta que se trata de un recurso f\u00e1cilmente renovable si se realiza una gesti\u00f3n sostenible de los bosques.<\/p>\n<p>En resumen, es fundamental entender su importancia, puesto que\u00a0los bosques proporcionan numerosos productos y servicios ecosist\u00e9micos: madera, setas, calidad del agua, plantas medicinales, recreaci\u00f3n, conservaci\u00f3n de la biodiversidad, etc. sin olvidar el insustituible papel que cumplen en la regulaci\u00f3n del carbono y del clima. <strong>(VW)<\/strong><\/p>\n<p>&nbsp;<\/p>\n","protected":false},"excerpt":{"rendered":"<p>\u201cBosques: consumo y producci\u00f3n sostenibles\u201d, fue el tema central de esta conmemoraci\u00f3n. Este lema supone un llamado a elegir madera sostenible para las personas y el planeta.<\/p>\n","protected":false},"author":4,"featured_media":4940,"comment_status":"closed","ping_status":"closed","sticky":false,"template":"","format":"standard","meta":{"_monsterinsights_skip_tracking":false,"_monsterinsights_sitenote_active":false,"_monsterinsights_sitenote_note":"","_monsterinsights_sitenote_category":0,"footnotes":""},"categories":[8],"tags":[1962,1960,1963,1961],"class_list":["post-4937","post","type-post","status-publish","format-standard","has-post-thumbnail","hentry","category-interes-general","tag-biodiversidad","tag-dia-internacional-de-los-bosques","tag-ecosistema","tag-naciones-unidas"],"_links":{"self":[{"href":"https:\/\/www.visionweb.com.ar\/index.php?rest_route=\/wp\/v2\/posts\/4937","targetHints":{"allow":["GET"]}}],"collection":[{"href":"https:\/\/www.visionweb.com.ar\/index.php?rest_route=\/wp\/v2\/posts"}],"about":[{"href":"https:\/\/www.visionweb.com.ar\/index.php?rest_route=\/wp\/v2\/types\/post"}],"author":[{"embeddable":true,"href":"https:\/\/www.visionweb.com.ar\/index.php?rest_route=\/wp\/v2\/users\/4"}],"replies":[{"embeddable":true,"href":"https:\/\/www.visionweb.com.ar\/index.php?rest_route=%2Fwp%2Fv2%2Fcomments&post=4937"}],"version-history":[{"count":2,"href":"https:\/\/www.visionweb.com.ar\/index.php?rest_route=\/wp\/v2\/posts\/4937\/revisions"}],"predecessor-version":[{"id":4941,"href":"https:\/\/www.visionweb.com.ar\/index.php?rest_route=\/wp\/v2\/posts\/4937\/revisions\/4941"}],"wp:featuredmedia":[{"embeddable":true,"href":"https:\/\/www.visionweb.com.ar\/index.php?rest_route=\/wp\/v2\/media\/4940"}],"wp:attachment":[{"href":"https:\/\/www.visionweb.com.ar\/index.php?rest_route=%2Fwp%2Fv2%2Fmedia&parent=4937"}],"wp:term":[{"taxonomy":"category","embeddable":true,"href":"https:\/\/www.visionweb.com.ar\/index.php?rest_route=%2Fwp%2Fv2%2Fcategories&post=4937"},{"taxonomy":"post_tag","embeddable":true,"href":"https:\/\/www.visionweb.com.ar\/index.php?rest_route=%2Fwp%2Fv2%2Ftags&post=4937"}],"curies":[{"name":"wp","href":"https:\/\/api.w.org\/{rel}","templated":true}]}}