{"id":4933,"date":"2022-03-22T17:53:59","date_gmt":"2022-03-22T20:53:59","guid":{"rendered":"https:\/\/www.visionweb.com.ar\/?p=4933"},"modified":"2022-03-22T17:53:59","modified_gmt":"2022-03-22T20:53:59","slug":"avellaneda-inauguro-la-nueva-plaza-7-de-septiembre","status":"publish","type":"post","link":"https:\/\/www.visionweb.com.ar\/?p=4933","title":{"rendered":"Avellaneda inaugur\u00f3 la nueva Plaza 7 de Septiembre"},"content":{"rendered":"<p><em><strong>Se trata de un\u00a0espacio p\u00fablico recuperado donde ahora se puede disfrutar de la\u00a0Plaza 7 de Septiembre, ubicada en Suipacha\u00a0y Pasaje 2, en un entorno donde se est\u00e1n construyendo 120 viviendas financiadas por diferentes programas nacionales.<\/strong><\/em><!--more--><\/p>\n<p><strong><img loading=\"lazy\" decoding=\"async\" class=\"size-full wp-image-4935 aligncenter\" src=\"https:\/\/www.visionweb.com.ar\/wp-content\/uploads\/2022\/03\/plaza-nueva-en-avellaneda.bmp\" alt=\"\" width=\"612\" height=\"303\" \/>E<\/strong>l proyecto permiti\u00f3 recuperar un\u00a0espacio p\u00fablico en desuso para brindar a la comunidad un nuevo lugar de encuentro, que cuenta con un play\u00f3n deportivo, un sector de\u00a0juegos integradores, sectores de descanso, espacios con vegetaci\u00f3n, entre otros aspectos. Vecinos de los barrios de Villa Dom\u00ednico y Gerli participaron de la inauguraci\u00f3n del nuevo espacio verde para recreaci\u00f3n y esparcimiento.<\/p>\n<p>El acto de inauguraci\u00f3n fue el pasado s\u00e1bado 19, encabezado por el\u00a0ministro de H\u00e1bitat, Jorge Ferraresi, el intendente Alejo Chornobroff,<strong>\u00a0<\/strong>y la jefa de gabinete Magdalena Sierra, conforme indic\u00f3 la secretar\u00eda de Prensa de la comuna.<\/p>\n<p>Este espacio verde se encuentra, tambi\u00e9n, en las cercan\u00edas de la Unidad Sanitaria 17 del municipio y de la sede Deheza del programa Envi\u00f3n.<\/p>\n<p>El proyecto permiti\u00f3 recuperar un\u00a0espacio p\u00fablico en desuso para brindar a la comunidad un lugar de encuentro que cuenta con un play\u00f3n deportivo, un sector de<strong>\u00a0<\/strong>juegos integradores\u00a0con hamacas, pasamanos, refugio, sube y baja, adem\u00e1s de sectores de descanso, con mesas, bancos, cestos de basura, espacios con vegetaci\u00f3n y alumbrado p\u00fablico.<\/p>\n<p>De la inauguraci\u00f3n del play\u00f3n deportivo participaron los\u00a0equipos de f\u00fatbol femenino\u00a0de los clubes Reconquista de Suipacha y la Costa de Dock Sud, adem\u00e1s los vecinos pudieron recorrer los stands de la Feria de Econom\u00eda Popular, que se desarroll\u00f3 en el predio.<\/p>\n<p>Tambi\u00e9n estuvieron presentes en el evento, el presidente del Concejo Deliberante de Avellaneda, Hugo Barrueco; el secretario de Obras y Servicios P\u00fablicos, Gast\u00f3n Seill\u00e1n; la de Desarrollo Territorial, M\u00f3nica Ghirelli, junto con otros funcionarios municipales. <strong>(VW)<\/strong><\/p>\n<p>&nbsp;<\/p>\n","protected":false},"excerpt":{"rendered":"<p>Se trata de un\u00a0espacio p\u00fablico recuperado donde ahora se puede disfrutar de la\u00a0Plaza 7 de Septiembre, ubicada en Suipacha\u00a0y Pasaje 2, en un entorno donde se est\u00e1n construyendo 120 viviendas financiadas por diferentes programas&#46;&#46;&#46;<\/p>\n","protected":false},"author":4,"featured_media":4935,"comment_status":"closed","ping_status":"closed","sticky":false,"template":"","format":"standard","meta":{"_monsterinsights_skip_tracking":false,"_monsterinsights_sitenote_active":false,"_monsterinsights_sitenote_note":"","_monsterinsights_sitenote_category":0,"footnotes":""},"categories":[8],"tags":[83,1959,1958,84,1957],"class_list":["post-4933","post","type-post","status-publish","format-standard","has-post-thumbnail","hentry","category-interes-general","tag-avellaneda","tag-chornobroff","tag-espacio-recjperado","tag-ferraresi","tag-plaza-7-de-septiembre"],"_links":{"self":[{"href":"https:\/\/www.visionweb.com.ar\/index.php?rest_route=\/wp\/v2\/posts\/4933","targetHints":{"allow":["GET"]}}],"collection":[{"href":"https:\/\/www.visionweb.com.ar\/index.php?rest_route=\/wp\/v2\/posts"}],"about":[{"href":"https:\/\/www.visionweb.com.ar\/index.php?rest_route=\/wp\/v2\/types\/post"}],"author":[{"embeddable":true,"href":"https:\/\/www.visionweb.com.ar\/index.php?rest_route=\/wp\/v2\/users\/4"}],"replies":[{"embeddable":true,"href":"https:\/\/www.visionweb.com.ar\/index.php?rest_route=%2Fwp%2Fv2%2Fcomments&post=4933"}],"version-history":[{"count":2,"href":"https:\/\/www.visionweb.com.ar\/index.php?rest_route=\/wp\/v2\/posts\/4933\/revisions"}],"predecessor-version":[{"id":4936,"href":"https:\/\/www.visionweb.com.ar\/index.php?rest_route=\/wp\/v2\/posts\/4933\/revisions\/4936"}],"wp:featuredmedia":[{"embeddable":true,"href":"https:\/\/www.visionweb.com.ar\/index.php?rest_route=\/wp\/v2\/media\/4935"}],"wp:attachment":[{"href":"https:\/\/www.visionweb.com.ar\/index.php?rest_route=%2Fwp%2Fv2%2Fmedia&parent=4933"}],"wp:term":[{"taxonomy":"category","embeddable":true,"href":"https:\/\/www.visionweb.com.ar\/index.php?rest_route=%2Fwp%2Fv2%2Fcategories&post=4933"},{"taxonomy":"post_tag","embeddable":true,"href":"https:\/\/www.visionweb.com.ar\/index.php?rest_route=%2Fwp%2Fv2%2Ftags&post=4933"}],"curies":[{"name":"wp","href":"https:\/\/api.w.org\/{rel}","templated":true}]}}