{"id":4925,"date":"2022-03-22T15:11:50","date_gmt":"2022-03-22T18:11:50","guid":{"rendered":"https:\/\/www.visionweb.com.ar\/?p=4925"},"modified":"2022-03-22T15:11:50","modified_gmt":"2022-03-22T18:11:50","slug":"judiciales-bonaerenses-aceptaron-40-en-tres-tramos","status":"publish","type":"post","link":"https:\/\/www.visionweb.com.ar\/?p=4925","title":{"rendered":"Judiciales bonaerenses aceptaron 40% en tres tramos"},"content":{"rendered":"<p><em><strong>Los judiciales aceptaron la propuesta salarial del gobierno de Kicillof, que tambi\u00e9n contempla una bonificaci\u00f3n de 2,7% y una\u00a0cl\u00e1usula de seguimiento de inflaci\u00f3n.<\/strong><\/em><!--more--><\/p>\n<p><strong><img loading=\"lazy\" decoding=\"async\" class=\"size-full wp-image-4927 alignright\" src=\"https:\/\/www.visionweb.com.ar\/wp-content\/uploads\/2022\/03\/judiciales-aceptan-auemnto.bmp\" alt=\"\" width=\"417\" height=\"417\" \/>L<\/strong>a Asociaci\u00f3n Judicial Bonaerense (AJB) acept\u00f3 el lunes por la noche una \u00faltima oferta salarial del Gobierno de la Provincia que incluye un aumento del\u00a040% en tres tramos: el 16% en marzo, 10% en julio y 14% en septiembre. Tambi\u00e9n contempla una\u00a0cl\u00e1usula de seguimiento de inflaci\u00f3n, que garantizar\u00eda la posibilidad de revisi\u00f3n ante un escenario inflacionario imprevisto y una segunda cl\u00e1usula de reapertura en septiembre.<\/p>\n<p>Adem\u00e1s, la bonificaci\u00f3n especial y la compensaci\u00f3n funcional se incrementan un 2,7% en dos tramos (marzo 2% y septiembre 0.7%).<\/p>\n<p>Seg\u00fan detall\u00f3 la AJB el acuerdo incluye \u201cel\u00a0aumento de un 50% de los topes para la percepci\u00f3n de Asignaciones Familiares llevando los mismos a $316.731 bruto por grupo familiar y $158.366 bruto de ingreso individual\u201d.<\/p>\n<p>En tanto, la Suprema Corte se comprometi\u00f3 a acodar pases a planta y continuar con las recategorizaciones.<\/p>\n<p>\u201cPor decisi\u00f3n de la mayor\u00eda de las asambleas departamentales de la AJB se ha decidido aceptar la propuesta salarial realizada por el Poder Ejecutivo en la \u00faltima mesa paritaria\u201d, indic\u00f3 la Comisi\u00f3n Directiva Provincial en su comunicado del 21 de marzo.<\/p>\n<p>\u201cLA AJB puso a consideraci\u00f3n de las asambleas de las 20 departamentales la propuesta detallada, concluyendo las mismas por mayor\u00eda en la aceptaci\u00f3n\u201d declar\u00f3.<\/p>\n<p>Al respecto, el secretario general de la AJB Hugo Russo expres\u00f3: \u201cValoramos como muy importante este primer acuerdo paritario, que nos permite en un escenario econ\u00f3mico muy dif\u00edcil llevar cierta certidumbre a nuestros compa\u00f1eros y compa\u00f1eras, pero sin dudas, nos mantendremos en alerta siguiendo los indicadores de inflaci\u00f3n durante toda esta primera etapa del a\u00f1o para reclamar la reapertura de las negociaciones ante posibles saltos inflacionarios imprevistos\u201d.<\/p>\n<p>Por su parte la secretaria adjunta Mar\u00eda In\u00e9s Gim\u00e9nez, resalt\u00f3 que: \u201cFue una negociaci\u00f3n larga e intensa, (\u2026) con la que se ha buscado recomponer en lo inmediato nuestros salarios, alcanzar un piso alto en la cifra global de aumento al mes de septiembre, que entre incremento al sueldo b\u00e1sico y a la bonificaci\u00f3n especial alcanzar\u00e1 en todos los cargos un 42,5% de aumento\u201d. <strong>(VW)<\/strong><\/p>\n","protected":false},"excerpt":{"rendered":"<p>Los judiciales aceptaron la propuesta salarial del gobierno de Kicillof, que tambi\u00e9n contempla una bonificaci\u00f3n de 2,7% y una\u00a0cl\u00e1usula de seguimiento de inflaci\u00f3n.<\/p>\n","protected":false},"author":4,"featured_media":4927,"comment_status":"closed","ping_status":"closed","sticky":false,"template":"","format":"standard","meta":{"_monsterinsights_skip_tracking":false,"_monsterinsights_sitenote_active":false,"_monsterinsights_sitenote_note":"","_monsterinsights_sitenote_category":0,"footnotes":""},"categories":[6],"tags":[1951,1952,649,158],"class_list":["post-4925","post","type-post","status-publish","format-standard","has-post-thumbnail","hentry","category-economia","tag-ajb","tag-aumento-salarial","tag-judiciales","tag-paritarias"],"_links":{"self":[{"href":"https:\/\/www.visionweb.com.ar\/index.php?rest_route=\/wp\/v2\/posts\/4925","targetHints":{"allow":["GET"]}}],"collection":[{"href":"https:\/\/www.visionweb.com.ar\/index.php?rest_route=\/wp\/v2\/posts"}],"about":[{"href":"https:\/\/www.visionweb.com.ar\/index.php?rest_route=\/wp\/v2\/types\/post"}],"author":[{"embeddable":true,"href":"https:\/\/www.visionweb.com.ar\/index.php?rest_route=\/wp\/v2\/users\/4"}],"replies":[{"embeddable":true,"href":"https:\/\/www.visionweb.com.ar\/index.php?rest_route=%2Fwp%2Fv2%2Fcomments&post=4925"}],"version-history":[{"count":2,"href":"https:\/\/www.visionweb.com.ar\/index.php?rest_route=\/wp\/v2\/posts\/4925\/revisions"}],"predecessor-version":[{"id":4928,"href":"https:\/\/www.visionweb.com.ar\/index.php?rest_route=\/wp\/v2\/posts\/4925\/revisions\/4928"}],"wp:featuredmedia":[{"embeddable":true,"href":"https:\/\/www.visionweb.com.ar\/index.php?rest_route=\/wp\/v2\/media\/4927"}],"wp:attachment":[{"href":"https:\/\/www.visionweb.com.ar\/index.php?rest_route=%2Fwp%2Fv2%2Fmedia&parent=4925"}],"wp:term":[{"taxonomy":"category","embeddable":true,"href":"https:\/\/www.visionweb.com.ar\/index.php?rest_route=%2Fwp%2Fv2%2Fcategories&post=4925"},{"taxonomy":"post_tag","embeddable":true,"href":"https:\/\/www.visionweb.com.ar\/index.php?rest_route=%2Fwp%2Fv2%2Ftags&post=4925"}],"curies":[{"name":"wp","href":"https:\/\/api.w.org\/{rel}","templated":true}]}}