{"id":4921,"date":"2022-03-22T12:43:08","date_gmt":"2022-03-22T15:43:08","guid":{"rendered":"https:\/\/www.visionweb.com.ar\/?p=4921"},"modified":"2022-03-22T12:43:55","modified_gmt":"2022-03-22T15:43:55","slug":"vacaciones-la-provincia-recibio-mas-de-16-millones-de-turistas","status":"publish","type":"post","link":"https:\/\/www.visionweb.com.ar\/?p=4921","title":{"rendered":"Vacaciones: La Provincia recibi\u00f3 m\u00e1s de 16 millones de turistas"},"content":{"rendered":"<p><strong><em>El sector tur\u00edstico bonaerense registr\u00f3 un verano hist\u00f3rico con plena ocupaci\u00f3n hotelera en distintas localidades. De acuerdo a datos informados por el Ferrocarril Roca,<\/em> <em>el ramal Constituci\u00f3n-Mar del Plata registr\u00f3 su mayor cantidad de pasajeros transportados desde 2008.<\/em><\/strong><!--more--><\/p>\n<div id=\"attachment_4922\" style=\"width: 310px\" class=\"wp-caption alignright\"><img loading=\"lazy\" decoding=\"async\" aria-describedby=\"caption-attachment-4922\" class=\"wp-image-4922 size-medium\" src=\"https:\/\/www.visionweb.com.ar\/wp-content\/uploads\/2022\/03\/MAr-del-Sur-Pesca-300x189.png\" alt=\"\" width=\"300\" height=\"189\" srcset=\"https:\/\/www.visionweb.com.ar\/wp-content\/uploads\/2022\/03\/MAr-del-Sur-Pesca-300x189.png 300w, https:\/\/www.visionweb.com.ar\/wp-content\/uploads\/2022\/03\/MAr-del-Sur-Pesca.png 731w\" sizes=\"auto, (max-width: 300px) 100vw, 300px\" \/><p id=\"caption-attachment-4922\" class=\"wp-caption-text\"><em><strong>Las playas de Mar del Sur, mostraron una cantidad inusual de turistas, aseguran los lugare\u00f1os que fue el mejor a\u00f1o (Foto del autor) <\/strong><\/em><\/p><\/div>\n<p><strong>M<\/strong>\u00e1s de 16 millones de habitantes visitaron las distintas ciudades y \u00e1reas tur\u00edsticas de la provincia de Buenos Aires en la temporada de verano 2021\/2022, seg\u00fan los datos publicados por el ministerio de Producci\u00f3n, Ciencia e Innovaci\u00f3n bonaerense.<\/p>\n<p>La temporada que acaba de finalizar fue considerada por los privados y las autoridades bonaerenses como la mejor temporada de verano de los \u00faltimos 10 a\u00f1os.<\/p>\n<p>Los resultados del relevamiento provincial implican un 19,5% m\u00e1s de turistas en comparaci\u00f3n con el promedio de los \u00faltimos 5 a\u00f1os.<\/p>\n<p>A su vez diversas localidades bonaerenses registraron una ocupaci\u00f3n hotelera superior al 96% durante todo el verano, entre ellas, Mar de las Pampas, Monte Hermoso, Caril\u00f3, Valeria del Mar, Mar Azul, Costa del Este, Mar del Tuy\u00fa, Aguas Verdes, Santa Clara del Mar, Las Gaviotas o Mar del sur.<\/p>\n<p>Walter Navas, un artesano que frecuenta las playas marsurenses desde hace tres d\u00e9cadas, no du\u00f3 en asegurar a visi\u00f3nweb.com.ar, que fue una de las mejores temporadas de los \u00faltimos a\u00f1os.<\/p>\n<h3 style=\"text-align: center;\"><span style=\"color: #0000ff;\"><em><strong>El 34,9% del totla de los usuarios de PreViaje eligi\u00f3 la provincia de Buenos Aires<\/strong><\/em><\/span><\/h3>\n<p>En t\u00e9rminos parecidos se pronunci\u00f3 Gonzalo, uno de los responsables del \u00fanico camp\u00ecng que funciona en mar del Sur desde hace casi cuatro d\u00e9cadas. \u00abTuvimos un enero muy bueno y febrero un poco m\u00e1s flojo, pero igual tuvimos una ocupaci\u00f3n muy importante. Todavia tenemos gente, dec\u00eda en la primera semana de marzo.<\/p>\n<p>Particularmente en diciembre, la Provincia registr\u00f3 el nivel m\u00e1s alto de estad\u00edas desde 2007, seg\u00fan datos del INDEC, con una total total de 753.873 pernoctaciones, consign\u00f3 el ente oficial.<\/p>\n<p><strong>Pre Viaje<\/strong><\/p>\n<p>El programa nacional PreViaje de promoci\u00f3n tur\u00edstica tambi\u00e9n impuls\u00f3 el \u00e9xito de la temporada bonaerense. El distrito m\u00e1s elegido por las y los beneficiarios del programa fue la provincia de Buenos Aires con un 34,9% del total nacional de sus operaciones.<\/p>\n<p>La mejor temporada en diez a\u00f1os tuvo tambi\u00e9n varios r\u00e9cords puntuales, seg\u00fan las cifras oficiales. Por ejemplo, en enero, el ramal ferroviario Constituci\u00f3n-Mar del Plata registr\u00f3 su mayor cantidad de pasajeros y pasajeras desde 2008, y el Municipio vivi\u00f3 su segundo mejor febrero en 30 a\u00f1os<\/p>\n<p>En tanto, Villa Gesell super\u00f3 por primera vez los dos millones de visitantes en un mismo verano; el municipio de La Costa tuvo su mejor diciembre en 10 a\u00f1os y Pinamar registr\u00f3 su ocupaci\u00f3n hotelera m\u00e1s alta para enero desde 2005.<\/p>\n<p>Adem\u00e1s, como parte de su pol\u00edtica de Turismo Todo el A\u00f1o, la Provincia lleva adelante distintas herramientas para extender la temporada, como la realizaci\u00f3n de los Viajes de Fin de Curso en distintos destinos bonaerenses durante la \u201ctemporada baja\u201d; el respaldo econ\u00f3mico a las fiestas populares, que generan actividad en comercios, PyMEs y cooperativas y regionales para mencionar algunas pol\u00edticas de fomento promoci\u00f3n e incentivos al turismo en la Provincia<strong>(VW)<\/strong>.<\/p>\n","protected":false},"excerpt":{"rendered":"<p>El sector tur\u00edstico bonaerense registr\u00f3 un verano hist\u00f3rico con plena ocupaci\u00f3n hotelera en distintas localidades. De acuerdo a datos informados por el Ferrocarril Roca, el ramal Constituci\u00f3n-Mar del Plata registr\u00f3 su mayor cantidad de&#46;&#46;&#46;<\/p>\n","protected":false},"author":3,"featured_media":4922,"comment_status":"closed","ping_status":"closed","sticky":false,"template":"","format":"standard","meta":{"_monsterinsights_skip_tracking":false,"_monsterinsights_sitenote_active":false,"_monsterinsights_sitenote_note":"","_monsterinsights_sitenote_category":0,"footnotes":""},"categories":[700],"tags":[552,10,1949,1950],"class_list":["post-4921","post","type-post","status-publish","format-standard","has-post-thumbnail","hentry","category-turismo","tag-buenos-aires","tag-playas","tag-pre-viaje","tag-usuarios"],"_links":{"self":[{"href":"https:\/\/www.visionweb.com.ar\/index.php?rest_route=\/wp\/v2\/posts\/4921","targetHints":{"allow":["GET"]}}],"collection":[{"href":"https:\/\/www.visionweb.com.ar\/index.php?rest_route=\/wp\/v2\/posts"}],"about":[{"href":"https:\/\/www.visionweb.com.ar\/index.php?rest_route=\/wp\/v2\/types\/post"}],"author":[{"embeddable":true,"href":"https:\/\/www.visionweb.com.ar\/index.php?rest_route=\/wp\/v2\/users\/3"}],"replies":[{"embeddable":true,"href":"https:\/\/www.visionweb.com.ar\/index.php?rest_route=%2Fwp%2Fv2%2Fcomments&post=4921"}],"version-history":[{"count":2,"href":"https:\/\/www.visionweb.com.ar\/index.php?rest_route=\/wp\/v2\/posts\/4921\/revisions"}],"predecessor-version":[{"id":4924,"href":"https:\/\/www.visionweb.com.ar\/index.php?rest_route=\/wp\/v2\/posts\/4921\/revisions\/4924"}],"wp:featuredmedia":[{"embeddable":true,"href":"https:\/\/www.visionweb.com.ar\/index.php?rest_route=\/wp\/v2\/media\/4922"}],"wp:attachment":[{"href":"https:\/\/www.visionweb.com.ar\/index.php?rest_route=%2Fwp%2Fv2%2Fmedia&parent=4921"}],"wp:term":[{"taxonomy":"category","embeddable":true,"href":"https:\/\/www.visionweb.com.ar\/index.php?rest_route=%2Fwp%2Fv2%2Fcategories&post=4921"},{"taxonomy":"post_tag","embeddable":true,"href":"https:\/\/www.visionweb.com.ar\/index.php?rest_route=%2Fwp%2Fv2%2Ftags&post=4921"}],"curies":[{"name":"wp","href":"https:\/\/api.w.org\/{rel}","templated":true}]}}