{"id":4916,"date":"2022-03-22T06:33:20","date_gmt":"2022-03-22T09:33:20","guid":{"rendered":"https:\/\/www.visionweb.com.ar\/?p=4916"},"modified":"2022-03-21T19:40:56","modified_gmt":"2022-03-21T22:40:56","slug":"el-gobierno-crea-un-fondo-fiduciario-para-estabilizar-el-precio-de-la-harina","status":"publish","type":"post","link":"https:\/\/www.visionweb.com.ar\/?p=4916","title":{"rendered":"El gobierno crea un fondo fiduciario para estabilizar el precio de la harina"},"content":{"rendered":"<p><strong><em>El anuncio lo hizo el ministro de Desarrollo Productivo, en una reuni\u00f3n de prensa. Tambi\u00e9n mantuvo un encuentro con los integrantes de la COPAL y la Asociaci\u00f3n de Supermercados Unidos.<\/em><\/strong><!--more--><\/p>\n<div id=\"attachment_4917\" style=\"width: 310px\" class=\"wp-caption alignright\"><img loading=\"lazy\" decoding=\"async\" aria-describedby=\"caption-attachment-4917\" class=\"wp-image-4917 size-medium\" src=\"https:\/\/www.visionweb.com.ar\/wp-content\/uploads\/2022\/03\/Kulfas-300x169.png\" alt=\"\" width=\"300\" height=\"169\" srcset=\"https:\/\/www.visionweb.com.ar\/wp-content\/uploads\/2022\/03\/Kulfas-300x169.png 300w, https:\/\/www.visionweb.com.ar\/wp-content\/uploads\/2022\/03\/Kulfas.png 640w\" sizes=\"auto, (max-width: 300px) 100vw, 300px\" \/><p id=\"caption-attachment-4917\" class=\"wp-caption-text\"><strong><em>Ministro de Desarrollo Productivo Mat\u00edas Kulfas (Prensa Desarrollo Productivo)<\/em><\/strong><\/p><\/div>\n<p><strong>E<\/strong>l gobierno de Alberto Fern\u00e1ndez anunci\u00f3 la creaci\u00f3n de un fondo fiduciario para estabilizar el precio del trigo y que tiene como objetivo estabilizar el precio de la harina, as\u00ed lo anunci\u00f3 esta tarde el ministro de Desarrollo Productivo, Mat\u00edas Kulfas.<\/p>\n<p>Kulfas, se reuni\u00f3 adem\u00e1s los representantes de la Coordinadora de las Industrias de Productos Alimenticios (COPAL) y la Asociaci\u00f3n de Supermercados Unidos (ASU) analizar aumentos injustificados para retrotraer precios.<\/p>\n<p>El titular de Desarrollo Productivo, explic\u00f3 que el Fondo Estabilizador Temporario del Trigo \u201cincorpora recursos a un fondo fiduciario que tiene como objetivo subsidiar el precio de la harina en el mercado interno para poder conservar los precios que hab\u00eda en el mes de febrero\u00bb.<\/p>\n<p>De este modo \u00ablas industrias que se abastecen de harina de trigo puedan ofrecer en la g\u00f3ndola, en el comercio del barrio el pan, los fideos, la harina al mismo precio, o precios similares al mes de febrero\u201d, ampli\u00f3 el Ministro.<\/p>\n<p>\u201cEstas acciones se enmarcan dentro de los objetivos centrales del gobierno, que pasan por la reactivaci\u00f3n, el desarrollo y que estas mejoras lleguen con claridad a todos los hogares y se transformen en mejores ingresos\u201d, expres\u00f3 Kulfas.<\/p>\n<p>A su vez asegur\u00f3 que sin estas medidas \u201chabr\u00eda un traslado masivo de estos precios hacia la mesa de las y los argentinos, no lo vamos a permitir de ninguna manera\u201d.<\/p>\n<p>\u201cQueremos garantizar y cuidar el pan de la mesa de los argentinos. En estas condiciones el campo va a poder producir m\u00e1s y esto no va a ser en detrimento de los consumidores, esto es para que los consumidores tengan asegurado el pan y sus productos\u201d, destac\u00f3 el ministro.<\/p>\n<p>En este sentido, sostuvo: \u201cA las industrias y a los panaderos les vamos a pedir que respeten los precios de referencia que va a establecer la Secretaria de Comercio Interior. Los precios van a estar subsidiados por este fondo y vamos a verificar que se cumplan los valores que ten\u00edamos en febrero, desde el segmento de la fabricaci\u00f3n de la harina en los molinos, para alcanzar a cada eslab\u00f3n del mercado interno\u201d.<\/p>\n<p><strong>Con la COPAL<\/strong><\/p>\n<p>Sobre la reuni\u00f3n que mantuvo hoy junto a dirigentes de la Coordinadora de las Industrias de Productos Alimenticios (COPAL) y de Supermercados, el ministro explic\u00f3 que fue \u201cconstructiva\u201d y adelant\u00f3 que junto a las entidades identificar\u00e1n los productos que aumentaron sus precios de manera injustificada para retrotraerlos hacia los esquemas vinculados al 8 o 10 de marzo.<\/p>\n<p>\u201cEn las \u00faltimas semanas vimos algunas listas de precios con aumentos inesperados, en muchos casos fuera de proporci\u00f3n de lo que ven\u00eda ocurriendo en la econom\u00eda argentina, casi como procesos especulativos o de anticipo ante situaciones m\u00e1s complejas; en muchos sectores nos parec\u00edan aumentos inusitados\u201d, explic\u00f3 Kulfas.<\/p>\n<p>En este sentido, explic\u00f3: \u201cvamos a clarificar de esos incrementos cu\u00e1les son responsabilidad de la industria alimenticia, cu\u00e1les son responsabilidad de intermediarios, de cadenas mayoristas, y cu\u00e1les de los minoristas\u201d.<\/p>\n<p>En referencia al encuentro con las empresas, se\u00f1al\u00f3: \u201cPlanteamos ejemplos concretos de listas de precios incrementados\u201d, aunque \u201chab\u00eda una suerte de negaci\u00f3n de aumentos o sectores que no se hac\u00edan cargo de esos incrementos\u00bb <strong>(VW)<\/strong><\/p>\n<p>&nbsp;<\/p>\n","protected":false},"excerpt":{"rendered":"<p>El anuncio lo hizo el ministro de Desarrollo Productivo, en una reuni\u00f3n de prensa. Tambi\u00e9n mantuvo un encuentro con los integrantes de la COPAL y la Asociaci\u00f3n de Supermercados Unidos.<\/p>\n","protected":false},"author":3,"featured_media":4917,"comment_status":"closed","ping_status":"closed","sticky":false,"template":"","format":"standard","meta":{"_monsterinsights_skip_tracking":false,"_monsterinsights_sitenote_active":false,"_monsterinsights_sitenote_note":"","_monsterinsights_sitenote_category":0,"footnotes":""},"categories":[6],"tags":[],"class_list":["post-4916","post","type-post","status-publish","format-standard","has-post-thumbnail","hentry","category-economia"],"_links":{"self":[{"href":"https:\/\/www.visionweb.com.ar\/index.php?rest_route=\/wp\/v2\/posts\/4916","targetHints":{"allow":["GET"]}}],"collection":[{"href":"https:\/\/www.visionweb.com.ar\/index.php?rest_route=\/wp\/v2\/posts"}],"about":[{"href":"https:\/\/www.visionweb.com.ar\/index.php?rest_route=\/wp\/v2\/types\/post"}],"author":[{"embeddable":true,"href":"https:\/\/www.visionweb.com.ar\/index.php?rest_route=\/wp\/v2\/users\/3"}],"replies":[{"embeddable":true,"href":"https:\/\/www.visionweb.com.ar\/index.php?rest_route=%2Fwp%2Fv2%2Fcomments&post=4916"}],"version-history":[{"count":1,"href":"https:\/\/www.visionweb.com.ar\/index.php?rest_route=\/wp\/v2\/posts\/4916\/revisions"}],"predecessor-version":[{"id":4918,"href":"https:\/\/www.visionweb.com.ar\/index.php?rest_route=\/wp\/v2\/posts\/4916\/revisions\/4918"}],"wp:featuredmedia":[{"embeddable":true,"href":"https:\/\/www.visionweb.com.ar\/index.php?rest_route=\/wp\/v2\/media\/4917"}],"wp:attachment":[{"href":"https:\/\/www.visionweb.com.ar\/index.php?rest_route=%2Fwp%2Fv2%2Fmedia&parent=4916"}],"wp:term":[{"taxonomy":"category","embeddable":true,"href":"https:\/\/www.visionweb.com.ar\/index.php?rest_route=%2Fwp%2Fv2%2Fcategories&post=4916"},{"taxonomy":"post_tag","embeddable":true,"href":"https:\/\/www.visionweb.com.ar\/index.php?rest_route=%2Fwp%2Fv2%2Ftags&post=4916"}],"curies":[{"name":"wp","href":"https:\/\/api.w.org\/{rel}","templated":true}]}}