{"id":4911,"date":"2022-03-21T15:12:24","date_gmt":"2022-03-21T18:12:24","guid":{"rendered":"https:\/\/www.visionweb.com.ar\/?p=4911"},"modified":"2022-03-21T15:20:45","modified_gmt":"2022-03-21T18:20:45","slug":"lima-va-camino-a-a-la-autonomia-municipal","status":"publish","type":"post","link":"https:\/\/www.visionweb.com.ar\/?p=4911","title":{"rendered":"Lima va camino a la autonom\u00eda municipal"},"content":{"rendered":"<p><em><strong>La ciudad ubicada en cercan\u00edas del r\u00edo Paran\u00e1, en la provincia de Buenos Aires hasta ahora es parte del ejido municipal de Zarate.<\/strong><\/em><!--more--><\/p>\n<p><strong><img loading=\"lazy\" decoding=\"async\" class=\"size-medium wp-image-4912 alignright\" src=\"https:\/\/www.visionweb.com.ar\/wp-content\/uploads\/2022\/03\/Estacion-Liuma-300x169.jpg\" alt=\"\" width=\"300\" height=\"169\" srcset=\"https:\/\/www.visionweb.com.ar\/wp-content\/uploads\/2022\/03\/Estacion-Liuma-300x169.jpg 300w, https:\/\/www.visionweb.com.ar\/wp-content\/uploads\/2022\/03\/Estacion-Liuma-1024x576.jpg 1024w, https:\/\/www.visionweb.com.ar\/wp-content\/uploads\/2022\/03\/Estacion-Liuma-768x432.jpg 768w, https:\/\/www.visionweb.com.ar\/wp-content\/uploads\/2022\/03\/Estacion-Liuma-1536x864.jpg 1536w, https:\/\/www.visionweb.com.ar\/wp-content\/uploads\/2022\/03\/Estacion-Liuma.jpg 1600w\" sizes=\"auto, (max-width: 300px) 100vw, 300px\" \/>L<\/strong>a C\u00e1mara de Diputados de la provincia de Buenos Aires aprob\u00f3 este jueves, por unanimidad la propuesta para que la localidad de Lima, con m\u00e1s de 20 mil habitantes, sea declarada ciudad, logre autonom\u00eda municipal y se desligue de Z\u00e1rate, a la que pertenece.<\/p>\n<p>El integrante de la Asociaci\u00f3n por la Autonom\u00eda de Lima (APAL), Juan Grane, sostuvo que la decisi\u00f3n \u00abes un paso m\u00e1s dentro del camino que estamos transitando para convertirnos en un nuevo municipio\u00bb.<\/p>\n<p>La ciudda de Lima, se encuentra ubicada a 108 kil\u00f3metros de la ciudad de Buenos Aires, con una poblaci\u00f3n de 20.000 habitantes, posee una estaci\u00f3n ferroviaria en actividad.<\/p>\n<p>En declaraciones a Radio Provincia detall\u00f3 que pertenecer a Z\u00e1rate les impide crecer en infraestructura y los aleja de su propia idiosincrasia. Grane explic\u00f3 que \u00abentre el ejido urbano de Lima y el centro de Z\u00e1rate hay 17 kil\u00f3metros\u00bb y dijo que la nueva ciudad no tiene hospital.<\/p>\n<p>Asimismo, sostuvo que \u00abel presupuesto por habitante que destina la ciudad cabecera es un 40% menor a lo que destina para un ciudadano de Z\u00e1rate. Encima ese presupuesto tiene una tasa de p\u00e9rdida del 30% anual, que ni siquiera se ejecuta en su totalidad\u00bb, indic\u00f3 el dirigente vecinal.<\/p>\n<p>Grane indic\u00f3 que \u00aba\u00f1o a a\u00f1o vamos perdiendo calidad de vida: hay muchas calles sin asfaltar, varios barrios irregulares, la luz se corta cada vez que llueve y cada vez que se corta la luz nos quedamos sin agua. Eso hace que la situaci\u00f3n de infraestructura del pueblo no sea la mejor\u00bb.<\/p>\n<p>Por otro lado, destac\u00f3 que \u00ablas idiosincrasias, las forma de pensar, la cultura es diferente entre Z\u00e1rate y Lima\u00bb, en el norte de la provincia de Buenos Aires.<\/p>\n<p>El referente de APAL resalt\u00f3 que \u00aben Lima est\u00e1n las dos primeras centrales nucleares del pa\u00eds y ahora se est\u00e1 construyendo un reactor nuclear de dise\u00f1o propio y se est\u00e1 hablando de una tercera central en Lima. Esa central se pensaba hacer en R\u00edo Negro, pero el pueblo lo rechaz\u00f3 a trav\u00e9s de un plebiscito. A nosotros no nos pregunt\u00f3 nadie\u00bb<strong>(VW)<\/strong>.<\/p>\n<p>&nbsp;<\/p>\n","protected":false},"excerpt":{"rendered":"<p>La ciudad ubicada en cercan\u00edas del r\u00edo Paran\u00e1, en la provincia de Buenos Aires hasta ahora es parte del ejido municipal de Zarate.<\/p>\n","protected":false},"author":3,"featured_media":4912,"comment_status":"closed","ping_status":"closed","sticky":false,"template":"","format":"standard","meta":{"_monsterinsights_skip_tracking":false,"_monsterinsights_sitenote_active":false,"_monsterinsights_sitenote_note":"","_monsterinsights_sitenote_category":0,"footnotes":""},"categories":[8],"tags":[1945,1946,1944],"class_list":["post-4911","post","type-post","status-publish","format-standard","has-post-thumbnail","hentry","category-interes-general","tag-autonomia","tag-centrales-nucleares","tag-lima"],"_links":{"self":[{"href":"https:\/\/www.visionweb.com.ar\/index.php?rest_route=\/wp\/v2\/posts\/4911","targetHints":{"allow":["GET"]}}],"collection":[{"href":"https:\/\/www.visionweb.com.ar\/index.php?rest_route=\/wp\/v2\/posts"}],"about":[{"href":"https:\/\/www.visionweb.com.ar\/index.php?rest_route=\/wp\/v2\/types\/post"}],"author":[{"embeddable":true,"href":"https:\/\/www.visionweb.com.ar\/index.php?rest_route=\/wp\/v2\/users\/3"}],"replies":[{"embeddable":true,"href":"https:\/\/www.visionweb.com.ar\/index.php?rest_route=%2Fwp%2Fv2%2Fcomments&post=4911"}],"version-history":[{"count":3,"href":"https:\/\/www.visionweb.com.ar\/index.php?rest_route=\/wp\/v2\/posts\/4911\/revisions"}],"predecessor-version":[{"id":4915,"href":"https:\/\/www.visionweb.com.ar\/index.php?rest_route=\/wp\/v2\/posts\/4911\/revisions\/4915"}],"wp:featuredmedia":[{"embeddable":true,"href":"https:\/\/www.visionweb.com.ar\/index.php?rest_route=\/wp\/v2\/media\/4912"}],"wp:attachment":[{"href":"https:\/\/www.visionweb.com.ar\/index.php?rest_route=%2Fwp%2Fv2%2Fmedia&parent=4911"}],"wp:term":[{"taxonomy":"category","embeddable":true,"href":"https:\/\/www.visionweb.com.ar\/index.php?rest_route=%2Fwp%2Fv2%2Fcategories&post=4911"},{"taxonomy":"post_tag","embeddable":true,"href":"https:\/\/www.visionweb.com.ar\/index.php?rest_route=%2Fwp%2Fv2%2Ftags&post=4911"}],"curies":[{"name":"wp","href":"https:\/\/api.w.org\/{rel}","templated":true}]}}