{"id":4897,"date":"2022-03-21T10:44:05","date_gmt":"2022-03-21T13:44:05","guid":{"rendered":"https:\/\/www.visionweb.com.ar\/?p=4897"},"modified":"2022-03-21T10:44:05","modified_gmt":"2022-03-21T13:44:05","slug":"zigaran-los-municipios-tienen-un-rol-estrategico-ante-el-cambio-climatico","status":"publish","type":"post","link":"https:\/\/www.visionweb.com.ar\/?p=4897","title":{"rendered":"Zigar\u00e1n: \u00abLos municipios tienen un rol estrat\u00e9gico ante el cambio clim\u00e1tico\u00bb"},"content":{"rendered":"<p><em><strong>As\u00ed lo destac\u00f3 la ministra de Ambiente de Jujuy, Mar\u00eda In\u00e9s Zigar\u00e1n, en el marco de la IV Asamblea Nacional de la Red Argentina de Municipios.<\/strong><\/em><!--more--><\/p>\n<p><strong><img loading=\"lazy\" decoding=\"async\" class=\"size-medium wp-image-4898 alignright\" src=\"https:\/\/www.visionweb.com.ar\/wp-content\/uploads\/2022\/03\/CAMBIO-CLIMATICO-300x199.png\" alt=\"\" width=\"300\" height=\"199\" srcset=\"https:\/\/www.visionweb.com.ar\/wp-content\/uploads\/2022\/03\/CAMBIO-CLIMATICO-300x199.png 300w, https:\/\/www.visionweb.com.ar\/wp-content\/uploads\/2022\/03\/CAMBIO-CLIMATICO.png 640w\" sizes=\"auto, (max-width: 300px) 100vw, 300px\" \/>E<\/strong>n el marco de la IV Asamblea Nacional de la Red Argentina de Municipios, la ministra de Ambiente y Cambio Clim\u00e1tico de Jujuy, Mar\u00eda In\u00e9s Zigar\u00e1n, afirm\u00f3 \u00abhoy los municipios tienen un rol estrat\u00e9gico por la cercan\u00eda con las comunidades y la posibilidad de acompa\u00f1ar los procesos de transformaci\u00f3n cultural\u201d frente al cambio clim\u00e1tico, se dijo desde el encuentro..<\/p>\n<p>Zigar\u00e1n, tras participar de la IV frente al Cambio Clim\u00e1tico (Ramcc), que concluy\u00f3 ayer en Mar del Plata, resalt\u00f3 adem\u00e1s \u201cel crecimiento exponencial de la Red que hoy nuclea a m\u00e1s de 250 intendentes de todas las regiones del pa\u00eds, lo que revela que el cambio clim\u00e1tico es parte de la agenda prioritaria de los gobiernos locales\u201d.<\/p>\n<p>En el encuentro se desarrollaron diversos espacios de trabajo sobre mitigaci\u00f3n del cambio clim\u00e1tico, eficiencia energ\u00e9tica en edificios municipales, descarbonizaci\u00f3n de la econom\u00eda, empleos verdes locales, transversalizaci\u00f3n del enfoque de g\u00e9nero en la planificaci\u00f3n clim\u00e1tica y el financiamiento clim\u00e1tico.<\/p>\n<h3 style=\"text-align: center;\"><strong><em>El rol de los municipios es clave frente al cambio clim\u00e1tico<\/em><\/strong><\/h3>\n<div id=\"attachment_4899\" style=\"width: 310px\" class=\"wp-caption alignleft\"><img loading=\"lazy\" decoding=\"async\" aria-describedby=\"caption-attachment-4899\" class=\"wp-image-4899 size-medium\" src=\"https:\/\/www.visionweb.com.ar\/wp-content\/uploads\/2022\/03\/MARIA-INES-ZIGARAN-ministra-de-Medio-Ambiende-de-Jujuy-300x242.png\" alt=\"\" width=\"300\" height=\"242\" srcset=\"https:\/\/www.visionweb.com.ar\/wp-content\/uploads\/2022\/03\/MARIA-INES-ZIGARAN-ministra-de-Medio-Ambiende-de-Jujuy-300x242.png 300w, https:\/\/www.visionweb.com.ar\/wp-content\/uploads\/2022\/03\/MARIA-INES-ZIGARAN-ministra-de-Medio-Ambiende-de-Jujuy.png 596w\" sizes=\"auto, (max-width: 300px) 100vw, 300px\" \/><p id=\"caption-attachment-4899\" class=\"wp-caption-text\">Ministra Mar\u00eda In\u00e9s Zigar\u00e1n, ministra de Abiente y Cambio Clim\u00e1tico de Jujuy (Prensa Jujuy)<\/p><\/div>\n<p>Los gobiernos municipales presentaron los avances en la elaboraci\u00f3n de sus inventarios de gases efecto invernadero y sus planes clim\u00e1ticos de acci\u00f3n local.<\/p>\n<p>\u201cSon los gobiernos locales los m\u00e1s sensibles frente a las necesidades derivadas de situaciones de emergencia, pero adem\u00e1s es en las ciudades donde se registra un gran porcentaje de generaciones de gases efecto invernadero\u201d, afirm\u00f3 Zigar\u00e1n.<\/p>\n<p>La ministra particip\u00f3 del encuentro junto al Secretario de Integraci\u00f3n Regional, Pablo Palomares, la Secretaria de Biodiversidad y Desarrollo Sustentable Estefan\u00eda S\u00e1nchez Cuartielles y la Secretaria de Planificaci\u00f3n, Adriana D\u00edaz, en representaci\u00f3n de la Municipalidad de San Salvador de Jujuy<strong>(VW)<\/strong><\/p>\n","protected":false},"excerpt":{"rendered":"<p>As\u00ed lo destac\u00f3 la ministra de Ambiente de Jujuy, Mar\u00eda In\u00e9s Zigar\u00e1n, en el marco de la IV Asamblea Nacional de la Red Argentina de Municipios.<\/p>\n","protected":false},"author":3,"featured_media":4898,"comment_status":"closed","ping_status":"closed","sticky":false,"template":"","format":"standard","meta":{"_monsterinsights_skip_tracking":false,"_monsterinsights_sitenote_active":false,"_monsterinsights_sitenote_note":"","_monsterinsights_sitenote_category":0,"footnotes":""},"categories":[8,5],"tags":[],"class_list":["post-4897","post","type-post","status-publish","format-standard","has-post-thumbnail","hentry","category-interes-general","category-sociedad"],"_links":{"self":[{"href":"https:\/\/www.visionweb.com.ar\/index.php?rest_route=\/wp\/v2\/posts\/4897","targetHints":{"allow":["GET"]}}],"collection":[{"href":"https:\/\/www.visionweb.com.ar\/index.php?rest_route=\/wp\/v2\/posts"}],"about":[{"href":"https:\/\/www.visionweb.com.ar\/index.php?rest_route=\/wp\/v2\/types\/post"}],"author":[{"embeddable":true,"href":"https:\/\/www.visionweb.com.ar\/index.php?rest_route=\/wp\/v2\/users\/3"}],"replies":[{"embeddable":true,"href":"https:\/\/www.visionweb.com.ar\/index.php?rest_route=%2Fwp%2Fv2%2Fcomments&post=4897"}],"version-history":[{"count":1,"href":"https:\/\/www.visionweb.com.ar\/index.php?rest_route=\/wp\/v2\/posts\/4897\/revisions"}],"predecessor-version":[{"id":4900,"href":"https:\/\/www.visionweb.com.ar\/index.php?rest_route=\/wp\/v2\/posts\/4897\/revisions\/4900"}],"wp:featuredmedia":[{"embeddable":true,"href":"https:\/\/www.visionweb.com.ar\/index.php?rest_route=\/wp\/v2\/media\/4898"}],"wp:attachment":[{"href":"https:\/\/www.visionweb.com.ar\/index.php?rest_route=%2Fwp%2Fv2%2Fmedia&parent=4897"}],"wp:term":[{"taxonomy":"category","embeddable":true,"href":"https:\/\/www.visionweb.com.ar\/index.php?rest_route=%2Fwp%2Fv2%2Fcategories&post=4897"},{"taxonomy":"post_tag","embeddable":true,"href":"https:\/\/www.visionweb.com.ar\/index.php?rest_route=%2Fwp%2Fv2%2Ftags&post=4897"}],"curies":[{"name":"wp","href":"https:\/\/api.w.org\/{rel}","templated":true}]}}