{"id":4890,"date":"2022-03-18T10:59:20","date_gmt":"2022-03-18T13:59:20","guid":{"rendered":"https:\/\/www.visionweb.com.ar\/?p=4890"},"modified":"2022-03-18T10:59:20","modified_gmt":"2022-03-18T13:59:20","slug":"santilli-suma-recorridas-por-el-conurbano","status":"publish","type":"post","link":"https:\/\/www.visionweb.com.ar\/?p=4890","title":{"rendered":"Santilli suma recorridas por el conurbano"},"content":{"rendered":"<p><strong><em>El dirigente provincial de Juntos se refiri\u00f3 a las posibilidades de que su frente electoral pueda ganar en un distrito como Jos\u00e9 C. Paz, dominado hist\u00f3ricamente por el peronismo.<\/em><\/strong><!--more--><\/p>\n<div id=\"attachment_4891\" style=\"width: 310px\" class=\"wp-caption alignright\"><img loading=\"lazy\" decoding=\"async\" aria-describedby=\"caption-attachment-4891\" class=\"wp-image-4891 size-medium\" src=\"https:\/\/www.visionweb.com.ar\/wp-content\/uploads\/2022\/03\/ANTILLI-DE-RECORRIDA-300x200.png\" alt=\"\" width=\"300\" height=\"200\" srcset=\"https:\/\/www.visionweb.com.ar\/wp-content\/uploads\/2022\/03\/ANTILLI-DE-RECORRIDA-300x200.png 300w, https:\/\/www.visionweb.com.ar\/wp-content\/uploads\/2022\/03\/ANTILLI-DE-RECORRIDA.png 575w\" sizes=\"auto, (max-width: 300px) 100vw, 300px\" \/><p id=\"caption-attachment-4891\" class=\"wp-caption-text\"><em><strong>El diputado por Buenos Aires (JxC), Diego Santilli, no pierde tiempo y ya recorre la Provincia con miras a aspirar a la gobernaci\u00f3n en 2023 (Archivo)<\/strong><\/em><\/p><\/div>\n<p><strong>E<\/strong>l diputado nacional Diego Santilli incrementa la frecuencia de sus visitas a distintos puntos del conurbano y el interior de la provincia de Buenos Aires.<\/p>\n<p>Las recorridas del legislador de JxC se incrementan en medio de la puja entre distintos sectores de Juntos por el Cambio para posicionarse en la carrera rumbo a las postulaciones para la gobernaci\u00f3n del distrito en los comicios del a\u00f1o pr\u00f3ximo.<\/p>\n<p>La presidenta del PRO, Patricia Bullrich tambi\u00e9n lanz\u00f3 en territorio provincial su propio espacio pol\u00edtico, llamado La Provincial, en un intento de disputar la postulaci\u00f3n de Santilli.<\/p>\n<h3 style=\"text-align: center;\"><span style=\"color: #0000ff;\"><em><strong> El legislador visitar\u00e1 Carlos Casares y Trenque Lauquen, donde mantendr\u00e1 encuentros con empresarios, productores y vecinos de ambas ciudades.<\/strong><\/em><\/span><\/h3>\n<p>Mientras Santilli responde pol\u00edticamente a Horacio Rodr\u00edguez Larreta, Patricia Bullrich sali\u00f3 a representar en territorio bonaerense a los sectores vinculados al ex presidente Mauricio Macri.<\/p>\n<p>Quien se perfila como potencial candidato a gobernador por ese espacio, es el actual intendente de Capit\u00e1n Sarmiento y ex ministro de Energ\u00eda nacional, Javier Iguacel.<\/p>\n<p>En la \u00faltima semana, el diputado nacional de Juntos por Cambio y exvicejefe de Gobierno porte\u00f1o estuvo en Mar del Plata, Ayacucho, Hurlingham, Quilmes y ayer en Jos\u00e9 C Paz.<\/p>\n<p>A partir de este viernes, el legislador visitar\u00e1 Carlos Casares y Trenque Lauquen, donde mantendr\u00e1 encuentros con empresarios, productores y vecinos de ambas ciudades.<\/p>\n<p>\u201cLa inflaci\u00f3n es una pandemia en Argentina, porque en los \u00faltimos 70 a\u00f1os hubo un promedio de 60 por ciento. Es un problema que hay que abordarlo de fondo, lo que significa hacer las transformaciones estructurales que piden los vecinos, es decir, m\u00e1s producci\u00f3n, trabajo, exportaci\u00f3n y desarrollo\u201d, sostuvo ayer Santilli.\u00a0El legislador recorri\u00f3 Jos\u00e9 C Paz, junto a dirigentes locales de su espacio.<\/p>\n<p>En otro orden, el dirigente provincial de Juntos se refiri\u00f3 a las posibilidades de que su frente electoral pueda ganar en un distrito como Jos\u00e9 C. Paz, dominado hist\u00f3ricamente por el peronismo, al afirmar que \u201cla gente pide un cambio, que tiene que ver con vivir en un municipio mejor, con cloacas, agua potable, seguridad, educaci\u00f3n y trabajo\u201d.<\/p>\n<p>Santilli tambi\u00e9n estuvo el lunes en Hurlingham con el referente local del PRO, Lucas Delfino, y el martes pasado en Quilmes, con Martiniano Molina, exjefe comunal de ese distrito. El incremento de los recorridos bonaerenses de Santilli se da en el marco de una puja entre distintos sectores de Juntos por el Cambio para posicionarse en la provincia<strong>(VW).<\/strong><\/p>\n","protected":false},"excerpt":{"rendered":"<p>El dirigente provincial de Juntos se refiri\u00f3 a las posibilidades de que su frente electoral pueda ganar en un distrito como Jos\u00e9 C. Paz, dominado hist\u00f3ricamente por el peronismo.<\/p>\n","protected":false},"author":3,"featured_media":4891,"comment_status":"closed","ping_status":"closed","sticky":false,"template":"","format":"standard","meta":{"_monsterinsights_skip_tracking":false,"_monsterinsights_sitenote_active":false,"_monsterinsights_sitenote_note":"","_monsterinsights_sitenote_category":0,"footnotes":""},"categories":[4],"tags":[504,673,1089,920],"class_list":["post-4890","post","type-post","status-publish","format-standard","has-post-thumbnail","hentry","category-politica","tag-bullrich","tag-localidades","tag-recorrida","tag-santilli"],"_links":{"self":[{"href":"https:\/\/www.visionweb.com.ar\/index.php?rest_route=\/wp\/v2\/posts\/4890","targetHints":{"allow":["GET"]}}],"collection":[{"href":"https:\/\/www.visionweb.com.ar\/index.php?rest_route=\/wp\/v2\/posts"}],"about":[{"href":"https:\/\/www.visionweb.com.ar\/index.php?rest_route=\/wp\/v2\/types\/post"}],"author":[{"embeddable":true,"href":"https:\/\/www.visionweb.com.ar\/index.php?rest_route=\/wp\/v2\/users\/3"}],"replies":[{"embeddable":true,"href":"https:\/\/www.visionweb.com.ar\/index.php?rest_route=%2Fwp%2Fv2%2Fcomments&post=4890"}],"version-history":[{"count":1,"href":"https:\/\/www.visionweb.com.ar\/index.php?rest_route=\/wp\/v2\/posts\/4890\/revisions"}],"predecessor-version":[{"id":4892,"href":"https:\/\/www.visionweb.com.ar\/index.php?rest_route=\/wp\/v2\/posts\/4890\/revisions\/4892"}],"wp:featuredmedia":[{"embeddable":true,"href":"https:\/\/www.visionweb.com.ar\/index.php?rest_route=\/wp\/v2\/media\/4891"}],"wp:attachment":[{"href":"https:\/\/www.visionweb.com.ar\/index.php?rest_route=%2Fwp%2Fv2%2Fmedia&parent=4890"}],"wp:term":[{"taxonomy":"category","embeddable":true,"href":"https:\/\/www.visionweb.com.ar\/index.php?rest_route=%2Fwp%2Fv2%2Fcategories&post=4890"},{"taxonomy":"post_tag","embeddable":true,"href":"https:\/\/www.visionweb.com.ar\/index.php?rest_route=%2Fwp%2Fv2%2Ftags&post=4890"}],"curies":[{"name":"wp","href":"https:\/\/api.w.org\/{rel}","templated":true}]}}