{"id":4868,"date":"2022-03-17T11:45:00","date_gmt":"2022-03-17T14:45:00","guid":{"rendered":"https:\/\/www.visionweb.com.ar\/?p=4868"},"modified":"2022-03-17T11:45:00","modified_gmt":"2022-03-17T14:45:00","slug":"aumento-del-salario-minimo-del-45-durante-2022","status":"publish","type":"post","link":"https:\/\/www.visionweb.com.ar\/?p=4868","title":{"rendered":"Aumento del salario m\u00ednimo del 45% durante 2022"},"content":{"rendered":"<p><em><strong>El\u00a0salario subir\u00e1\u00a045% en cuatro tramos, en diciembre\u00a0alcanzar\u00e1 un valor de $ 47.850. Hoy es de $ 33.000. Habr\u00eda una instancia de revisi\u00f3n\u00a0en agosto.<\/strong><\/em><!--more--><\/p>\n<p><strong><img loading=\"lazy\" decoding=\"async\" class=\"size-full wp-image-4870 aligncenter\" src=\"https:\/\/www.visionweb.com.ar\/wp-content\/uploads\/2022\/03\/trabajo.bmp\" alt=\"\" width=\"573\" height=\"360\" \/>E<\/strong>l salario m\u00ednimo, vital y m\u00f3vil (SMVM) aumentar\u00e1 un\u00a045 por ciento durante este a\u00f1o\u00a0en cuatro tramos, con lo cual en diciembre llegar\u00e1 a los 47.850 pesos. El acuerdo se concret\u00f3 en la tarde de ayer en el plenario realizado por Zoom en el Consejo del Salario. La reuni\u00f3n fue inaugurada por el ministro de Trabajo, Claudio Moroni, y participaron la CGT, la CTA, su par Aut\u00f3noma (CTAA) y directivos de las c\u00e1maras patronales.<\/p>\n<p>Luego de una deliberaci\u00f3n virtual de poco m\u00e1s de dos horas y en medio de las protestas que iniciaron el martes los movimientos sociales opositores, convinieron la actualizaci\u00f3n del ingreso, que desde septiembre \u00faltimo es de 33 mil pesos.<\/p>\n<p>Sindicalistas y empresarios convinieron el aumento del ingreso m\u00ednimo que ser\u00e1 de: 18% en abril, 10 en junio, otro 10 en agosto y un 7 en diciembre, con revisi\u00f3n en agosto pr\u00f3ximo.<\/p>\n<p>De esta manera los valores consignados para este a\u00f1o ser\u00e1n: en abril de $ 38.940, $ 42.834 en junio, $ 47.117 en agosto y $ 47.850 en diciembre.<\/p>\n<p>El Ministerio de Trabajo inform\u00f3 que el acuerdo se alcanz\u00f3 por \u201cunanimidad\u201d, con\u00a031 votos afirmativos y la abstenci\u00f3n de la CTA Aut\u00f3noma\u00a0de Ricardo Peidro.<\/p>\n<p>As\u00ed, la CTA Aut\u00f3noma de Peidro y el estatal Hugo Godoy se abstuvo y sostuvo su \u201cdisconformidad\u201d, porque \u201cel aumento no atiende de ning\u00fan modo la p\u00e9rdida del 23,5% del salario real durante el gobierno de Mauricio Macri y del 15,5% en los \u00faltimos dos a\u00f1os\u201c, detallaron los dirigentes.<\/p>\n<p>El ajuste acordado resulta inferior a la inflaci\u00f3n prevista por las consultoras que indican valores entre 55\u00a0y 62% anual<strong>,<\/strong>\u00a0sobre todo despu\u00e9s de conocerse los n\u00fameros de febrero (4,7% mensual y 52,7% anual).<\/p>\n<p>El salario m\u00ednimo\u00a0es la menor suma que un trabajador sin cargas de familia debe percibir para satisfacer sus necesidades\u00a0(alimentaci\u00f3n adecuada, vivienda digna, educaci\u00f3n, vestuario, asistencia sanitaria, transporte, esparcimiento, vacaciones y cobertura previsional). Y deber\u00eda ajustarse peri\u00f3dicamente de acuerdo al costo de vida.<\/p>\n<p>El acuerdo repercute en 1,2 millones de beneficiarios del programa\u00a0Potenciar Trabajo,\u00a0que cobran la mitad del salario m\u00ednimo, y 35.000 personas inscriptas en\u00a0\u201cAcompa\u00f1ar\u201d (mujeres y LBGTI+ en situaciones de violencia de g\u00e9nero que perciben un salario m\u00ednimo durante seis meses consecutivos).<\/p>\n<p>El\u00a0monto actual por desempleo<strong>\u00a0<\/strong>va de un m\u00ednimo de 9.167 pesos a un m\u00e1ximo de 15.278 y ser\u00e1 elevado conforme al nuevo acuerdo. Tambi\u00e9n\u00a0el Ejecutivo anunci\u00f3 un bono de $ 6.000<strong>\u00a0<\/strong>a partir del 5 de abril para quienes est\u00e1n suscriptos en Potenciar Trabajo, pero las organizaciones lo rechazaron por considerarlo insuficiente.<\/p>\n<p>En el encuentro participaron:<\/p>\n<p>Por el sector trabajador los dirigentes Carlos Acu\u00f1a, H\u00e9ctor Daer, Pablo Moyano, Antonio Cal\u00f3, Andr\u00e9s Rodr\u00edguez, Gerardo Mart\u00ednez, Sergio Romero, Jos\u00e9 Luis Lingeri, Roberto Fern\u00e1ndez, Noem\u00ed Geminiani, Gabriela P\u00e9rez, Noem\u00ed Ruiz, Romina Santana, Peidro y Hugo Yasky.<\/p>\n<p>Por los empresarios: Daniel Funes de Rioja, Juan Etala, Julio Cordero, Guillermo Moretti, Horacio Mart\u00ednez, Carlos Etchezarreta, Jorge Hulton, Ricardo Diab, Carlos Achetoni, Abel Guerrieri,. Paulo Ares, Alberto Frola, Ver\u00f3nica S\u00e1nchez, Javier Bolzico, Juan Gabbi y Jaime Campos. 16 representantes del sector empresario. \u00a0<strong>(VW)<\/strong><\/p>\n<p>&nbsp;<\/p>\n","protected":false},"excerpt":{"rendered":"<p>El\u00a0salario subir\u00e1\u00a045% en cuatro tramos, en diciembre\u00a0alcanzar\u00e1 un valor de $ 47.850. Hoy es de $ 33.000. Habr\u00eda una instancia de revisi\u00f3n\u00a0en agosto.<\/p>\n","protected":false},"author":4,"featured_media":4870,"comment_status":"closed","ping_status":"closed","sticky":false,"template":"","format":"standard","meta":{"_monsterinsights_skip_tracking":false,"_monsterinsights_sitenote_active":false,"_monsterinsights_sitenote_note":"","_monsterinsights_sitenote_category":0,"footnotes":""},"categories":[6,5],"tags":[1927,1925,1034,1926,242],"class_list":["post-4868","post","type-post","status-publish","format-standard","has-post-thumbnail","hentry","category-economia","category-sociedad","tag-1927","tag-aumento-salario","tag-moroni","tag-salario-minimo","tag-trabajo"],"_links":{"self":[{"href":"https:\/\/www.visionweb.com.ar\/index.php?rest_route=\/wp\/v2\/posts\/4868","targetHints":{"allow":["GET"]}}],"collection":[{"href":"https:\/\/www.visionweb.com.ar\/index.php?rest_route=\/wp\/v2\/posts"}],"about":[{"href":"https:\/\/www.visionweb.com.ar\/index.php?rest_route=\/wp\/v2\/types\/post"}],"author":[{"embeddable":true,"href":"https:\/\/www.visionweb.com.ar\/index.php?rest_route=\/wp\/v2\/users\/4"}],"replies":[{"embeddable":true,"href":"https:\/\/www.visionweb.com.ar\/index.php?rest_route=%2Fwp%2Fv2%2Fcomments&post=4868"}],"version-history":[{"count":2,"href":"https:\/\/www.visionweb.com.ar\/index.php?rest_route=\/wp\/v2\/posts\/4868\/revisions"}],"predecessor-version":[{"id":4871,"href":"https:\/\/www.visionweb.com.ar\/index.php?rest_route=\/wp\/v2\/posts\/4868\/revisions\/4871"}],"wp:featuredmedia":[{"embeddable":true,"href":"https:\/\/www.visionweb.com.ar\/index.php?rest_route=\/wp\/v2\/media\/4870"}],"wp:attachment":[{"href":"https:\/\/www.visionweb.com.ar\/index.php?rest_route=%2Fwp%2Fv2%2Fmedia&parent=4868"}],"wp:term":[{"taxonomy":"category","embeddable":true,"href":"https:\/\/www.visionweb.com.ar\/index.php?rest_route=%2Fwp%2Fv2%2Fcategories&post=4868"},{"taxonomy":"post_tag","embeddable":true,"href":"https:\/\/www.visionweb.com.ar\/index.php?rest_route=%2Fwp%2Fv2%2Ftags&post=4868"}],"curies":[{"name":"wp","href":"https:\/\/api.w.org\/{rel}","templated":true}]}}