{"id":4854,"date":"2022-03-16T12:31:31","date_gmt":"2022-03-16T15:31:31","guid":{"rendered":"https:\/\/www.visionweb.com.ar\/?p=4854"},"modified":"2022-03-16T12:31:31","modified_gmt":"2022-03-16T15:31:31","slug":"la-union-industrial-propuso-el-reintegro-de-impuestos-por-compra-de-alimentos","status":"publish","type":"post","link":"https:\/\/www.visionweb.com.ar\/?p=4854","title":{"rendered":"La Uni\u00f3n Industrial propuso el reintegro de impuestos por compra de alimentos"},"content":{"rendered":"<p><em><strong>Funes de Rioja busca impulsar la inversi\u00f3n, las exportaciones y el empleo. Present\u00f3 una propuesta para lograr \u201cuna reducci\u00f3n de la presi\u00f3n fiscal\u201d.\u00a0\u201cEn todo el pa\u00eds hay m\u00e1s de 160 impuestos\u00bb.<\/strong><\/em><!--more--><\/p>\n<p><strong> <img loading=\"lazy\" decoding=\"async\" class=\"size-full wp-image-4856 aligncenter\" src=\"https:\/\/www.visionweb.com.ar\/wp-content\/uploads\/2022\/03\/UIA-Funes-de-Rioja.bmp\" alt=\"\" width=\"469\" height=\"381\" \/><\/strong>\u00a0\u00a0\u00a0\u00a0\u00a0\u00a0\u00a0\u00a0 <strong>E<\/strong>l presidente de la Uni\u00f3n Industrial Argentina (UIA) Daniel Funes de Rioja, propuso al gobierno activar una devoluci\u00f3n de los impuestos por compra de alimentos para los sectores de menores recursos, reclam\u00f3 incentivos fiscales para las PYMES, ampliar el mercado exportador, y adem\u00e1s la eliminaci\u00f3n de los ingresos brutos.<\/p>\n<p>En conferencia de prensa virtual realizada ayer martes, el sector present\u00f3 las\u00a0Propuestas UIA con ejes en el desarrollo productivo federal, sustentable e inclusivo. En ese escenario \u00a0Funes de Rioja propuso \u201cuna reducci\u00f3n de la presi\u00f3n fiscal sobre el costos de los alimentos que est\u00e1n en 40% del precio, entre naci\u00f3n provincias y municipios y 50% en las bebidas<\/p>\n<p>Adem\u00e1s detall\u00f3 la manera de implementar estas acciones: \u201cCon un sistema m\u00e1s bancarizado, puedan tener una\u00a0devoluci\u00f3n de impuestos los sectores de menores recursos, para enfrentar las fluctuaciones que traen todas estas circunstancias que estamos viviendo\u201d, sostuvo al referirse a la suba de precios internacionales.<\/p>\n<p>Funes de Rioja, representante de la industria de la alimentaci\u00f3n agrupada en COPAL, pidi\u00f3 la aprobaci\u00f3n de las leyes de apoyo al sector industrial que no pudieron tratarse en las sesiones extraordinarias del Congreso.<\/p>\n<p>\u201cHay normas con incentivos, tambi\u00e9n inspirados en algunas propuestas que hemos hecho y vamos a buscar que todo sector industrial pueda tener incentivos acorde con los factores que desarrollen, como la inversi\u00f3n y el empleo que generen\u201d.<\/p>\n<p>Tambi\u00e9n recalc\u00f3 e insisti\u00f3 en la\u00a0eliminaci\u00f3n de los ingresos brutos\u00a0al sostener que es un gravamen \u201cque tiene un impacto muy nocivo y un efecto domin\u00f3 sobre los precios de los productos\u201d.<\/p>\n<p>En ese sentido, explic\u00f3 que la al\u00edcuota del 1,5 de ese impuesto puede llegar a\u00a0significar un aumento del 5 o 6 %en productos alimenticios, por lo que subray\u00f3 que se necesita \u201cun trato tributario m\u00e1s justo para que las empresas puedan subsistir y no que la informalidad sea el \u00fanico camino posible\u201d.<\/p>\n<p>Detall\u00f3 en ese aspecto, que \u201cen todo el pa\u00eds hay m\u00e1s de 160 impuestos\u00a0y la burocracia que ello implica y el tema de las cargas administrativas, en muchos casos son un desaliento, y la gente se baja a la informalidad\u201d. <strong>(VW)<\/strong><\/p>\n<p>&nbsp;<\/p>\n","protected":false},"excerpt":{"rendered":"<p>Funes de Rioja busca impulsar la inversi\u00f3n, las exportaciones y el empleo. Present\u00f3 una propuesta para lograr \u201cuna reducci\u00f3n de la presi\u00f3n fiscal\u201d.\u00a0\u201cEn todo el pa\u00eds hay m\u00e1s de 160 impuestos\u00bb.<\/p>\n","protected":false},"author":4,"featured_media":4856,"comment_status":"closed","ping_status":"closed","sticky":false,"template":"","format":"standard","meta":{"_monsterinsights_skip_tracking":false,"_monsterinsights_sitenote_active":false,"_monsterinsights_sitenote_note":"","_monsterinsights_sitenote_category":0,"footnotes":""},"categories":[6],"tags":[642,1920,1921,1774],"class_list":["post-4854","post","type-post","status-publish","format-standard","has-post-thumbnail","hentry","category-economia","tag-copal","tag-funes-de-rioja","tag-reduccion-de-impuestos","tag-uia"],"_links":{"self":[{"href":"https:\/\/www.visionweb.com.ar\/index.php?rest_route=\/wp\/v2\/posts\/4854","targetHints":{"allow":["GET"]}}],"collection":[{"href":"https:\/\/www.visionweb.com.ar\/index.php?rest_route=\/wp\/v2\/posts"}],"about":[{"href":"https:\/\/www.visionweb.com.ar\/index.php?rest_route=\/wp\/v2\/types\/post"}],"author":[{"embeddable":true,"href":"https:\/\/www.visionweb.com.ar\/index.php?rest_route=\/wp\/v2\/users\/4"}],"replies":[{"embeddable":true,"href":"https:\/\/www.visionweb.com.ar\/index.php?rest_route=%2Fwp%2Fv2%2Fcomments&post=4854"}],"version-history":[{"count":2,"href":"https:\/\/www.visionweb.com.ar\/index.php?rest_route=\/wp\/v2\/posts\/4854\/revisions"}],"predecessor-version":[{"id":4857,"href":"https:\/\/www.visionweb.com.ar\/index.php?rest_route=\/wp\/v2\/posts\/4854\/revisions\/4857"}],"wp:featuredmedia":[{"embeddable":true,"href":"https:\/\/www.visionweb.com.ar\/index.php?rest_route=\/wp\/v2\/media\/4856"}],"wp:attachment":[{"href":"https:\/\/www.visionweb.com.ar\/index.php?rest_route=%2Fwp%2Fv2%2Fmedia&parent=4854"}],"wp:term":[{"taxonomy":"category","embeddable":true,"href":"https:\/\/www.visionweb.com.ar\/index.php?rest_route=%2Fwp%2Fv2%2Fcategories&post=4854"},{"taxonomy":"post_tag","embeddable":true,"href":"https:\/\/www.visionweb.com.ar\/index.php?rest_route=%2Fwp%2Fv2%2Ftags&post=4854"}],"curies":[{"name":"wp","href":"https:\/\/api.w.org\/{rel}","templated":true}]}}