{"id":4845,"date":"2022-03-16T08:28:12","date_gmt":"2022-03-16T11:28:12","guid":{"rendered":"https:\/\/www.visionweb.com.ar\/?p=4845"},"modified":"2022-03-15T20:29:26","modified_gmt":"2022-03-15T23:29:26","slug":"la-provincia-realizara-el-primer-congreso-de-seguridad-vial","status":"publish","type":"post","link":"https:\/\/www.visionweb.com.ar\/?p=4845","title":{"rendered":"La Provincia realizar\u00e1 el Primer Congreso de Seguridad vial"},"content":{"rendered":"<p><strong><em>En el territorio bonaerense mueren por d\u00eda cuatro personas en accidentes viales. Durante el congreso se abordar\u00e1n tem\u00e1ticas orientadas generar penas m\u00e1s duras y a fomentar un cambio cultural en las actitudes temerarias de los conductores.<\/em><\/strong><!--more--><\/p>\n<p><strong><img loading=\"lazy\" decoding=\"async\" class=\"size-medium wp-image-4846 alignright\" src=\"https:\/\/www.visionweb.com.ar\/wp-content\/uploads\/2022\/03\/RUTAS-BONAERENSES-300x200.png\" alt=\"\" width=\"300\" height=\"200\" srcset=\"https:\/\/www.visionweb.com.ar\/wp-content\/uploads\/2022\/03\/RUTAS-BONAERENSES-300x200.png 300w, https:\/\/www.visionweb.com.ar\/wp-content\/uploads\/2022\/03\/RUTAS-BONAERENSES-768x511.png 768w, https:\/\/www.visionweb.com.ar\/wp-content\/uploads\/2022\/03\/RUTAS-BONAERENSES.png 800w\" sizes=\"auto, (max-width: 300px) 100vw, 300px\" \/>E<\/strong>l Gobierno bonaerense realizar\u00e1 este viernes el primer Congreso de Educaci\u00f3n y Seguridad vial con el objetivo de analizar proyectos de ley destinados a bajar los \u00edndices de siniestralidad, entre ellas la que determina que el nivel de alcohol en sangre para los conductores debe ser \u201ccero\u201d.<\/p>\n<p>Seg\u00fan estad\u00edsticas oficiales, durante 2021 se registraron 757 siniestros viales en la provincia, consecuencia de los cuales fallecieron 844 personas.<\/p>\n<p>El encuentro contar\u00e1 con la participaci\u00f3n del gobernador Axel Kicillof, del presidente de la C\u00e1mara de Diputados de la Naci\u00f3n, Sergio Massa, y de representantes de las organizaciones civiles.<\/p>\n<p>Kicillof anticip\u00f3 que durante el congreso se abordar\u00e1n tem\u00e1ticas orientadas \u201cno s\u00f3lo a generar penas m\u00e1s duras sino tambi\u00e9n a fomentar un cambio cultural en las actitudes temerarias de los conductores y conductoras de la provincia\u201d.<\/p>\n<p>Al respecto, el ministro de Transporte provincial, Jorge D\u2019Onofrio, sostuvo que en el territorio bonaerense \u201chay una estad\u00edstica dram\u00e1tica, que son 4 muertos por d\u00eda en siniestros viales y esta gesti\u00f3n tiene como uno de sus principales objetivos reducir esa cifra\u201d.<\/p>\n<p>El primer Congreso de Educaci\u00f3n y Seguridad Vial se realizar\u00e1 en el Edificio Anexo Alberto Balestrini del Senado de Buenos Aires y fueron invitadas diferentes referentes de organizaciones no gubernamentales vinculadas a la seguridad vial, como Viviam Perrone, de \u201cMadres del Dolor\u201d, Teresa Mellano, de \u201cEstrellas Amarillas\u201d y Roberto Almeida, de la Comisi\u00f3n Provincial del Consejo de V\u00edctimas.<\/p>\n<p>Adem\u00e1s de Kicillof, Massa y D\u2019Onofrio, estar\u00e1n presentes la vicegobernadora bonaerense, Ver\u00f3nica Magario, y senadores y diputados de Naci\u00f3n y de la provincia de Buenos Aires, ya que se impulsa el Proyecto de Ley de Alcohol Cero en ambas jurisdicciones.<\/p>\n<p>Los ejes de los paneles que abordar\u00e1 el congreso ser\u00e1n: \u201cLa seguridad vial en la agenda p\u00fablica del Estado provincial\u201d, \u201cLa perspectiva federal de la Seguridad Vial\u201d, \u201cAgenda Legislativa vinculada a la Seguridad Vial\u201d, \u201cEl valor de las acciones de los familiares de v\u00edctimas de siniestros viales\u201d, La educaci\u00f3n como eje de prevenci\u00f3n y concientizaci\u00f3n para el desarrollo de una movilidad segura\u201d y \u201cEl aporte de las neurociencias ante los distintos escenarios que se presentan en el ecosistema vial\u201d.<\/p>\n<p>El ministro de Transporte mantuvo varias reuniones con su par de Educaci\u00f3n, Alberto Sileoni, para impulsar iniciativas tendientes a alcanzar un cambio cultural en cuanto a seguridad vial y reforzar la concientizaci\u00f3n en todos los niveles educativos<strong>(VW)<\/strong>.<\/p>\n","protected":false},"excerpt":{"rendered":"<p>En el territorio bonaerense mueren por d\u00eda cuatro personas en accidentes viales. Durante el congreso se abordar\u00e1n tem\u00e1ticas orientadas generar penas m\u00e1s duras y a fomentar un cambio cultural en las actitudes temerarias de&#46;&#46;&#46;<\/p>\n","protected":false},"author":3,"featured_media":4846,"comment_status":"closed","ping_status":"closed","sticky":false,"template":"","format":"standard","meta":{"_monsterinsights_skip_tracking":false,"_monsterinsights_sitenote_active":false,"_monsterinsights_sitenote_note":"","_monsterinsights_sitenote_category":0,"footnotes":""},"categories":[8,5],"tags":[1916,1917,485],"class_list":["post-4845","post","type-post","status-publish","format-standard","has-post-thumbnail","hentry","category-interes-general","category-sociedad","tag-accidentes-viales","tag-conciencia","tag-congreso"],"_links":{"self":[{"href":"https:\/\/www.visionweb.com.ar\/index.php?rest_route=\/wp\/v2\/posts\/4845","targetHints":{"allow":["GET"]}}],"collection":[{"href":"https:\/\/www.visionweb.com.ar\/index.php?rest_route=\/wp\/v2\/posts"}],"about":[{"href":"https:\/\/www.visionweb.com.ar\/index.php?rest_route=\/wp\/v2\/types\/post"}],"author":[{"embeddable":true,"href":"https:\/\/www.visionweb.com.ar\/index.php?rest_route=\/wp\/v2\/users\/3"}],"replies":[{"embeddable":true,"href":"https:\/\/www.visionweb.com.ar\/index.php?rest_route=%2Fwp%2Fv2%2Fcomments&post=4845"}],"version-history":[{"count":1,"href":"https:\/\/www.visionweb.com.ar\/index.php?rest_route=\/wp\/v2\/posts\/4845\/revisions"}],"predecessor-version":[{"id":4847,"href":"https:\/\/www.visionweb.com.ar\/index.php?rest_route=\/wp\/v2\/posts\/4845\/revisions\/4847"}],"wp:featuredmedia":[{"embeddable":true,"href":"https:\/\/www.visionweb.com.ar\/index.php?rest_route=\/wp\/v2\/media\/4846"}],"wp:attachment":[{"href":"https:\/\/www.visionweb.com.ar\/index.php?rest_route=%2Fwp%2Fv2%2Fmedia&parent=4845"}],"wp:term":[{"taxonomy":"category","embeddable":true,"href":"https:\/\/www.visionweb.com.ar\/index.php?rest_route=%2Fwp%2Fv2%2Fcategories&post=4845"},{"taxonomy":"post_tag","embeddable":true,"href":"https:\/\/www.visionweb.com.ar\/index.php?rest_route=%2Fwp%2Fv2%2Ftags&post=4845"}],"curies":[{"name":"wp","href":"https:\/\/api.w.org\/{rel}","templated":true}]}}