{"id":4841,"date":"2022-03-15T18:32:57","date_gmt":"2022-03-15T21:32:57","guid":{"rendered":"https:\/\/www.visionweb.com.ar\/?p=4841"},"modified":"2022-03-15T18:32:57","modified_gmt":"2022-03-15T21:32:57","slug":"alberto-fernandez-el-viernes-empieza-la-guerra-contra-la-inflacion","status":"publish","type":"post","link":"https:\/\/www.visionweb.com.ar\/?p=4841","title":{"rendered":"Alberto Fern\u00e1ndez: \u00abEl viernes empieza la guerra contra la inflaci\u00f3n\u00bb"},"content":{"rendered":"<p><em><strong>El Gobierno analiza distintas medidas para contener la escalada inflacionaria, mientras el Indec ya lanz\u00f3 el n\u00famero de febrero, con \u00a0un alza de 4,7%.<\/strong><\/em><!--more--><\/p>\n<p><strong><img loading=\"lazy\" decoding=\"async\" class=\"size-full wp-image-4843 aligncenter\" src=\"https:\/\/www.visionweb.com.ar\/wp-content\/uploads\/2022\/03\/a-fernandez-inflacion.bmp\" alt=\"\" width=\"689\" height=\"328\" \/>E<\/strong>l presidente\u00a0Alberto Fern\u00e1ndez\u00a0sostuvo este martes que \u201cla mayor complicaci\u00f3n econ\u00f3mica que sufre el mundo por la invasi\u00f3n de Rusia a Ucrania es una lucha tremenda por los alimentos\u201d. A la vez afirm\u00f3 que, luego de \u201cponer orden al tema de la deuda\u201d con el Fondo Monetario Internacional (FMI),<strong>\u00a0<\/strong>\u201cel viernes empieza la guerra contra la inflaci\u00f3n en la Argentina\u201d.<\/p>\n<p><strong>\u00a0<\/strong>La inflaci\u00f3n es uno de los mayores conflictos \u00a0del gobierno Nacional. El nivel general del \u00cdndice de Precios al Consumidor registr\u00f3 un alza mensual de 4,7% en febrero de 2022 y una variaci\u00f3n\u00a0interanual de 52,3%\u00a0seg\u00fan inform\u00f3 esta tarde el Instituto Nacional de Estad\u00edsticas y Censos (INDEC).<\/p>\n<p>Luego de algo m\u00e1s de dos a\u00f1os de gesti\u00f3n, el presidente Fern\u00e1ndez asegur\u00f3 hoy que\u00a0su pr\u00f3ximo objetivo ser\u00e1 luchar contra la inflaci\u00f3n.<\/p>\n<p>\u00abEl viernes arranca otra guerra, la guerra contra la inflaci\u00f3n en la Argentina\u00bb, asegur\u00f3 el jefe de Estado en referencia a las medidas que adoptar\u00e1 el Gobierno para combatir al alza generalizada de precios.<\/p>\n<p>Al encabezar el acto de inauguraci\u00f3n de la estaci\u00f3n Tortuguitas de la l\u00ednea Belgrano Norte, en el partido bonaerense de Malvinas Argentinas, el jefe de Estado hizo referencia directa a los efectos del conflicto b\u00e9lico europeo sobre la econom\u00eda mundial y dijo que las consecuencias no llegan al pa\u00eds \u201cen forma de balas,\u00a0sino que lo hacen bajo la forma de complicaciones econ\u00f3micas\u201d.<\/p>\n<p><strong>\u00a0<\/strong>\u201cQuisi\u00e9ramos que eso no nos pasara ahora, porque nos cuesta mucho recuperarnos.\u00a0Espero que esta semana podamos empezar a poner orden al tema de la deuda tremenda de la deuda que heredamos. <strong>Y el viernes empieza la guerra contra la inflaci\u00f3n en la Argentina; vamos a terminar con los especuladores\u201d<\/strong>, apunt\u00f3.<\/p>\n<p>\u00abCuando cre\u00edmos que est\u00e1bamos saliendo de la pandemia, comenz\u00f3 la guerra en Europa. En un mundo globalizado causa efectos desastrosos m\u00e1s all\u00e1 de las fronteras.\u00a0Esta guerra tiene repercusiones en el mundo, y tambi\u00e9n en la Argentina.<strong>\u00a0<\/strong>Esa guerra ha desatado una lucha tremenda por los alimentos y vuelan los precios de los alimentos en todo el mundo\u00bb, argument\u00f3 Alberto Fern\u00e1ndez. <strong>(VW)<\/strong><\/p>\n<p>&nbsp;<\/p>\n","protected":false},"excerpt":{"rendered":"<p>El Gobierno analiza distintas medidas para contener la escalada inflacionaria, mientras el Indec ya lanz\u00f3 el n\u00famero de febrero, con \u00a0un alza de 4,7%.<\/p>\n","protected":false},"author":4,"featured_media":4843,"comment_status":"closed","ping_status":"closed","sticky":false,"template":"","format":"standard","meta":{"_monsterinsights_skip_tracking":false,"_monsterinsights_sitenote_active":false,"_monsterinsights_sitenote_note":"","_monsterinsights_sitenote_category":0,"footnotes":""},"categories":[6,4],"tags":[44,1915,75,588],"class_list":["post-4841","post","type-post","status-publish","format-standard","has-post-thumbnail","hentry","category-economia","category-politica","tag-alberto-fernandez","tag-guerra-contra-la-inflacion","tag-indec","tag-presidente"],"_links":{"self":[{"href":"https:\/\/www.visionweb.com.ar\/index.php?rest_route=\/wp\/v2\/posts\/4841","targetHints":{"allow":["GET"]}}],"collection":[{"href":"https:\/\/www.visionweb.com.ar\/index.php?rest_route=\/wp\/v2\/posts"}],"about":[{"href":"https:\/\/www.visionweb.com.ar\/index.php?rest_route=\/wp\/v2\/types\/post"}],"author":[{"embeddable":true,"href":"https:\/\/www.visionweb.com.ar\/index.php?rest_route=\/wp\/v2\/users\/4"}],"replies":[{"embeddable":true,"href":"https:\/\/www.visionweb.com.ar\/index.php?rest_route=%2Fwp%2Fv2%2Fcomments&post=4841"}],"version-history":[{"count":2,"href":"https:\/\/www.visionweb.com.ar\/index.php?rest_route=\/wp\/v2\/posts\/4841\/revisions"}],"predecessor-version":[{"id":4844,"href":"https:\/\/www.visionweb.com.ar\/index.php?rest_route=\/wp\/v2\/posts\/4841\/revisions\/4844"}],"wp:featuredmedia":[{"embeddable":true,"href":"https:\/\/www.visionweb.com.ar\/index.php?rest_route=\/wp\/v2\/media\/4843"}],"wp:attachment":[{"href":"https:\/\/www.visionweb.com.ar\/index.php?rest_route=%2Fwp%2Fv2%2Fmedia&parent=4841"}],"wp:term":[{"taxonomy":"category","embeddable":true,"href":"https:\/\/www.visionweb.com.ar\/index.php?rest_route=%2Fwp%2Fv2%2Fcategories&post=4841"},{"taxonomy":"post_tag","embeddable":true,"href":"https:\/\/www.visionweb.com.ar\/index.php?rest_route=%2Fwp%2Fv2%2Ftags&post=4841"}],"curies":[{"name":"wp","href":"https:\/\/api.w.org\/{rel}","templated":true}]}}