{"id":4835,"date":"2022-03-15T16:34:05","date_gmt":"2022-03-15T19:34:05","guid":{"rendered":"https:\/\/www.visionweb.com.ar\/?p=4835"},"modified":"2022-03-15T16:34:05","modified_gmt":"2022-03-15T19:34:05","slug":"acuerdo-con-el-fmi-dictamen-favorable-del-senado","status":"publish","type":"post","link":"https:\/\/www.visionweb.com.ar\/?p=4835","title":{"rendered":"Acuerdo con el FMI: Dictamen favorable del Senado"},"content":{"rendered":"<p><em><strong>El proyecto qued\u00f3 compuesto por tres art\u00edculos, y en los pr\u00f3ximos d\u00edas se debatir\u00e1 sobre tablas.<\/strong><\/em><!--more--><\/p>\n<p><strong><img loading=\"lazy\" decoding=\"async\" class=\"size-full wp-image-4837 aligncenter\" src=\"https:\/\/www.visionweb.com.ar\/wp-content\/uploads\/2022\/03\/senado2022.bmp\" alt=\"\" width=\"579\" height=\"359\" \/>L<\/strong>a Comisi\u00f3n de Presupuesto y Hacienda del Senado de la Naci\u00f3n presidida por el oficialista riojano Ricardo Guerra, emiti\u00f3 dictamen favorable al proyecto de ley que autoriza al Poder Ejecutivo refinanciar la deuda con el Fondo Monetario Internacional (FMI).<\/p>\n<p>Esta tarde firmaron 16 miembros de los 17 que integran la comisi\u00f3n, en un tr\u00e1mite expreso que dur\u00f3 s\u00f3lo\u00a0doce minutos. Resta saber si Juntos por el Cambio dar\u00e1 los\u00a0dos tercios necesarios para que pueda ser debatido esta misma semana<strong>\u00a0<\/strong>sobre tablas, sin necesidad de esperar los siete d\u00edas reglamentarios para su tratamiento en el recinto.<\/p>\n<p>La jornada para el tratamiento de la iniciativa comenz\u00f3 este lunes con la visita al Sal\u00f3n Azul del ministro de Econom\u00eda, Mart\u00edn Guzm\u00e1n; el jefe de Gabinete, Juan Manzur; el presidente del BCRA, Miguel Pesce; y la titular de la AFIP, Mercedes Marc\u00f3 del Pont, entre otros funcionarios, quienes respondieron preguntas de los senadores.<\/p>\n<p>En el arranque de la reuni\u00f3n de hoy, el presidente de la comisi\u00f3n destac\u00f3 la reuni\u00f3n del d\u00eda lunes con los funcionarios, donde \u201cse han evacuado muchas dudas, inquietudes\u201d y \u201cel ambiente de respeto en el cual se desarroll\u00f3\u201d. \u201cInterpreto que estamos en condiciones de firmar el dictamen\u201d, dijo Guerra.<\/p>\n<p>Por su parte, el jefe del FdT, Jos\u00e9 Mayans, ponder\u00f3 que el proyecto \u201cviene con un\u00a0respaldo muy importante de Diputados\u201d y, tras la presentaci\u00f3n del equipo econ\u00f3mico, los senadores est\u00e1n \u201cdebidamente informadosde lo que ha sido el cambio en el proyecto y de la posici\u00f3n que ha tomado la oposici\u00f3n\u201d.<\/p>\n<p>\u201cNuestro bloque va a acompa\u00f1ar, algunos en forma disidente, pero obviamente se va a acompa\u00f1ar la firma del dictamen\u201d, aclar\u00f3 Mayans.<\/p>\n<p>En tanto, el radical chaque\u00f1o V\u00edctor Zimmermann destac\u00f3 la \u201cactitud del Poder Ejecutivo Nacional de normalizar la situaci\u00f3n financiera del pa\u00eds\u201d y agreg\u00f3: \u201cEst\u00e1 en juego juego\u00a0entrar o no en default<strong>\u00a0<\/strong>con las implicancias que traer\u00eda al pa\u00eds cuyas consecuencias fueron explicadas de forma muy clara por el ministro\u201d, resalt\u00f3 el chaque\u00f1o y al adelantar el voto favorable de la principal coalici\u00f3n opositora.<\/p>\n<p>As\u00ed, el proyecto qued\u00f3 compuesto por tres art\u00edculos que establecen que se aprueba \u201cde acuerdo a lo estipulado en el art\u00edculo 75, inciso 7, de la Constituci\u00f3n Nacional y en los t\u00e9rminos del art\u00edculo 2\u00b0 de la ley 27.612, las operaciones de cr\u00e9dito p\u00fablico contenidas en el \u2018Programa de Facilidades Extendidas\u2019 a celebrarse entre el Poder Ejecutivo Nacional y el Fondo Monetario Internacional(FMI) para la cancelaci\u00f3n del Acuerdo Stand By celebrado oportunamente en 2018 y para apoyo presupuestario\u201d.<\/p>\n<p>Y agrega que \u201cel Poder Ejecutivo nacional suscribir\u00e1, en uso de sus facultades, los instrumentos necesarios para dar cumplimiento a lo establecido en el p\u00e1rrafo precedente\u201d. <strong>(VW)<\/strong><\/p>\n<p>&nbsp;<\/p>\n<p>&nbsp;<\/p>\n","protected":false},"excerpt":{"rendered":"<p>El proyecto qued\u00f3 compuesto por tres art\u00edculos, y en los pr\u00f3ximos d\u00edas se debatir\u00e1 sobre tablas.<\/p>\n","protected":false},"author":4,"featured_media":4837,"comment_status":"closed","ping_status":"closed","sticky":false,"template":"","format":"standard","meta":{"_monsterinsights_skip_tracking":false,"_monsterinsights_sitenote_active":false,"_monsterinsights_sitenote_note":"","_monsterinsights_sitenote_category":0,"footnotes":""},"categories":[6,4],"tags":[1912,1914,1913,468],"class_list":["post-4835","post","type-post","status-publish","format-standard","has-post-thumbnail","hentry","category-economia","category-politica","tag-acuetdo-fmi","tag-default","tag-dictamen","tag-senado"],"_links":{"self":[{"href":"https:\/\/www.visionweb.com.ar\/index.php?rest_route=\/wp\/v2\/posts\/4835","targetHints":{"allow":["GET"]}}],"collection":[{"href":"https:\/\/www.visionweb.com.ar\/index.php?rest_route=\/wp\/v2\/posts"}],"about":[{"href":"https:\/\/www.visionweb.com.ar\/index.php?rest_route=\/wp\/v2\/types\/post"}],"author":[{"embeddable":true,"href":"https:\/\/www.visionweb.com.ar\/index.php?rest_route=\/wp\/v2\/users\/4"}],"replies":[{"embeddable":true,"href":"https:\/\/www.visionweb.com.ar\/index.php?rest_route=%2Fwp%2Fv2%2Fcomments&post=4835"}],"version-history":[{"count":2,"href":"https:\/\/www.visionweb.com.ar\/index.php?rest_route=\/wp\/v2\/posts\/4835\/revisions"}],"predecessor-version":[{"id":4838,"href":"https:\/\/www.visionweb.com.ar\/index.php?rest_route=\/wp\/v2\/posts\/4835\/revisions\/4838"}],"wp:featuredmedia":[{"embeddable":true,"href":"https:\/\/www.visionweb.com.ar\/index.php?rest_route=\/wp\/v2\/media\/4837"}],"wp:attachment":[{"href":"https:\/\/www.visionweb.com.ar\/index.php?rest_route=%2Fwp%2Fv2%2Fmedia&parent=4835"}],"wp:term":[{"taxonomy":"category","embeddable":true,"href":"https:\/\/www.visionweb.com.ar\/index.php?rest_route=%2Fwp%2Fv2%2Fcategories&post=4835"},{"taxonomy":"post_tag","embeddable":true,"href":"https:\/\/www.visionweb.com.ar\/index.php?rest_route=%2Fwp%2Fv2%2Ftags&post=4835"}],"curies":[{"name":"wp","href":"https:\/\/api.w.org\/{rel}","templated":true}]}}