{"id":4820,"date":"2022-03-15T11:01:46","date_gmt":"2022-03-15T14:01:46","guid":{"rendered":"https:\/\/www.visionweb.com.ar\/?p=4820"},"modified":"2022-03-15T11:07:39","modified_gmt":"2022-03-15T14:07:39","slug":"cerro-por-la-paritaria-salarial-de-los-trabajadores-estatales","status":"publish","type":"post","link":"https:\/\/www.visionweb.com.ar\/?p=4820","title":{"rendered":"Cerr\u00f3 la paritaria salarial de los trabajadores estatales bonaerenses"},"content":{"rendered":"<p><em><strong>La oferta contempla un incremento del 40% en tres tramos y una cl\u00e1usula de re apertura de la negociaci\u00f3n.<\/strong><\/em><!--more--><\/p>\n<div id=\"attachment_4821\" style=\"width: 310px\" class=\"wp-caption alignright\"><img loading=\"lazy\" decoding=\"async\" aria-describedby=\"caption-attachment-4821\" class=\"wp-image-4821 size-medium\" src=\"https:\/\/www.visionweb.com.ar\/wp-content\/uploads\/2022\/03\/MINISTRA-DE-TRABAJO-BONAERENSE-300x195.png\" alt=\"\" width=\"300\" height=\"195\" srcset=\"https:\/\/www.visionweb.com.ar\/wp-content\/uploads\/2022\/03\/MINISTRA-DE-TRABAJO-BONAERENSE-300x195.png 300w, https:\/\/www.visionweb.com.ar\/wp-content\/uploads\/2022\/03\/MINISTRA-DE-TRABAJO-BONAERENSE-768x500.png 768w, https:\/\/www.visionweb.com.ar\/wp-content\/uploads\/2022\/03\/MINISTRA-DE-TRABAJO-BONAERENSE.png 800w\" sizes=\"auto, (max-width: 300px) 100vw, 300px\" \/><p id=\"caption-attachment-4821\" class=\"wp-caption-text\"><em><strong>Mara Ruiz Malec, ministra de Trabajo bonaerense (Prensa Gobierno bonaerense).<\/strong><\/em><\/p><\/div>\n<p><strong>L<\/strong>os gremios que nuclean a los trabajadores y trabajadoras estatales bonaerenses aceptaron por mayor\u00eda la propuesta salarial que d\u00edas atr\u00e1s present\u00f3 Provincia por lo que se da por cerrada la paritaria del sector.<\/p>\n<p>Este lunes, la\u00a0 FEGEPPBA respondi\u00f3 de manera afirmativa a la oferta que el jueves \u00faltimo present\u00f3 el Gobierno bonaerense en la reanudaci\u00f3n de las negociaciones, sum\u00e1ndose a la aprobaci\u00f3n que ya hab\u00edan anticipado ATE y UPCN.<\/p>\n<p>\u201cEstamos satisfechos con que se hayan alcanzado acuerdos por amplia mayor\u00eda. Vamos a seguir trabajando en las mesas comprometidas para mejorar la situaci\u00f3n del empleo estatal y con ello, del Estado\u201d, afirm\u00f3 la ministra de Trabajo Mara Ruiz Malec.<\/p>\n<p>Por su parte, el ministro de Hacienda y Finanzas bonaerense, Pablo L\u00f3pez, manifest\u00f3 su satisfacci\u00f3n por el acuerdo alcanzado y destac\u00f3 que \u201ca trav\u00e9s del di\u00e1logo constante con las y los representantes gremiales avanzamos en nuestro objetivo de ir recomponiendo el poder adquisitivo de los salarios y de mejorar las condiciones laborales de las y los trabajadores, sin perder de vista la situaci\u00f3n fiscal de la Provincia\u201d.<\/p>\n<p>Durante la reuni\u00f3n virtual que encabezaron L\u00f3pez y Ruiz Malec, la Provincia formul\u00f3 una oferta salarial del 40% a pagar en tres tramos: el primero, del 16%, en marzo, el segundo, del 10 por ciento, en julio, y el tercero, del 14%, en septiembre.<\/p>\n<p>Adem\u00e1s, la oferta incluye una bonificaci\u00f3n adicional para el personal del ministerio de Salud enmarcado en la Ley N\u00b010.430, una cl\u00e1usula de seguimiento y otra de reapertura de la mesa salarial luego del tercer aumento, a la espera de los indicadores econ\u00f3micos a fin de lograr y mantener una recomposici\u00f3n real de los salarios de los trabajadores y trabajadoras estatales<strong>(VW)<\/strong>.<\/p>\n","protected":false},"excerpt":{"rendered":"<p>La oferta contempla un incremento del 40% en tres tramos y una cl\u00e1usula de re apertura de la negociaci\u00f3n.<\/p>\n","protected":false},"author":3,"featured_media":4821,"comment_status":"closed","ping_status":"closed","sticky":false,"template":"","format":"standard","meta":{"_monsterinsights_skip_tracking":false,"_monsterinsights_sitenote_active":false,"_monsterinsights_sitenote_note":"","_monsterinsights_sitenote_category":0,"footnotes":""},"categories":[6],"tags":[650,1907,158],"class_list":["post-4820","post","type-post","status-publish","format-standard","has-post-thumbnail","hentry","category-economia","tag-bonaerenses","tag-estatales","tag-paritarias"],"_links":{"self":[{"href":"https:\/\/www.visionweb.com.ar\/index.php?rest_route=\/wp\/v2\/posts\/4820","targetHints":{"allow":["GET"]}}],"collection":[{"href":"https:\/\/www.visionweb.com.ar\/index.php?rest_route=\/wp\/v2\/posts"}],"about":[{"href":"https:\/\/www.visionweb.com.ar\/index.php?rest_route=\/wp\/v2\/types\/post"}],"author":[{"embeddable":true,"href":"https:\/\/www.visionweb.com.ar\/index.php?rest_route=\/wp\/v2\/users\/3"}],"replies":[{"embeddable":true,"href":"https:\/\/www.visionweb.com.ar\/index.php?rest_route=%2Fwp%2Fv2%2Fcomments&post=4820"}],"version-history":[{"count":4,"href":"https:\/\/www.visionweb.com.ar\/index.php?rest_route=\/wp\/v2\/posts\/4820\/revisions"}],"predecessor-version":[{"id":4825,"href":"https:\/\/www.visionweb.com.ar\/index.php?rest_route=\/wp\/v2\/posts\/4820\/revisions\/4825"}],"wp:featuredmedia":[{"embeddable":true,"href":"https:\/\/www.visionweb.com.ar\/index.php?rest_route=\/wp\/v2\/media\/4821"}],"wp:attachment":[{"href":"https:\/\/www.visionweb.com.ar\/index.php?rest_route=%2Fwp%2Fv2%2Fmedia&parent=4820"}],"wp:term":[{"taxonomy":"category","embeddable":true,"href":"https:\/\/www.visionweb.com.ar\/index.php?rest_route=%2Fwp%2Fv2%2Fcategories&post=4820"},{"taxonomy":"post_tag","embeddable":true,"href":"https:\/\/www.visionweb.com.ar\/index.php?rest_route=%2Fwp%2Fv2%2Ftags&post=4820"}],"curies":[{"name":"wp","href":"https:\/\/api.w.org\/{rel}","templated":true}]}}