{"id":4817,"date":"2022-03-15T10:34:40","date_gmt":"2022-03-15T13:34:40","guid":{"rendered":"https:\/\/www.visionweb.com.ar\/?p=4817"},"modified":"2022-03-15T10:34:40","modified_gmt":"2022-03-15T13:34:40","slug":"la-utt-ofrecera-alimentos-con-10-de-descuentos-a-jubilados-embarazadas-y-estudiantes","status":"publish","type":"post","link":"https:\/\/www.visionweb.com.ar\/?p=4817","title":{"rendered":"La UTT ofrecer\u00e1 alimentos con 10% de descuentos a jubilados, embarazadas y estudiantes"},"content":{"rendered":"<p><strong><em>La especulaci\u00f3n brutal de las l\u00f3gicas de mercado sobre el precio de los alimentos transforma frutas y verduras en art\u00edculos de lujo.<\/em><\/strong><!--more--><\/p>\n<p><strong><img loading=\"lazy\" decoding=\"async\" class=\"size-medium wp-image-4818 alignright\" src=\"https:\/\/www.visionweb.com.ar\/wp-content\/uploads\/2022\/03\/UTT-centors-de-venta-300x200.png\" alt=\"\" width=\"300\" height=\"200\" srcset=\"https:\/\/www.visionweb.com.ar\/wp-content\/uploads\/2022\/03\/UTT-centors-de-venta-300x200.png 300w, https:\/\/www.visionweb.com.ar\/wp-content\/uploads\/2022\/03\/UTT-centors-de-venta.png 640w\" sizes=\"auto, (max-width: 300px) 100vw, 300px\" \/>L<\/strong>a agrupaci\u00f3n Uni\u00f3n Trabajadoras de la Tierra (UTT) a partir de esta semana ofrecer\u00e1 frutas, verduras agroecol\u00f3gicas y productos cooperativos de almac\u00e9n con un 10% de descuento para jubilados, personas gestantes y estudiantes, informaron fuentes de la organizaci\u00f3n.<\/p>\n<p>Seg\u00fan se inform\u00f3, la venta de alimentos con un 10 % descuento se realizar\u00e1 todos los martes y jueves en los almacenes de la UTT ubicados en distintos puntos del pa\u00eds.<\/p>\n<p>En la provincia de Buenos Aires, en Monte Grande, de Arana 293, de lunes a viernes, de 9 a 20 y s\u00e1bados de 9 a 19; en La Plata, en calle 1 n\u00famero 612 de lunes a viernes de 9 a 20 y s\u00e1bados de 9 a 19, y en el Mercado Agroecol\u00f3gico de Avellaneda, ubicado en Lamadrid 758, de lunes a viernes, de 7 a 13 y s\u00e1bados de 7 a 14.<\/p>\n<h3 style=\"text-align: center;\"><strong><em>La organizaci\u00f3n habilit\u00f3 en el sur del GBA tres puntos de venta.<\/em><\/strong><\/h3>\n<p>\u00abLa UTT garantiza el acceso del pueblo a un alimento sano y a un precio justo. Es por eso que a partir de esta semana, todos los martes y jueves en los almacenes UTT los jubilados, personas gestantes y estudiantes tendr\u00e1n un 10% de descuentos en frutas y verduras agroecol\u00f3gicas\u00bb, destacaron los voceros de las peque\u00f1as familias productoras agropecuarias.<\/p>\n<p>La coordinadora de los almacenes UTT, Daniela Carrizo, se\u00f1al\u00f3 en declaraciones a T\u00e9lam que \u00aben momentos donde la especulaci\u00f3n brutal de las l\u00f3gicas de mercado sobre el precio de los alimentos transforma frutas y verduras en art\u00edculos de lujo, los trabajadores de la tierra volvemos a demostrar que es posible escapar al enga\u00f1o de la \u2018oferta y la demanda\u2019 y privilegiar el derecho a una alimentaci\u00f3n sana para los sectores que m\u00e1s la necesitan\u00bb.<\/p>\n<p>\u00abPara UTT, las ideas de comercio justo y soberan\u00eda alimentaria no son s\u00f3lo consignas. Por eso, no especulamos con los precios, acopiando alimento que necesitamos hoy en nuestras mesas a un costo accesible\u00bb, sostuvo la referente.<\/p>\n<p>Al respecto, Carrizo se pregunt\u00f3: \u00abSi nosotros podemos producir de manera agroecol\u00f3gica, bajando costos y protegiendo el medio ambiente y la salud; definir precios de manera justa, tanto para quien produce como para quien consume, distribuir de manera directa alimentos de todo el pa\u00eds e impulsar iniciativas que, adem\u00e1s, privilegien a los sectores m\u00e1s vulnerables, como los jubilados, \u00bfpor qu\u00e9 otros no?\u00bb <strong>(VW)<\/strong>.<\/p>\n","protected":false},"excerpt":{"rendered":"<p>La especulaci\u00f3n brutal de las l\u00f3gicas de mercado sobre el precio de los alimentos transforma frutas y verduras en art\u00edculos de lujo.<\/p>\n","protected":false},"author":3,"featured_media":4818,"comment_status":"closed","ping_status":"closed","sticky":false,"template":"","format":"standard","meta":{"_monsterinsights_skip_tracking":false,"_monsterinsights_sitenote_active":false,"_monsterinsights_sitenote_note":"","_monsterinsights_sitenote_category":0,"footnotes":""},"categories":[1],"tags":[753,1004,1906],"class_list":["post-4817","post","type-post","status-publish","format-standard","has-post-thumbnail","hentry","category-uncategorized","tag-ferias","tag-hortalizas","tag-utt"],"_links":{"self":[{"href":"https:\/\/www.visionweb.com.ar\/index.php?rest_route=\/wp\/v2\/posts\/4817","targetHints":{"allow":["GET"]}}],"collection":[{"href":"https:\/\/www.visionweb.com.ar\/index.php?rest_route=\/wp\/v2\/posts"}],"about":[{"href":"https:\/\/www.visionweb.com.ar\/index.php?rest_route=\/wp\/v2\/types\/post"}],"author":[{"embeddable":true,"href":"https:\/\/www.visionweb.com.ar\/index.php?rest_route=\/wp\/v2\/users\/3"}],"replies":[{"embeddable":true,"href":"https:\/\/www.visionweb.com.ar\/index.php?rest_route=%2Fwp%2Fv2%2Fcomments&post=4817"}],"version-history":[{"count":1,"href":"https:\/\/www.visionweb.com.ar\/index.php?rest_route=\/wp\/v2\/posts\/4817\/revisions"}],"predecessor-version":[{"id":4819,"href":"https:\/\/www.visionweb.com.ar\/index.php?rest_route=\/wp\/v2\/posts\/4817\/revisions\/4819"}],"wp:featuredmedia":[{"embeddable":true,"href":"https:\/\/www.visionweb.com.ar\/index.php?rest_route=\/wp\/v2\/media\/4818"}],"wp:attachment":[{"href":"https:\/\/www.visionweb.com.ar\/index.php?rest_route=%2Fwp%2Fv2%2Fmedia&parent=4817"}],"wp:term":[{"taxonomy":"category","embeddable":true,"href":"https:\/\/www.visionweb.com.ar\/index.php?rest_route=%2Fwp%2Fv2%2Fcategories&post=4817"},{"taxonomy":"post_tag","embeddable":true,"href":"https:\/\/www.visionweb.com.ar\/index.php?rest_route=%2Fwp%2Fv2%2Ftags&post=4817"}],"curies":[{"name":"wp","href":"https:\/\/api.w.org\/{rel}","templated":true}]}}