{"id":4812,"date":"2022-03-14T12:17:14","date_gmt":"2022-03-14T15:17:14","guid":{"rendered":"https:\/\/www.visionweb.com.ar\/?p=4812"},"modified":"2022-03-14T12:17:14","modified_gmt":"2022-03-14T15:17:14","slug":"cicop-declara-el-estado-de-alerta","status":"publish","type":"post","link":"https:\/\/www.visionweb.com.ar\/?p=4812","title":{"rendered":"Cicop declara el estado de alerta"},"content":{"rendered":"<p><em><strong>Trabajadores bonaerenses de la Salud piden discutir salarios, reclaman convocatoria a la paritaria particular. Buscan un acuerdo no menor al otorgado a los docentes.<\/strong><\/em><!--more--><\/p>\n<p><strong><img loading=\"lazy\" decoding=\"async\" class=\"size-full wp-image-4815 aligncenter\" src=\"https:\/\/www.visionweb.com.ar\/wp-content\/uploads\/2022\/03\/cicop-estado-alerta.bmp\" alt=\"\" width=\"549\" height=\"318\" \/>L<\/strong>a Asociaci\u00f3n Sindical de Profesionales de la Salud de la provincia de Buenos Aires (Cicop) pidi\u00f3 hoy al Gobierno bonaerense la \u201cconvocatoria de la paritaria de la ley 10.471\u201d para negociar una suba salarial para el sector, y declar\u00f3 el \u201cestado de alerta\u201d en los municipios bonaerenses \u201cpor el atraso salarial que presentan la mayor\u00eda respecto a los salarios en la provincia\u201d.<\/p>\n<p>En un comunicado, desde el sindicato recordaron que \u201cdurante la audiencia del jueves pasado en el marco de la paritaria de la ley 10.430 (estatales bonaerenses), el Estado provincial se comprometi\u00f3 a convocar r\u00e1pidamente a las paritarias sectoriales, incluida nuestra paritaria ley 10.471 (Carrera Profesional Hospitalaria)\u201d.<\/p>\n<p>\u201cMantenemos el estado de alerta, exigiendo que se concrete nuestra negociaci\u00f3n sectorial lo antes posible\u00a0para discutir nuestra pauta salarial y, adem\u00e1s, temas concernientes a nuestras condiciones laborales, como la ley de excepci\u00f3n para el pase de ley de todos los profesionales aun encuadrados en la ley 10.430\u2033, indic\u00f3 la Cicop.<\/p>\n<p>En esa l\u00ednea, adem\u00e1s la Cicop pide: \u201cla eliminaci\u00f3n del presentismo\u00a0en todas sus formas y la resoluci\u00f3n de nuestro r\u00e9gimen previsional con una correcta aplicaci\u00f3n del desgaste laboral, entre otros temas\u201d.<\/p>\n<p><strong>\u00a0<\/strong>El jueves pasado representantes del Gobierno provincial se reunieron con dirigentes de los gremios estatales para retomar las conversaciones sobre la pauta de incremento salarial.<\/p>\n<p>En ese contexto los estatales bonaerenses, solicitaron a la Provincia que \u201cconvoque a las organizaciones sindicales a discutir un ofrecimiento salarial\u201d, y que la propuesta no se ubicara por debajo de la realizada a los trabajadores de la educaci\u00f3n provincial.<\/p>\n<p>El Gobierno bonaerense ya cerr\u00f3 acuerdos con docentes\u00a0y con los gremios que representan a los trabajadores estatales enmarcados en la ley 10.430. En el caso de docentes, con una suba del 41,8% hasta septiembre de 2022 en tres tramos.\u00a0 <strong>(VW)<\/strong><\/p>\n<p>&nbsp;<\/p>\n","protected":false},"excerpt":{"rendered":"<p>Trabajadores bonaerenses de la Salud piden discutir salarios, reclaman convocatoria a la paritaria particular. Buscan un acuerdo no menor al otorgado a los docentes.<\/p>\n","protected":false},"author":4,"featured_media":4815,"comment_status":"closed","ping_status":"closed","sticky":false,"template":"","format":"standard","meta":{"_monsterinsights_skip_tracking":false,"_monsterinsights_sitenote_active":false,"_monsterinsights_sitenote_note":"","_monsterinsights_sitenote_category":0,"footnotes":""},"categories":[4,5],"tags":[435,1905,677,158,100],"class_list":["post-4812","post","type-post","status-publish","format-standard","has-post-thumbnail","hentry","category-politica","category-sociedad","tag-cicop","tag-estado-de-alerta","tag-medicos","tag-paritarias","tag-salud"],"_links":{"self":[{"href":"https:\/\/www.visionweb.com.ar\/index.php?rest_route=\/wp\/v2\/posts\/4812","targetHints":{"allow":["GET"]}}],"collection":[{"href":"https:\/\/www.visionweb.com.ar\/index.php?rest_route=\/wp\/v2\/posts"}],"about":[{"href":"https:\/\/www.visionweb.com.ar\/index.php?rest_route=\/wp\/v2\/types\/post"}],"author":[{"embeddable":true,"href":"https:\/\/www.visionweb.com.ar\/index.php?rest_route=\/wp\/v2\/users\/4"}],"replies":[{"embeddable":true,"href":"https:\/\/www.visionweb.com.ar\/index.php?rest_route=%2Fwp%2Fv2%2Fcomments&post=4812"}],"version-history":[{"count":2,"href":"https:\/\/www.visionweb.com.ar\/index.php?rest_route=\/wp\/v2\/posts\/4812\/revisions"}],"predecessor-version":[{"id":4816,"href":"https:\/\/www.visionweb.com.ar\/index.php?rest_route=\/wp\/v2\/posts\/4812\/revisions\/4816"}],"wp:featuredmedia":[{"embeddable":true,"href":"https:\/\/www.visionweb.com.ar\/index.php?rest_route=\/wp\/v2\/media\/4815"}],"wp:attachment":[{"href":"https:\/\/www.visionweb.com.ar\/index.php?rest_route=%2Fwp%2Fv2%2Fmedia&parent=4812"}],"wp:term":[{"taxonomy":"category","embeddable":true,"href":"https:\/\/www.visionweb.com.ar\/index.php?rest_route=%2Fwp%2Fv2%2Fcategories&post=4812"},{"taxonomy":"post_tag","embeddable":true,"href":"https:\/\/www.visionweb.com.ar\/index.php?rest_route=%2Fwp%2Fv2%2Ftags&post=4812"}],"curies":[{"name":"wp","href":"https:\/\/api.w.org\/{rel}","templated":true}]}}