{"id":4810,"date":"2022-03-14T12:14:03","date_gmt":"2022-03-14T15:14:03","guid":{"rendered":"https:\/\/www.visionweb.com.ar\/?p=4810"},"modified":"2022-03-14T12:14:03","modified_gmt":"2022-03-14T15:14:03","slug":"el-radicalismo-quiere-gobernar-la-provincia-de-buenos-aires-en-2023","status":"publish","type":"post","link":"https:\/\/www.visionweb.com.ar\/?p=4810","title":{"rendered":"El radicalismo quiere gobernar la provincia de Buenos Aires en 2023"},"content":{"rendered":"<p><strong><em>Manes invit\u00f3 al centenario partido a tomar el legado de Alfons\u00edn y \u201cbuscar consenso para reconstruir a la Argentina hacia la modernidad y sacar al pa\u00eds de esta decadencia cr\u00f3nica\u00bb.<\/em><\/strong><!--more--><\/p>\n<div id=\"attachment_4811\" style=\"width: 310px\" class=\"wp-caption alignright\"><img loading=\"lazy\" decoding=\"async\" aria-describedby=\"caption-attachment-4811\" class=\"wp-image-4811 size-medium\" src=\"https:\/\/www.visionweb.com.ar\/wp-content\/uploads\/2022\/03\/CIONGRESO-DE-RADICALES-BONAERENSES-300x199.png\" alt=\"\" width=\"300\" height=\"199\" srcset=\"https:\/\/www.visionweb.com.ar\/wp-content\/uploads\/2022\/03\/CIONGRESO-DE-RADICALES-BONAERENSES-300x199.png 300w, https:\/\/www.visionweb.com.ar\/wp-content\/uploads\/2022\/03\/CIONGRESO-DE-RADICALES-BONAERENSES.png 640w\" sizes=\"auto, (max-width: 300px) 100vw, 300px\" \/><p id=\"caption-attachment-4811\" class=\"wp-caption-text\"><strong><em>El radicalismo bonaerense record\u00f3 la fecha de natalicio de Ra\u00fal Alfos\u00edn con un Congreso.<\/em><\/strong><\/p><\/div>\n<p><strong>E<\/strong>l radicalismo bonaerense busc\u00f3 dar un fuerte mensaje hacia el interior de Juntos, , tras el congreso partidario realizado en el marco del D\u00eda del Militante Radical.<\/p>\n<p>Mientras, el PRO ya tiene varios candidatos que apuntan a competir en una interna por la gobernaci\u00f3n de Buenos Aires, entre ellos Diego Santilli, Jorge Macri, Julio Garro, Cristian Ritondo y N\u00e9stor Grindetti.<\/p>\n<p>\u201cSi primero nos unimos, lideramos y luego enamoramos a otros sectores por fuera del radicalismo como hicimos en 1983, les aseguro que Argentina puede volver a ser un pa\u00eds que encare una etapa de prosperidad\u00bb, se\u00f1al\u00f3 el diputado nacional Facundo Manes en un c\u00f3nclave del radicalismo bonaerense que se celebr\u00f3 con motivo de conmemorarse el natalicio del ex presidente Ra\u00fal Alfons\u00edn.<\/p>\n<p>El encuentro reuni\u00f3 a <strong>dos mil dirigentes<\/strong> que participaron de paneles vinculados a la situaci\u00f3n econ\u00f3mica del pa\u00eds y el acuerdo con el Fondo Monetario Internacional (FMI) y concluy\u00f3 con la presentaci\u00f3n de un documento que expres\u00f3 que \u201cel radicalismo se propone gobernar la provincia de Buenos Aires y el pa\u00eds\u00bb.<\/p>\n<p>Manes invit\u00f3 al centenario partido a tomar el legado de Alfons\u00edn y \u201cbuscar consenso para reconstruir a la Argentina hacia la modernidad y sacar al pa\u00eds de esta decadencia cr\u00f3nica\u00bb.<\/p>\n<p>Por su parte, el presidente de la UCR bonaerense, Maximiliano Abad, sostuvo que \u201cel radicalismo est\u00e1 de pie para conducir los destinos de la Argentina\u201d y que el partido est\u00e1 preparado para \u201cser gobierno en la provincia y en nuestro pa\u00eds\u201d.<\/p>\n<h3 style=\"text-align: center;\"><span style=\"color: #0000ff;\"><strong><em>El radicalismo bonaerense pone proa a las elecciones de 2023<\/em><\/strong><\/span><\/h3>\n<p id=\"viewer-e1cio\" class=\"mm8Nw _1j-51 iWv3d _1FoOD _3M0Fe aujbK iWv3d public-DraftStyleDefault-block-depth0 fixed-tab-size public-DraftStyleDefault-text-ltr\"><span class=\"_2PHJq public-DraftStyleDefault-ltr\">En este sentido, asegur\u00f3 que en el 2023 la UCR ofrecer\u00e1 \u201cmujeres y hombres para gobernar la Argentina y la provincia de Buenos Aires\u201d y que como espacio no renuncia \u201ca ninguno de los principios ni valores hist\u00f3ricos de la UCR\u201d.<\/span><\/p>\n<p id=\"viewer-au3ah\" class=\"mm8Nw _1j-51 iWv3d _1FoOD _3M0Fe aujbK iWv3d public-DraftStyleDefault-block-depth0 fixed-tab-size public-DraftStyleDefault-text-ltr\"><span class=\"_2PHJq public-DraftStyleDefault-ltr\">Con el congreso, el radicalismo bonaerense busc\u00f3 dar un fuerte mensaje hacia el interior de Juntos, en momentos en que el PRO ya tiene varios candidatos potenciales a la gobernaci\u00f3n provincial, entre ellos Diego Santilli, Jorge Macri, Julio Garro, Cristian Ritondo y N\u00e9stor Grindetti. <\/span><\/p>\n<p class=\"mm8Nw _1j-51 iWv3d _1FoOD _3M0Fe aujbK iWv3d public-DraftStyleDefault-block-depth0 fixed-tab-size public-DraftStyleDefault-text-ltr\"><span class=\"_2PHJq public-DraftStyleDefault-ltr\">Tambi\u00e9n tom\u00f3 la palabra la vicepresidenta del radicalismo bonaerense y senadora provincial, Erica Revilla, quien en su discurso destac\u00f3 el valor de la militancia radical e inst\u00f3 a \u201cmarchar con la vocaci\u00f3n de poder que identifica al radicalismo para construir poder y que en 2023 logremos un presidente, un gobernador y un intendente en cada municipio\u201d<strong>(VW)<\/strong>.<\/span><\/p>\n<p>&nbsp;<\/p>\n","protected":false},"excerpt":{"rendered":"<p>Manes invit\u00f3 al centenario partido a tomar el legado de Alfons\u00edn y \u201cbuscar consenso para reconstruir a la Argentina hacia la modernidad y sacar al pa\u00eds de esta decadencia cr\u00f3nica\u00bb.<\/p>\n","protected":false},"author":3,"featured_media":4811,"comment_status":"closed","ping_status":"closed","sticky":false,"template":"","format":"standard","meta":{"_monsterinsights_skip_tracking":false,"_monsterinsights_sitenote_active":false,"_monsterinsights_sitenote_note":"","_monsterinsights_sitenote_category":0,"footnotes":""},"categories":[4],"tags":[1903,1904,1902,1901],"class_list":["post-4810","post","type-post","status-publish","format-standard","has-post-thumbnail","hentry","category-politica","tag-congreso-partidario","tag-elecciones-2023","tag-o","tag-radaicalism"],"_links":{"self":[{"href":"https:\/\/www.visionweb.com.ar\/index.php?rest_route=\/wp\/v2\/posts\/4810","targetHints":{"allow":["GET"]}}],"collection":[{"href":"https:\/\/www.visionweb.com.ar\/index.php?rest_route=\/wp\/v2\/posts"}],"about":[{"href":"https:\/\/www.visionweb.com.ar\/index.php?rest_route=\/wp\/v2\/types\/post"}],"author":[{"embeddable":true,"href":"https:\/\/www.visionweb.com.ar\/index.php?rest_route=\/wp\/v2\/users\/3"}],"replies":[{"embeddable":true,"href":"https:\/\/www.visionweb.com.ar\/index.php?rest_route=%2Fwp%2Fv2%2Fcomments&post=4810"}],"version-history":[{"count":1,"href":"https:\/\/www.visionweb.com.ar\/index.php?rest_route=\/wp\/v2\/posts\/4810\/revisions"}],"predecessor-version":[{"id":4814,"href":"https:\/\/www.visionweb.com.ar\/index.php?rest_route=\/wp\/v2\/posts\/4810\/revisions\/4814"}],"wp:featuredmedia":[{"embeddable":true,"href":"https:\/\/www.visionweb.com.ar\/index.php?rest_route=\/wp\/v2\/media\/4811"}],"wp:attachment":[{"href":"https:\/\/www.visionweb.com.ar\/index.php?rest_route=%2Fwp%2Fv2%2Fmedia&parent=4810"}],"wp:term":[{"taxonomy":"category","embeddable":true,"href":"https:\/\/www.visionweb.com.ar\/index.php?rest_route=%2Fwp%2Fv2%2Fcategories&post=4810"},{"taxonomy":"post_tag","embeddable":true,"href":"https:\/\/www.visionweb.com.ar\/index.php?rest_route=%2Fwp%2Fv2%2Ftags&post=4810"}],"curies":[{"name":"wp","href":"https:\/\/api.w.org\/{rel}","templated":true}]}}