{"id":4792,"date":"2022-03-11T15:38:31","date_gmt":"2022-03-11T18:38:31","guid":{"rendered":"https:\/\/www.visionweb.com.ar\/?p=4792"},"modified":"2022-03-11T15:38:31","modified_gmt":"2022-03-11T18:38:31","slug":"accion-moda-70-reconocidas-marcas-venderan-prendas-a-precios-cuidados","status":"publish","type":"post","link":"https:\/\/www.visionweb.com.ar\/?p=4792","title":{"rendered":"\u00abAcci\u00f3n Moda\u00bb: 70 reconocidas marcas vender\u00e1n prendas a Precios Cuidados"},"content":{"rendered":"<p><em><strong>La ropa ya tiene Precios Cuidados. El Gobierno finalmente lanz\u00f3 un programa de precios accesibles para comprar ropa. El nuevo programa busca frenar los precios de la indumentaria, que crecen por encima de la inflaci\u00f3n.<\/strong><\/em><!--more--><\/p>\n<p><strong><img loading=\"lazy\" decoding=\"async\" class=\"size-full wp-image-4794 aligncenter\" src=\"https:\/\/www.visionweb.com.ar\/wp-content\/uploads\/2022\/03\/accion-moda-1.bmp\" alt=\"\" width=\"580\" height=\"339\" \/>L<\/strong>a Secretar\u00eda de Industria del Ministerio de Producci\u00f3n y la C\u00e1mara Argentina de la Industria de la Indumentaria (CIAI) coordinaron esta iniciativa con el objetivo de acercar a los consumidores prendas de calidad y dise\u00f1o a\u00a0un precio promocional. Bajo el nombre de\u00a0\u00abAcci\u00f3n Moda\u00bb, unas\u00a070 marcas<strong>\u00a0<\/strong>de primera l\u00ednea ofrecer\u00e1n\u00a0prendas a precios m\u00e1s accesibles en unos 2.000 puntos de venta en todo el pa\u00eds y hasta julio de este a\u00f1o.<\/p>\n<p>A trav\u00e9s de un comunicado difundido este jueves, cada marca ofrecer\u00e1 al menos\u00a015 productos\u00a0a precios m\u00e1s econ\u00f3micos en sus locales, prendas que estar\u00e1n identificadas con una\u00a0etiqueta oficial.<\/p>\n<p>De esta manera, el Ministerio de Desarrollo Productivo oficializ\u00f3 el programa \u00abAcci\u00f3n Moda Invierno\/2022\u00bb, que\u00a0ofrece productos de marcas de ropa y calzado a precios \u00abrebajados\u00bb.<\/p>\n<p>Seg\u00fan se inform\u00f3, en las alrededor de 2.000 tiendas que tienen estas marcas en todo el pa\u00eds se podr\u00e1n encontrar al menos\u00a015 prendas a un precio que no podr\u00e1 ser m\u00e1s que 30% superior al que ten\u00eda el a\u00f1o anterior.<strong>\u00a0<\/strong>As\u00ed, sus etiquetas reflejar\u00e1n aumentos al menos 20 puntos porcentuales por debajo de la inflaci\u00f3n del per\u00edodo.<\/p>\n<p>En el lanzamiento oficial, el presidente de la CIAI, Claudio Drescher, remarc\u00f3 que \u201cnuestra industria nacional debe ser un orgullo, debe incorporar nueva tecnolog\u00eda y nuevos talleres\u201d, y destac\u00f3 la importancia de generar m\u00e1s empleo, \u201ccrear m\u00e1s escuelas de capacitaci\u00f3n del sector e incentivar el desarrollo del oficio\u201d.<\/p>\n<p>En ese sentido, el ministro de Desarrollo Productivo, Mat\u00edas Kulfas, enfatiz\u00f3 que Acci\u00f3n Moda es una acci\u00f3n concreta y por eso merece ser reconocida, al tiempo que se\u00f1al\u00f3 que \u201ces imprescindible buscar el desarrollo de la cadena productiva y la generaci\u00f3n de empleo\u201d.<\/p>\n<p><strong>Las marcas de ropa que participar\u00e1n del Programa:<\/strong><\/p>\n<p>\u00abEn esta iniciativa participa toda la cadena, las marcas m\u00e1s importantes de la Argentina. Todas las consumidoras y todos los consumidores van a tener la posibilidad de acceder a los 15 productos m\u00e1s necesarios para el placard habitual de una persona, con precios especiales y que se van a notar en el bolsillo de los argentinos. Cada prenda va a estar identificada con una\u00a0etiqueta colgante\u00a0que dice: Acci\u00f3n Moda Invierno \/22\u201d, detall\u00f3 Drescher en el evento.<\/p>\n<p><img loading=\"lazy\" decoding=\"async\" class=\"size-full wp-image-4795 aligncenter\" src=\"https:\/\/www.visionweb.com.ar\/wp-content\/uploads\/2022\/03\/accion-moda-2.bmp\" alt=\"\" width=\"567\" height=\"331\" \/>Entre las\u00a070 marcas adheridas<strong>\u00a0<\/strong>que ofrecer\u00e1n prendas m\u00e1s baratas se encuentran Pampero, 47 street, Ay not Dead, Ayrea, Azzaro, Baby Cottons, Bensimon, Billabong, Card\u00f3n, Carmela Achaval, Caro Cuore, Cheeky, Cibeles, Clara Ibarguren, Como quieres, Complot, Crist\u00f3bal Col\u00f3n, Cuesta Blanca, Desiderata, Etam, Etiqueta Negra, Gepetto, Ginebra, Gola, Grisino, Jazmin Chebar, Juanita Jo, Key Byscaine, Kimeika, Las Pepas, Mancini, Maria Cher, Markova, Midway, Mimo, Montagne, Naum, Old bridge, Paula Cahen D Anvers, Penguin, Sweet, Tannery, Taverniti, Ted Bodin, Tucci, UMA, Ver, Vitamina, Wanama, Yagmour, Mistral \/ Brooksfield, Magdalena Esp\u00f3sito, Levi&#8217;s y Rever Pass, entre otras. <strong>(VW)<\/strong><\/p>\n<p><strong>\u00a0<\/strong><\/p>\n","protected":false},"excerpt":{"rendered":"<p>La ropa ya tiene Precios Cuidados. El Gobierno finalmente lanz\u00f3 un programa de precios accesibles para comprar ropa. El nuevo programa busca frenar los precios de la indumentaria, que crecen por encima de la&#46;&#46;&#46;<\/p>\n","protected":false},"author":4,"featured_media":4795,"comment_status":"closed","ping_status":"closed","sticky":false,"template":"","format":"standard","meta":{"_monsterinsights_skip_tracking":false,"_monsterinsights_sitenote_active":false,"_monsterinsights_sitenote_note":"","_monsterinsights_sitenote_category":0,"footnotes":""},"categories":[6,5],"tags":[1890,1892,717,766,1891,31],"class_list":["post-4792","post","type-post","status-publish","format-standard","has-post-thumbnail","hentry","category-economia","category-sociedad","tag-accion-moda","tag-drescher","tag-indumentaria","tag-kulfas","tag-marcas-reconocidas","tag-precios-cuidados"],"_links":{"self":[{"href":"https:\/\/www.visionweb.com.ar\/index.php?rest_route=\/wp\/v2\/posts\/4792","targetHints":{"allow":["GET"]}}],"collection":[{"href":"https:\/\/www.visionweb.com.ar\/index.php?rest_route=\/wp\/v2\/posts"}],"about":[{"href":"https:\/\/www.visionweb.com.ar\/index.php?rest_route=\/wp\/v2\/types\/post"}],"author":[{"embeddable":true,"href":"https:\/\/www.visionweb.com.ar\/index.php?rest_route=\/wp\/v2\/users\/4"}],"replies":[{"embeddable":true,"href":"https:\/\/www.visionweb.com.ar\/index.php?rest_route=%2Fwp%2Fv2%2Fcomments&post=4792"}],"version-history":[{"count":2,"href":"https:\/\/www.visionweb.com.ar\/index.php?rest_route=\/wp\/v2\/posts\/4792\/revisions"}],"predecessor-version":[{"id":4796,"href":"https:\/\/www.visionweb.com.ar\/index.php?rest_route=\/wp\/v2\/posts\/4792\/revisions\/4796"}],"wp:featuredmedia":[{"embeddable":true,"href":"https:\/\/www.visionweb.com.ar\/index.php?rest_route=\/wp\/v2\/media\/4795"}],"wp:attachment":[{"href":"https:\/\/www.visionweb.com.ar\/index.php?rest_route=%2Fwp%2Fv2%2Fmedia&parent=4792"}],"wp:term":[{"taxonomy":"category","embeddable":true,"href":"https:\/\/www.visionweb.com.ar\/index.php?rest_route=%2Fwp%2Fv2%2Fcategories&post=4792"},{"taxonomy":"post_tag","embeddable":true,"href":"https:\/\/www.visionweb.com.ar\/index.php?rest_route=%2Fwp%2Fv2%2Ftags&post=4792"}],"curies":[{"name":"wp","href":"https:\/\/api.w.org\/{rel}","templated":true}]}}