{"id":4787,"date":"2022-03-11T12:47:58","date_gmt":"2022-03-11T15:47:58","guid":{"rendered":"https:\/\/www.visionweb.com.ar\/?p=4787"},"modified":"2022-03-11T12:47:58","modified_gmt":"2022-03-11T15:47:58","slug":"acumar-ya-lanzo-el-centro-documental-de-la-cuenca-matanza-riachuelo","status":"publish","type":"post","link":"https:\/\/www.visionweb.com.ar\/?p=4787","title":{"rendered":"ACUMAR ya lanz\u00f3 el Centro Documental de la\u00a0Cuenca Matanza Riachuelo"},"content":{"rendered":"<p><strong><em>La plataforma digital re\u00fane im\u00e1genes y documentos de archivos de instituciones, organizaciones, personas particulares y materiales producidos por ACUMAR.<\/em><\/strong><!--more--><\/p>\n<div id=\"attachment_4789\" style=\"width: 648px\" class=\"wp-caption alignright\"><img loading=\"lazy\" decoding=\"async\" aria-describedby=\"caption-attachment-4789\" class=\"wp-image-4789 size-full\" src=\"https:\/\/www.visionweb.com.ar\/wp-content\/uploads\/2022\/03\/acumar-doc-2.bmp\" alt=\"\" width=\"638\" height=\"418\" \/><p id=\"caption-attachment-4789\" class=\"wp-caption-text\">Imagen Prensa de Acumar<\/p><\/div>\n<p><em>\u00a0<\/em>\u00a0\u00a0\u00a0\u00a0 <strong>Y<\/strong>a est\u00e1 disponible en la p\u00e1gina web de ACUMAR el\u00a0<a href=\"https:\/\/acumar.tr.pemsv06.net\/c\/eyJhIjoiYWN1bWFyIiwibSI6Im1haWxfY2wwbDdxdHIzeWg2ajA5NzdkdnRwODdibSIsImwiOiJsaW5rX2ZiOTAyOGRmMmFlYjZjYmY4OTAzNGU5ZTUwMzg4YzNiMzhmNTY2YmYiLCJpIjpbXSwidSI6Imh0dHBzOi8vY2VudHJvZG9jdW1lbnRhbC5hY3VtYXIuZ29iLmFyLyIsImMiOiIiLCJoIjoiM2JiNjE3In0\">Centro Documental de la Cuenca Matanza<\/a> Riachuelo, un archivo digital que espera convertirse en una referencia para estudiantes, docentes, equipos de investigaci\u00f3n, medios de prensa y para toda la ciudadan\u00eda interesada en la historia, el patrimonio y la cultura de la Cuenca. Se pueden ver documentos del Museo Quinquela, Instituto Geogr\u00e1fico Nacional, Archivo General de la Naci\u00f3n, Biblioteca Nacional, entre otros, y adem\u00e1s colecciones particulares como Croquiseros Urbanos y Archivo Vaggi.<\/p>\n<p>El Centro Documental permitir\u00e1 catalogar, preservar y difundir m\u00e1s de cinco mil im\u00e1genes y otros documentos a los que actualmente es dif\u00edcil acceder por encontrarse dispersos en numerosos archivos, diferentes soportes y medios de prensa, entre otros, y que resultan de inter\u00e9s para la historia y el presente del territorio, conforme indic\u00f3 Prensa de Acumar.<\/p>\n<p>De esta forma, este proyecto busca contribuir a la creaci\u00f3n de nuevos imaginarios e ideas acerca del territorio de la Cuenca e impulsar el conocimiento de los cambios y transformaciones hist\u00f3ricas que ha atravesado.<\/p>\n<p>La iniciativa cuenta con la\u00a0<a href=\"https:\/\/acumar.tr.pemsv06.net\/c\/eyJhIjoiYWN1bWFyIiwibSI6Im1haWxfY2wwbDdxdHIzeWg2ajA5NzdkdnRwODdibSIsImwiOiJsaW5rXzU2ZjRjODQ0MGYxNjZjOTllNmViMDhkM2MyZmNhMjM0ZjJiMjUxZmMiLCJpIjpbXSwidSI6Imh0dHBzOi8vd3d3LmFjdW1hci5nb2IuYXIvcHJlbnNhL3NhYmJhdGVsbGEteS1zYXN0dXJhaW4tZmlybWFyb24tdW4tYWN1ZXJkby1wYXJhLXByZXNlcnZhci1lbC1tYXRlcmlhbC1oaXN0b3JpY28tZGUtbGEtY3VlbmNhLyIsImMiOiIiLCJoIjoiYjE1MTI3In0\">colaboraci\u00f3n<\/a>\u00a0de la\u00a0<a href=\"https:\/\/acumar.tr.pemsv06.net\/c\/eyJhIjoiYWN1bWFyIiwibSI6Im1haWxfY2wwbDdxdHIzeWg2ajA5NzdkdnRwODdibSIsImwiOiJsaW5rXzRkZGM4NWQwMmY3YWJhZTFkNzYwNWRhOTJkMjliZjM3OWFkZGUxODYiLCJpIjpbXSwidSI6Imh0dHBzOi8vd3d3LmJuLmdvdi5hci8iLCJjIjoiIiwiaCI6ImI2MjE4NyJ9\">Biblioteca Nacional Mariano Moreno<\/a>, que aport\u00f3 asesoramiento t\u00e9cnico sobre la preparaci\u00f3n del material documental, sistemas para su gesti\u00f3n con software libre y est\u00e1ndares internacionales de catalogaci\u00f3n, adem\u00e1s de brindar apoyo en el relevamiento de im\u00e1genes cartogr\u00e1ficas y fotogr\u00e1ficas para incluir en el Centro.<\/p>\n<p><a href=\"https:\/\/www.visionweb.com.ar\/wp-content\/uploads\/2022\/03\/acumar-doc-1.bmp\"><img loading=\"lazy\" decoding=\"async\" class=\"size-full wp-image-4790 aligncenter\" src=\"https:\/\/www.visionweb.com.ar\/wp-content\/uploads\/2022\/03\/acumar-doc-1.bmp\" alt=\"\" width=\"575\" height=\"401\" \/><\/a>Colecciones disponibles:<\/p>\n<p>Entre los recursos disponibles se destacan las amplias colecciones de im\u00e1genes del\u00a0<a href=\"https:\/\/acumar.tr.pemsv06.net\/c\/eyJhIjoiYWN1bWFyIiwibSI6Im1haWxfY2wwbDdxdHIzeWg2ajA5NzdkdnRwODdibSIsImwiOiJsaW5rX2RmODU3MjFhNmY4MGJkMTg5ODhmNDU2NzM0MjkxOTNhZjNmYzYyNTMiLCJpIjpbXSwidSI6Imh0dHBzOi8vd3d3LmFyZ2VudGluYS5nb2IuYXIvaW50ZXJpb3IvYXJjaGl2by1nZW5lcmFsLWRlLWxhLW5hY2lvbiIsImMiOiIiLCJoIjoiNTQyMWZhIn0\">Archivo General de la Naci\u00f3n (AGN)<\/a>\u00a0y la Biblioteca Nacional sobre la vida social y productiva en las orillas del r\u00edo entre fines del siglo XIX y mediados del siglo XX, as\u00ed como paisajes de los municipios que integran la Cuenca.<\/p>\n<p>Tambi\u00e9n se pueden visitar las colecciones del\u00a0<a href=\"https:\/\/acumar.tr.pemsv06.net\/c\/eyJhIjoiYWN1bWFyIiwibSI6Im1haWxfY2wwbDdxdHIzeWg2ajA5NzdkdnRwODdibSIsImwiOiJsaW5rX2E0OTJjYzkzZmQ0OGRjYmQ3ZGNiZjk1OTA2MTA5NWU2YTMyMzZhOWYiLCJpIjpbXSwidSI6Imh0dHBzOi8vd3d3LmJ1ZW5vc2FpcmVzLmdvYi5hci9tdXNlb3F1aW5xdWVsYW1hcnRpbiIsImMiOiIiLCJoIjoiOTAyMzlmIn0\">Museo Benito Quinquela Mart\u00edn<\/a>, donde se retrata la vida del barrio de La Boca, el Riachuelo, su puerto, calles, fiestas y la actividad de artistas que lo plasmaron en sus obras. Adem\u00e1s, se puede consultar la colecci\u00f3n de material audiovisual perteneciente al Archivo de la\u00a0<a href=\"https:\/\/acumar.tr.pemsv06.net\/c\/eyJhIjoiYWN1bWFyIiwibSI6Im1haWxfY2wwbDdxdHIzeWg2ajA5NzdkdnRwODdibSIsImwiOiJsaW5rXzgyMWQ5ZmQ0Yzg5NDVlOTU4N2I5MjU1OWM1ZjkyMGE4MmY3ZWRlZDYiLCJpIjpbXSwidSI6Imh0dHA6Ly93d3cucnRhLXNlLmNvbS5hci8iLCJjIjoiIiwiaCI6ImE5NjI0MSJ9\">Radio y la Televisi\u00f3n Argentina (RTA)<\/a>.<\/p>\n<p>ACUMAR, por su parte, incorpora fotograf\u00edas desarrolladas en los \u00faltimos diez a\u00f1os de trabajo en el territorio. Entre estas colecciones, se incluyen fotograf\u00edas de sus orillas y el Camino de Sirga, de los arroyos ubicados en su Cuenca Media y Alta, fotograf\u00edas a\u00e9reas, y relevamientos de la gesti\u00f3n del organismo a trav\u00e9s de sus distintas \u00e1reas de trabajo: las mediciones de calidad ambiental, la limpieza del espejo de agua, las obras de infraestructura y el control industrial, entre muchos otros.<\/p>\n<p>El Centro incorpora tambi\u00e9n una secci\u00f3n de colecciones particulares con fotograf\u00edas y obras visuales referidas a la Cuenca entre las cuales se encuentran los paisajes del r\u00edo realizados por el grupo Croquiseros Urbanos, y el relevamiento del paisaje del Riachuelo realizados entre los a\u00f1os \u201890 y principios del 2000 por el poeta Daniel Garc\u00eda Helder.<\/p>\n<p>Para visitar el sitio: \u00a0<a href=\"https:\/\/acumar.tr.pemsv06.net\/c\/eyJhIjoiYWN1bWFyIiwibSI6Im1haWxfY2wwbDdxdHIzeWg2ajA5NzdkdnRwODdibSIsImwiOiJsaW5rX2ZiOTAyOGRmMmFlYjZjYmY4OTAzNGU5ZTUwMzg4YzNiMzhmNTY2YmYiLCJpIjpbXSwidSI6Imh0dHBzOi8vY2VudHJvZG9jdW1lbnRhbC5hY3VtYXIuZ29iLmFyLyIsImMiOiIiLCJoIjoiM2JiNjE3In0\">Centro Documental de la Cuenca Matanza<\/a><\/p>\n<p>Quienes quieran colaborar con fotos, videos o documentos de inter\u00e9s sobre la Cuenca pueden escribir a\u00a0<a href=\"mailto:culturaypatrimonio@acumar.gov.ar\">culturaypatrimonio@acumar.gov.ar<\/a>\u00a0\u00a0 <strong>(VW)<\/strong><\/p>\n","protected":false},"excerpt":{"rendered":"<p>La plataforma digital re\u00fane im\u00e1genes y documentos de archivos de instituciones, organizaciones, personas particulares y materiales producidos por ACUMAR.<\/p>\n","protected":false},"author":4,"featured_media":4790,"comment_status":"closed","ping_status":"closed","sticky":false,"template":"","format":"standard","meta":{"_monsterinsights_skip_tracking":false,"_monsterinsights_sitenote_active":false,"_monsterinsights_sitenote_note":"","_monsterinsights_sitenote_category":0,"footnotes":""},"categories":[7,8],"tags":[442,1805,1888,1889,1760],"class_list":["post-4787","post","type-post","status-publish","format-standard","has-post-thumbnail","hentry","category-educacion-y-cultura","category-interes-general","tag-acumar","tag-biblioteca-nacional","tag-centro-documental-dela-cuenca","tag-museo-quinquela","tag-web"],"_links":{"self":[{"href":"https:\/\/www.visionweb.com.ar\/index.php?rest_route=\/wp\/v2\/posts\/4787","targetHints":{"allow":["GET"]}}],"collection":[{"href":"https:\/\/www.visionweb.com.ar\/index.php?rest_route=\/wp\/v2\/posts"}],"about":[{"href":"https:\/\/www.visionweb.com.ar\/index.php?rest_route=\/wp\/v2\/types\/post"}],"author":[{"embeddable":true,"href":"https:\/\/www.visionweb.com.ar\/index.php?rest_route=\/wp\/v2\/users\/4"}],"replies":[{"embeddable":true,"href":"https:\/\/www.visionweb.com.ar\/index.php?rest_route=%2Fwp%2Fv2%2Fcomments&post=4787"}],"version-history":[{"count":2,"href":"https:\/\/www.visionweb.com.ar\/index.php?rest_route=\/wp\/v2\/posts\/4787\/revisions"}],"predecessor-version":[{"id":4791,"href":"https:\/\/www.visionweb.com.ar\/index.php?rest_route=\/wp\/v2\/posts\/4787\/revisions\/4791"}],"wp:featuredmedia":[{"embeddable":true,"href":"https:\/\/www.visionweb.com.ar\/index.php?rest_route=\/wp\/v2\/media\/4790"}],"wp:attachment":[{"href":"https:\/\/www.visionweb.com.ar\/index.php?rest_route=%2Fwp%2Fv2%2Fmedia&parent=4787"}],"wp:term":[{"taxonomy":"category","embeddable":true,"href":"https:\/\/www.visionweb.com.ar\/index.php?rest_route=%2Fwp%2Fv2%2Fcategories&post=4787"},{"taxonomy":"post_tag","embeddable":true,"href":"https:\/\/www.visionweb.com.ar\/index.php?rest_route=%2Fwp%2Fv2%2Ftags&post=4787"}],"curies":[{"name":"wp","href":"https:\/\/api.w.org\/{rel}","templated":true}]}}