{"id":4778,"date":"2022-03-11T10:40:44","date_gmt":"2022-03-11T13:40:44","guid":{"rendered":"https:\/\/www.visionweb.com.ar\/?p=4778"},"modified":"2022-03-11T10:40:44","modified_gmt":"2022-03-11T13:40:44","slug":"diputados-dio-media-sancion-al-proyecto-para-refinanciar-la-deuda-con-el-fmi","status":"publish","type":"post","link":"https:\/\/www.visionweb.com.ar\/?p=4778","title":{"rendered":"Diputados dio media sanci\u00f3n al proyecto para refinanciar la deuda con el FMI"},"content":{"rendered":"<p><strong><em>Con 207 votos a favor, 37 en contra y 11 abstenciones, la iniciativa impulsada pr el legislativo paso al Senado, quie ahora tendr\u00e1 la \u00faltima palabra.\u00a0<\/em><\/strong><!--more--><\/p>\n<p><strong><img loading=\"lazy\" decoding=\"async\" class=\"size-medium wp-image-4779 alignright\" src=\"https:\/\/www.visionweb.com.ar\/wp-content\/uploads\/2022\/03\/CAMARA-DE-DIPUTADOS-DE-LA-NACION-300x200.png\" alt=\"\" width=\"300\" height=\"200\" srcset=\"https:\/\/www.visionweb.com.ar\/wp-content\/uploads\/2022\/03\/CAMARA-DE-DIPUTADOS-DE-LA-NACION-300x200.png 300w, https:\/\/www.visionweb.com.ar\/wp-content\/uploads\/2022\/03\/CAMARA-DE-DIPUTADOS-DE-LA-NACION-768x513.png 768w, https:\/\/www.visionweb.com.ar\/wp-content\/uploads\/2022\/03\/CAMARA-DE-DIPUTADOS-DE-LA-NACION.png 800w\" sizes=\"auto, (max-width: 300px) 100vw, 300px\" \/>L<\/strong>uego de 14 horas de sesi\u00f3n, la C\u00e1mara de Diputados le dio media sanci\u00f3n del proyecto de ley que ratifica el acuerdo con el Fondo Monetario Internacional (FMI) para refinanciar los plazos de la deuda contra\u00edda durante el Gobierno de Mauricio Macri.<\/p>\n<p>La medida obtuvo 200 votos afirmativos, 37 negativos y 15 abstenciones.<\/p>\n<p>El diputado y l\u00edder de La C\u00e1mpora, M\u00e1ximo Kirchner, quien semanas atr\u00e1s blanque\u00f3 sus diferencias con el acuerdo con el Fondo a trav\u00e9s de una explosiva carta p\u00fablica, estuvo en el Palacio Legislativo y tuvo reuniones con miembros de su bloque, pero no particip\u00f3 de la sesi\u00f3n ni la votaci\u00f3n.<\/p>\n<p>S\u00ed lo hicieron sus compa\u00f1eros de banca de La C\u00e1mpora como la secretaria del bloque, Paula Penacca, Gabriela Est\u00e9vez, Florencia Lampreabe, Cristina Br\u00edtez, Marcos Cleri y Rodolfo Tailhade, entre otros.<\/p>\n<p>La sesi\u00f3n se inici\u00f3 con la presencia de 129 diputados en el recinto, n\u00famero exacto para el qu\u00f3rum. Minutos despu\u00e9s del comienzo, un grupo de manifestantes de izquierda que concentraba en la plaza comenz\u00f3 a arrojar piedras y quemar neum\u00e1ticos en la zona, tras lo cual efectivos de la Polic\u00eda de la ciudad de Buenos Aires armaron un escudo frente al edificio del Congreso e iniciaron un operativo de desalojo.<\/p>\n<p>El acuerdo sobre el texto fue el fruto de varias reuniones desarrolladas durante toda la semana entre representantes del oficialismo y de otros bloques opositores.<\/p>\n<p>Al abrir el debate, el presidente de la comisi\u00f3n de Presupuesto y Hacienda, el diputado del Frente de Todos, Carlos Heller, asegur\u00f3 que \u00abeste Gobierno, por sus principios, jam\u00e1s hubiera recurrido al FMI sino que recibi\u00f3 una autentica bomba de tiempo y debi\u00f3 sentarse a negociar\u00bb con el organismo internacional.<\/p>\n<p>\u00abHay un gobierno que por sus principios jam\u00e1s hubiera recurrido pero que recibi\u00f3 una autentica bomba de tiempo y debi\u00f3 sentarse a negociar\u00bb, enfatiz\u00f3 el legislador al exponer en el recinto en la sesi\u00f3n especial de la C\u00e1mara de Diputados.<\/p>\n<p>En ese marco, Heller sostuvo que en el acuerdo \u00abno se respetan los t\u00edpicos aspectos de la ortodoxia que han primado en otros entendimientos\u00bb aunque dijo, \u00abno hay nada que festejar\u00bb.<\/p>\n<p><strong>El debate<\/strong><\/p>\n<p>A su turno, la diputada nacional por el Frente de Todos de la provincia de Buenos Aires, Alicia Aparicio, afirm\u00f3 que \u00abno hay nada que festejar\u00bb y agreg\u00f3: \u00abHoy no habr\u00e1 ganadores\u00bb.<\/p>\n<p>En su discurso, la legisladora elogi\u00f3 la decisi\u00f3n del presidente Alberto Fern\u00e1ndez de enviar el acuerdo al Congreso porque \u00able devuelve al Poder Legislativo su facultad en la materia y otorga mayor institucionalidad\u00bb y asegur\u00f3 que \u00abeste acuerdo es el \u00fanico posible ante las circunstancias que hoy vive la Argentina\u00bb.<\/p>\n<p>En ese sentido, agreg\u00f3 que el pa\u00eds \u00abno puede hacerse cargo de los pagos acumulados\u00bb y subray\u00f3 que \u00abla diferencia favorable en el saldo exportador que hubo el a\u00f1o pasado, ni siquiera alcanza para pagar el vencimiento de 19 mil millones de d\u00f3lares que se viene\u00bb.<\/p>\n<p>Por su parte, el diputado nacional de la UCR por Mendoza, Lisandro Nieri, consider\u00f3 que el acuerdo con el FMI \u00abnace obsoleto\u00bb y es \u00abpoco transparente\u00bb, al sostener que \u00abno soluciona los problemas de nuestro pa\u00eds\u00bb. Para el legislador, \u00aba\u00fan cumpliendo las metas deja a nuestro pa\u00eds en diciembre de 2023 en una situaci\u00f3n de mayores desequilibrios macro que la observada en 2019\u00bb y dijo que \u00abno soluciona los problemas de nuestro pa\u00eds\u00bb.<\/p>\n<p>Por Evoluci\u00f3n Radical, el puntano Alejandro Cacace se\u00f1al\u00f3: \u00abDesde nuestra bancada le damos la herramienta al Gobierno, que est\u00e1 pidiendo el financiamiento, pero con esto no estamos avalando un plan econ\u00f3mico fracasado que ha llevado a una profunda crisis econ\u00f3mica y de desarrollo\u00bb.<\/p>\n<p>As\u00ed, el legislador de Juntos por el Cambio hizo referencia a la principal modificaci\u00f3n introducida este mi\u00e9rcoles en el dictamen, lo que posibilit\u00f3 asegurar el voto opositor. El proyecto se destrab\u00f3 cuando el oficialismo accedi\u00f3 a resumir el texto en un solo art\u00edculo centrado en el aval al acuerdo y accedi\u00f3 a que quedaran exentas del respaldo legislativo las metas trazadas por el Ministerio de Econom\u00eda para su cumplimiento.<\/p>\n<p>M\u00e1s adelante, el diputado de Republicanos Unidos, Ricardo L\u00f3pez Murphy, anunci\u00f3 en plena sesi\u00f3n que no acompa\u00f1ar\u00e1 el acuerdo del Gobierno con el FMI. \u00abEl acuerdo es penoso para mi pa\u00eds y para todos los argentinos\u00bb, sostuvo, blanqueando as\u00ed su postura que era una inc\u00f3gnita.<\/p>\n<p>\u00abMis convicciones y el compromiso con mis votantes no me permiten acompa\u00f1ar y estar a favor de este impuestazo que atenta contra todos los argentinos. Mi voto ser\u00e1 negativo\u00bb, afirm\u00f3. Adem\u00e1s, se\u00f1al\u00f3 que el acuerdo \u00abno es suficiente\u00bb y que \u00abno se va a cumplir\u00bb. \u00abAgrava una crisis muy profunda\u00bb, continu\u00f3.<\/p>\n<p>En tanto, el diputado liberal Javier Milei cuestion\u00f3 duramente el entendimiento al que arrib\u00f3 el Gobierno de Alberto Fern\u00e1ndez con el Fondo Monetario Internacional (FMI) y adelant\u00f3 que rechazar\u00e1n la aprobaci\u00f3n. \u00abVamos a votar en contra de esta porquer\u00eda\u00bb, expres\u00f3.<\/p>\n<p>\u00abDesde el bloque de La Libertad Avanza vamos a rechazar este proyecto porque es altamente cuestionable desde lo t\u00e9cnico y reprochable desde lo moral\u00bb, expres\u00f3 el economista durante su alocuci\u00f3n.<\/p>\n<p>Siguiendo esa l\u00ednea, se expres\u00f3 tambi\u00e9n el legislador de Avanza Libertad, Jos\u00e9 Luis Espert. El economista a\u00f1adi\u00f3 que \u00abel que paga el ajuste es la gente de laburo, los emprendedores, los productores, los empleados\u00bb.<\/p>\n<p>\u00abEste es un programa que revienta de impuestos a la gente del sector privado. No podemos votar a favor de ninguna manera de este presupuesto de gastos que est\u00e1 en el acuerdo. El camino es m\u00e1s libertad y m\u00e1s mercado. No m\u00e1s intervenci\u00f3n\u00bb, dijo.<\/p>\n<p>Desde el otro extremo del espectro ideol\u00f3gico, la diputada del Frente de Izquierda, Myriam Bregman, argument\u00f3 su voto negativo. \u00abNo entiendo qu\u00e9 festejan, d\u00e1ndole el co-gobierno al FMI, dejando que cada tres meses la Argentina quede a tiro de default, y que el Fondo sea el que decide qu\u00e9 se hace y qu\u00e9 no en el pa\u00eds\u00bb, expres\u00f3.<\/p>\n<p>Por su parte, la diputada nacional del interbloque Federal Graciela Cama\u00f1o plante\u00f3 su respaldo al acuerdo, aunque le reclam\u00f3 \u00abausteridad\u00bb al Gobierno del presidente Alberto Fern\u00e1ndez. \u00abVamos a acompa\u00f1ar\u00bb, dijo la legisladora y agreg\u00f3 que \u00abes la primera vez\u00bb que el Congreso \u00abvota una autorizaci\u00f3n de financiamiento para que el Poder Ejecutivo Nacional tome un empr\u00e9stito y resuelva su deuda externa\u00bb.<\/p>\n<p>\u00abHemos tenido la inteligencia, el a\u00f1o pasado, de votar todos una ley que limita al Poder Ejecutivo y le devuelve atribuciones al Legislativo\u00bb, record\u00f3 Cama\u00f1o. No obstante, destac\u00f3 que \u00abquien deber\u00e1 hacer el esfuerzo para cumplir con esto ser\u00e1 el Gobierno de Alberto Fern\u00e1ndez\u00bb<strong>(VW)<\/strong>.<\/p>\n<p>&nbsp;<\/p>\n","protected":false},"excerpt":{"rendered":"<p>Con 207 votos a favor, 37 en contra y 11 abstenciones, la iniciativa impulsada pr el legislativo paso al Senado, quie ahora tendr\u00e1 la \u00faltima palabra.\u00a0<\/p>\n","protected":false},"author":3,"featured_media":4779,"comment_status":"closed","ping_status":"closed","sticky":false,"template":"","format":"standard","meta":{"_monsterinsights_skip_tracking":false,"_monsterinsights_sitenote_active":false,"_monsterinsights_sitenote_note":"","_monsterinsights_sitenote_category":0,"footnotes":""},"categories":[6,4],"tags":[143,1881,1008,1882],"class_list":["post-4778","post","type-post","status-publish","format-standard","has-post-thumbnail","hentry","category-economia","category-politica","tag-diputados","tag-financiacion","tag-fmi","tag-votos"],"_links":{"self":[{"href":"https:\/\/www.visionweb.com.ar\/index.php?rest_route=\/wp\/v2\/posts\/4778","targetHints":{"allow":["GET"]}}],"collection":[{"href":"https:\/\/www.visionweb.com.ar\/index.php?rest_route=\/wp\/v2\/posts"}],"about":[{"href":"https:\/\/www.visionweb.com.ar\/index.php?rest_route=\/wp\/v2\/types\/post"}],"author":[{"embeddable":true,"href":"https:\/\/www.visionweb.com.ar\/index.php?rest_route=\/wp\/v2\/users\/3"}],"replies":[{"embeddable":true,"href":"https:\/\/www.visionweb.com.ar\/index.php?rest_route=%2Fwp%2Fv2%2Fcomments&post=4778"}],"version-history":[{"count":1,"href":"https:\/\/www.visionweb.com.ar\/index.php?rest_route=\/wp\/v2\/posts\/4778\/revisions"}],"predecessor-version":[{"id":4780,"href":"https:\/\/www.visionweb.com.ar\/index.php?rest_route=\/wp\/v2\/posts\/4778\/revisions\/4780"}],"wp:featuredmedia":[{"embeddable":true,"href":"https:\/\/www.visionweb.com.ar\/index.php?rest_route=\/wp\/v2\/media\/4779"}],"wp:attachment":[{"href":"https:\/\/www.visionweb.com.ar\/index.php?rest_route=%2Fwp%2Fv2%2Fmedia&parent=4778"}],"wp:term":[{"taxonomy":"category","embeddable":true,"href":"https:\/\/www.visionweb.com.ar\/index.php?rest_route=%2Fwp%2Fv2%2Fcategories&post=4778"},{"taxonomy":"post_tag","embeddable":true,"href":"https:\/\/www.visionweb.com.ar\/index.php?rest_route=%2Fwp%2Fv2%2Ftags&post=4778"}],"curies":[{"name":"wp","href":"https:\/\/api.w.org\/{rel}","templated":true}]}}