{"id":4770,"date":"2022-03-10T15:13:34","date_gmt":"2022-03-10T18:13:34","guid":{"rendered":"https:\/\/www.visionweb.com.ar\/?p=4770"},"modified":"2022-03-10T15:13:34","modified_gmt":"2022-03-10T18:13:34","slug":"la-mujer-que-dirige-un-cuartel-de-bomberos","status":"publish","type":"post","link":"https:\/\/www.visionweb.com.ar\/?p=4770","title":{"rendered":"La mujer que dirige un cuartel de bomberos"},"content":{"rendered":"<p><em><strong>Se llama Claudia Messina y es la jefa de la Estaci\u00f3n de Bomberos VIII \u201cNueva Chicago\u201d y del Destacamento \u201cV\u00e9lez Sarsfield\u201d. Tiene 102 personas a cargo que todos los d\u00edas ponen su vida en riesgo para ayudar al otro.<\/strong><\/em><!--more--><\/p>\n<div id=\"attachment_4772\" style=\"width: 310px\" class=\"wp-caption alignright\"><img loading=\"lazy\" decoding=\"async\" aria-describedby=\"caption-attachment-4772\" class=\"wp-image-4772 size-medium\" src=\"https:\/\/www.visionweb.com.ar\/wp-content\/uploads\/2022\/03\/MESSINA-LA-JEFA-DE-LOS-BOMBEROS-300x169.png\" alt=\"\" width=\"300\" height=\"169\" srcset=\"https:\/\/www.visionweb.com.ar\/wp-content\/uploads\/2022\/03\/MESSINA-LA-JEFA-DE-LOS-BOMBEROS-300x169.png 300w, https:\/\/www.visionweb.com.ar\/wp-content\/uploads\/2022\/03\/MESSINA-LA-JEFA-DE-LOS-BOMBEROS-768x432.png 768w, https:\/\/www.visionweb.com.ar\/wp-content\/uploads\/2022\/03\/MESSINA-LA-JEFA-DE-LOS-BOMBEROS.png 800w\" sizes=\"auto, (max-width: 300px) 100vw, 300px\" \/><p id=\"caption-attachment-4772\" class=\"wp-caption-text\"><em><strong>Messina es la Comandante que tiene su cargo un grupo de treabajo de 102 personas (Foto GBA)<\/strong><\/em><\/p><\/div>\n<p><strong>A<\/strong>rquitecta y abogada de profesi\u00f3n, Clauida Messina lleva 23 a\u00f1os desempern\u00e1ndose como bombero, casada y con dos hijos, hoy ocupa uno de los cargos m\u00e1s importantes a nivel de jerarqu\u00eda entre los servidores p\u00fablicos en la Ciudad de Buenos Aires: Es la jefa de la Estaci\u00f3n de Bomberos VIII \u201cNueva Chicago\u201d y del Destacamento \u201cV\u00e9lez Sarsfield\u201d.<\/p>\n<p>La servidora p\u00fablica record\u00f3 que cuando ten\u00eda 12 a\u00f1os, era una nena que ve\u00eda pasar por la puerta de su casa de Saavedra el cami\u00f3n rojo con la sirena ululando. Hoy con casi dos d\u00e9cadas y medias de historia, la ilusi\u00f3n de esa ni\u00f1a, es una realidad, que marc\u00f3 un hito en la profesi\u00f3n y por supuesto en su vida.<\/p>\n<p>\u201cNo tengo antecedentes familiares de bomberos en la familia. Vengo de una casa de clase media trabajadora, conformada por mis padres y tres hermanos. Cuando termin\u00e9 la escuela secundaria ten\u00eda como meta ser arquitecta, por eso empec\u00e9 a cursar las materias en UBA 21. Segu\u00ed la carrera durante 7 a\u00f1os y cuando termin\u00e9, me puse otro desaf\u00edo: ser bombera\u201d, cont\u00f3.<\/p>\n<p>Ese sue\u00f1o, que hoy es una realidad, comenz\u00f3 cuando ten\u00eda 12 a\u00f1os y ve\u00eda pasar desde la ventana de su casa del barrio de Saavedra los camiones rojos con las mangueras y sus sirenas.<\/p>\n<p>\u201cCuando averig\u00fc\u00e9 en la escuela de cadetes de bomberos me comentaron que estaban buscando arquitectos para hacer un curso acelerado de un a\u00f1o y egresar con el t\u00edtulo de oficial bombero. No lo dud\u00e9 ni un momento, y as\u00ed arranqu\u00e9\u201d, expres\u00f3.<\/p>\n<p>Pasaron los a\u00f1os, en el medio se recibi\u00f3 de abogada, tuvo dos hijos con su esposo, <strong>tambi\u00e9n bombero<\/strong>, y super\u00f3 todos los obst\u00e1culos que se le presentaron, a nivel familiar como es la crianza de dos hijos y, en lo profesional, con la vocaci\u00f3n de ayudar a otros, como un estilo de vida: \u201cSiempre me gust\u00f3 ayudar y colaborar con quien lo necesitaba. Ser bombera es la solidaridad puesta al servicio de un trabajo colectivo, es una vocaci\u00f3n y una pasi\u00f3n\u201d, agreg\u00f3.<\/p>\n<p><strong>Los primeros pasos<\/strong><\/p>\n<div id=\"attachment_4773\" style=\"width: 310px\" class=\"wp-caption alignright\"><img loading=\"lazy\" decoding=\"async\" aria-describedby=\"caption-attachment-4773\" class=\"wp-image-4773 size-medium\" src=\"https:\/\/www.visionweb.com.ar\/wp-content\/uploads\/2022\/03\/CLAUDIA-MESSINA-EN-PLENA-ACCION-300x169.png\" alt=\"\" width=\"300\" height=\"169\" srcset=\"https:\/\/www.visionweb.com.ar\/wp-content\/uploads\/2022\/03\/CLAUDIA-MESSINA-EN-PLENA-ACCION-300x169.png 300w, https:\/\/www.visionweb.com.ar\/wp-content\/uploads\/2022\/03\/CLAUDIA-MESSINA-EN-PLENA-ACCION-768x432.png 768w, https:\/\/www.visionweb.com.ar\/wp-content\/uploads\/2022\/03\/CLAUDIA-MESSINA-EN-PLENA-ACCION.png 800w\" sizes=\"auto, (max-width: 300px) 100vw, 300px\" \/><p id=\"caption-attachment-4773\" class=\"wp-caption-text\"><strong><em>Claudia Messina se prepara para atender una nueva emergencia (Foto GCBA)<\/em><\/strong><\/p><\/div>\n<p>Cuando ingres\u00f3, junto con una compa\u00f1era, fue una de las primeras mujeres en entrar en calidad de oficiales, hecho que trajo distintas dificultades que debi\u00f3\u00a0superar con energ\u00eda y compromiso.<\/p>\n<p>\u201cMuchos me dec\u00edan que las mujeres no llegaban lejos y tuve que hacerme un lugar. Con el correr de los a\u00f1os, las pol\u00edticas de Estado generaron la inclusi\u00f3n de la mujer y eso ayud\u00f3. Siempre tuve claro que hasta principal deb\u00eda llegar, pero nunca pens\u00e9 que pod\u00eda ser jefa. Cuando lo logr\u00e9, fue incre\u00edble. Cuando todo empez\u00f3 esa luz de esperanza estaba muy lejos, pero se pudo\u201d, enfatiz\u00f3.<\/p>\n<p>En la Estaci\u00f3n VIII, adem\u00e1s, tiene a su cargo a Miriam Cordone, la primera chofer en manejar la primera dotaci\u00f3n, un veh\u00edculo que traslada agua y tambi\u00e9n a ocho personas.<\/p>\n<p>\u201cEstoy donde siempre quise estar, tal vez me hubiera gustado lograrlo antes pero no fue f\u00e1cil y m\u00e1s para las mujeres. Es duro porque pasamos por distintas etapas biol\u00f3gicas como embarazos, lactancias, o el llegar a tu casa y afrontar los problemas cotidianos, de tener hijos adolescentes, de mantener en equilibrio el adentro y el afuera. Una es bombera todos los d\u00edas, pero tambi\u00e9n madre y esposa\u201d, explic\u00f3 Messina.<\/p>\n<p><strong>El fantasma del Covid 19 y los desaf\u00edos<\/strong><\/p>\n<p>Adem\u00e1s de los desaf\u00edos impuestos por el cargo, se sum\u00f3 otro igual de complejo en un a\u00f1o marcado por la pandemia de COVID-19: el virus y la cuarentena, ya que los bomberos fueron designados como personal esencial desde el primer momento.<\/p>\n<p>Pese alas restricciones,\u00a0 hab\u00eda que controlar los incendios de \u201cafuera\u201d, con todos los problemas que pod\u00edan suscitarse en las calles, pero tambi\u00e9n los de \u201cadentro\u201d, en casa.<\/p>\n<p>\u201cA nivel laboral la pandemia fue un desaf\u00edo, teniendo compa\u00f1eros con COVID-19 y las dificultades que eso contrajo en materia organizativa cada vez que alguien se enfermaba. En paralelo, mis hijos adolescentes en casa, afrontando sus estudios y todo lo que deriv\u00f3 del encierro a nivel an\u00edmico\u201d, puntualiz\u00f3, al tiempo que destac\u00f3: \u201csin embargo se pudo salir adelante en todos los frentes\u201d.<\/p>\n<p>Messina subray\u00f3, asimismo, que tras m\u00e1s de 20 a\u00f1os se encuentra con fuerza para seguir adelante \u201cel poder cumplir sus sue\u00f1os, de marcar la diferencia para que el Cuerpo siga avanzando y colaborar en cambiar la mentalidad y los paradigmas en torno a los roles que las mujeres ocupan y deben ocupar\u201d. \u201cY por supuesto mi familia, mis seres queridos, mis pilares principales\u201d, agreg\u00f3.<\/p>\n<p>Finalmente, inst\u00f3 a sus pares mujeres a que \u201cno bajen los brazos nunca\u201d y que \u201csiempre peleen y persigan sus sue\u00f1os\u201d. \u201cLa vida no es f\u00e1cil pero las cosas cambiaron a lo largo de los a\u00f1os. Cuando yo ingres\u00e9 me dec\u00edan que las mujeres no llegaban y la luz de esperanza estaba lejos pero hoy, el camino est\u00e1 m\u00e1s iluminado\u201d, concluy\u00f3<strong>(VW)<\/strong>.<\/p>\n<p>Con informaci\u00f3n de prensa del gobierno de la Ciudad.<\/p>\n<p>Producci\u00f3n fotogr\u00e1fica, Gobierno de la Ciudad<\/p>\n","protected":false},"excerpt":{"rendered":"<p>Se llama Claudia Messina y es la jefa de la Estaci\u00f3n de Bomberos VIII \u201cNueva Chicago\u201d y del Destacamento \u201cV\u00e9lez Sarsfield\u201d. Tiene 102 personas a cargo que todos los d\u00edas ponen su vida en&#46;&#46;&#46;<\/p>\n","protected":false},"author":3,"featured_media":4772,"comment_status":"closed","ping_status":"closed","sticky":false,"template":"","format":"standard","meta":{"_monsterinsights_skip_tracking":false,"_monsterinsights_sitenote_active":false,"_monsterinsights_sitenote_note":"","_monsterinsights_sitenote_category":0,"footnotes":""},"categories":[5],"tags":[1877,857,1878,1876],"class_list":["post-4770","post","type-post","status-publish","format-standard","has-post-thumbnail","hentry","category-sociedad","tag-arquitecta","tag-bomberos","tag-comandante","tag-messina"],"_links":{"self":[{"href":"https:\/\/www.visionweb.com.ar\/index.php?rest_route=\/wp\/v2\/posts\/4770","targetHints":{"allow":["GET"]}}],"collection":[{"href":"https:\/\/www.visionweb.com.ar\/index.php?rest_route=\/wp\/v2\/posts"}],"about":[{"href":"https:\/\/www.visionweb.com.ar\/index.php?rest_route=\/wp\/v2\/types\/post"}],"author":[{"embeddable":true,"href":"https:\/\/www.visionweb.com.ar\/index.php?rest_route=\/wp\/v2\/users\/3"}],"replies":[{"embeddable":true,"href":"https:\/\/www.visionweb.com.ar\/index.php?rest_route=%2Fwp%2Fv2%2Fcomments&post=4770"}],"version-history":[{"count":1,"href":"https:\/\/www.visionweb.com.ar\/index.php?rest_route=\/wp\/v2\/posts\/4770\/revisions"}],"predecessor-version":[{"id":4776,"href":"https:\/\/www.visionweb.com.ar\/index.php?rest_route=\/wp\/v2\/posts\/4770\/revisions\/4776"}],"wp:featuredmedia":[{"embeddable":true,"href":"https:\/\/www.visionweb.com.ar\/index.php?rest_route=\/wp\/v2\/media\/4772"}],"wp:attachment":[{"href":"https:\/\/www.visionweb.com.ar\/index.php?rest_route=%2Fwp%2Fv2%2Fmedia&parent=4770"}],"wp:term":[{"taxonomy":"category","embeddable":true,"href":"https:\/\/www.visionweb.com.ar\/index.php?rest_route=%2Fwp%2Fv2%2Fcategories&post=4770"},{"taxonomy":"post_tag","embeddable":true,"href":"https:\/\/www.visionweb.com.ar\/index.php?rest_route=%2Fwp%2Fv2%2Ftags&post=4770"}],"curies":[{"name":"wp","href":"https:\/\/api.w.org\/{rel}","templated":true}]}}