{"id":4765,"date":"2022-03-10T14:18:54","date_gmt":"2022-03-10T17:18:54","guid":{"rendered":"https:\/\/www.visionweb.com.ar\/?p=4765"},"modified":"2022-03-10T14:24:44","modified_gmt":"2022-03-10T17:24:44","slug":"fuerte-cruce-entre-kicillof-berni-y-el-intendente-de-san-nicolas","status":"publish","type":"post","link":"https:\/\/www.visionweb.com.ar\/?p=4765","title":{"rendered":"Fuerte cruce entre Kicillof, Berni y el intendente de San Nicol\u00e1s"},"content":{"rendered":"<p><strong><em>El intendente de San Nicol\u00e1s, Manuel Passaglia abog\u00f3 por que la gobernaci\u00f3n env\u00ede m\u00e1s recursos para renovar la flota de patrulleros.<\/em><\/strong><br \/>\n<!--more--><\/p>\n<div id=\"attachment_4767\" style=\"width: 310px\" class=\"wp-caption alignright\"><img loading=\"lazy\" decoding=\"async\" aria-describedby=\"caption-attachment-4767\" class=\"wp-image-4767 size-medium\" src=\"https:\/\/www.visionweb.com.ar\/wp-content\/uploads\/2022\/03\/KICILLOF-BERNI-PASSAGLIA-300x200.png\" alt=\"\" width=\"300\" height=\"200\" srcset=\"https:\/\/www.visionweb.com.ar\/wp-content\/uploads\/2022\/03\/KICILLOF-BERNI-PASSAGLIA-300x200.png 300w, https:\/\/www.visionweb.com.ar\/wp-content\/uploads\/2022\/03\/KICILLOF-BERNI-PASSAGLIA-768x512.png 768w, https:\/\/www.visionweb.com.ar\/wp-content\/uploads\/2022\/03\/KICILLOF-BERNI-PASSAGLIA.png 800w\" sizes=\"auto, (max-width: 300px) 100vw, 300px\" \/><p id=\"caption-attachment-4767\" class=\"wp-caption-text\"><strong><em>De izquierda a derecha: Carlos Bianco, Jefe de Asesores del gobierno bonaerense, el ministro de Seguridad, Sergio Berni, el gobernador Axel Kicillof y el intendente de San Nicol\u00e1s, Manuel Passaglia (fuente medios locales).<\/em><\/strong><\/p><\/div>\n<p><strong><em>El gobernador bonaerense, Axel Kicillof, y el ministro de Seguridad,<\/em><\/strong> Sergio Berni, estuvieron, el mi\u00e9rcoles,\u00a0 a San Nicol\u00e1s con el objeto de\u00a0 oficializar la entrega de 14 patrulleros para reforzar la seguridad en el distrito.<\/p>\n<p>Pero m\u00e1s all\u00e1 de os gestos pol\u00edticos, tambi\u00e9n huvo momentos de rispideces entre el intendente\u00a0 Tenso momento con el Intendente local, Manuel Passagli y los funcionarios provinciales.<\/p>\n<p>Tras el acto, Kicillof, junto a Berni y Passaglia, dialogaron con los medios de comunicaci\u00f3n locales y el primero en \u00abcopar la parada\u00bb fue el titular de la cartera de seguridad bonaerense quien afirm\u00f3 \u00abestamos reemplazando toda esta chatarra que nos dej\u00f3 el gobierno de Mar\u00eda Eugenia Vidal. El \u00faltimo patrullero que entreg\u00f3 fue en el 2017, public\u00f3 la agencia de noticias\u00a0 PBA.<\/p>\n<p>Visiblemente molesto por las declaraciones de Berni, el intendente Passaglia, uno de los \u00abemblemas\u00bb de Juntos por el Cambio sostuvo: \u00abEsperamos que (el gobierno provincial) nos sigan acompa\u00f1ando para poder renovar toda la flota que se necesita. Tenemos (San Nicol\u00e1s) unos 50 veh\u00edculos entre Polic\u00eda Local y Polic\u00eda bonaerense. Las dos fuerzas dependen del Gobernador y del ministro\u00bb<\/p>\n<p><span class=\"css-901oao css-16my406 r-poiln3 r-bcqeeo r-qvutc0\">Me preocupa tal desconocimiento y la prepotencia del ministro de Seguridad y el Gobernador <\/span><span class=\"r-18u37iz\"><a class=\"css-4rbku5 css-18t94o4 css-901oao css-16my406 r-1cvl2hr r-1loqt21 r-poiln3 r-bcqeeo r-qvutc0\" dir=\"ltr\" role=\"link\" href=\"https:\/\/twitter.com\/Kicillofok?ref_src=twsrc%5Etfw%7Ctwcamp%5Etweetembed%7Ctwterm%5E1501510706545451008%7Ctwgr%5E%7Ctwcon%5Es1_&amp;ref_url=https%3A%2F%2Fc2652360-f34d-4978-a87d-89820847bf1a.usrfiles.com%2Fhtml%2Fdb9376e69cfa487ea0fa0b912ae51a4f_v1.html\" target=\"_blank\" rel=\"noopener noreferrer\">@Kicillofok<\/a><\/span><span class=\"css-901oao css-16my406 r-poiln3 r-bcqeeo r-qvutc0\">, que en vez de trabajar en conjunto en esta problem\u00e1tica atacan a un intendente por contarles lo que est\u00e1 pasando y ellos no ven.<\/span><\/p>\n<p id=\"viewer-9lrs\" class=\"mm8Nw _1j-51 iWv3d _1FoOD _3M0Fe aujbK iWv3d public-DraftStyleDefault-block-depth0 fixed-tab-size public-DraftStyleDefault-text-ltr\"><span class=\"_2PHJq public-DraftStyleDefault-ltr\">Firme en su planteo, Berni le retruc\u00f3: \u00abPerd\u00f3n, 43 est\u00e1n fuera de servicio y son chatarra. En funcionamiento, San Nicol\u00e1s tiene apenas 12 veh\u00edculos\u00bb.<\/span><\/p>\n<p id=\"viewer-78uh8\" class=\"mm8Nw _1j-51 iWv3d _1FoOD _3M0Fe aujbK iWv3d public-DraftStyleDefault-block-depth0 fixed-tab-size public-DraftStyleDefault-text-ltr\"><span class=\"_2PHJq public-DraftStyleDefault-ltr\">\u00abEstamos confundiendo las cosas, hay 50 veh\u00edculos que est\u00e1n apilados unos arriba de otros que no tienen ninguna capacidad de funcionar y que en los \u00faltimos seis a\u00f1os dejaron de estar en servicio\u00bb, agreg\u00f3 el ministro.<\/span><\/p>\n<p id=\"viewer-icqb\" class=\"mm8Nw _1j-51 iWv3d _1FoOD _3M0Fe aujbK iWv3d public-DraftStyleDefault-block-depth0 fixed-tab-size public-DraftStyleDefault-text-ltr\"><span class=\"_2PHJq public-DraftStyleDefault-ltr\">No obstante ello, el momento que gener\u00f3 mayor tensi\u00f3n fue cuando el propio gobernador, apart\u00e1ndose por un momento de su rol institucional, se involucr\u00f3 en la discusi\u00f3n y, confundiendo la Polic\u00eda Local con las patrullas municipales, le dijo al Intendente: \u00abNosotros no te vamos a renovar los veh\u00edculos de la Polic\u00eda Local\u00bb.<\/span><\/p>\n<p id=\"viewer-ej3ku\" class=\"mm8Nw _1j-51 iWv3d _1FoOD _3M0Fe aujbK iWv3d public-DraftStyleDefault-block-depth0 fixed-tab-size public-DraftStyleDefault-text-ltr\"><span class=\"_2PHJq public-DraftStyleDefault-ltr\">R\u00e1pidamente, advirtiendo el error del mandatario bonaerense, Passaglia retruc\u00f3: <em><strong>\u00abLa Polic\u00eda Local depende de la provincia de Buenos Aires, depende del ministro y del Gobernador<\/strong><\/em>\u00ab. <\/span><\/p>\n<p id=\"viewer-db5q1\" class=\"mm8Nw _1j-51 iWv3d _1FoOD _3M0Fe aujbK iWv3d public-DraftStyleDefault-block-depth0 fixed-tab-size public-DraftStyleDefault-text-ltr\"><span class=\"_2PHJq public-DraftStyleDefault-ltr\">A lo que Berni, advirtiendo el fallido de Kicillof, interrumpi\u00f3 a los gritos a Passaglia: \u00abSi claro, por eso te mandamos la plata para que lo mantengas\u00bb.<\/span><\/p>\n<p id=\"viewer-3maej\" class=\"mm8Nw _1j-51 iWv3d _1FoOD _3M0Fe aujbK iWv3d public-DraftStyleDefault-block-depth0 fixed-tab-size public-DraftStyleDefault-text-ltr\"><span class=\"_2PHJq public-DraftStyleDefault-ltr\">Respecto de la Polic\u00eda Local, el ministro aclar\u00f3: \u00abtiene una ley, esa ley es muy clara respecto de cual es la responsabilidad de los intendentes no solo en mantener los patrulleros con la plata que giramos todos los meses, sino adem\u00e1s generar pol\u00edticas de seguridad\u00bb. <\/span><\/p>\n<p class=\"mm8Nw _1j-51 iWv3d _1FoOD _3M0Fe aujbK iWv3d public-DraftStyleDefault-block-depth0 fixed-tab-size public-DraftStyleDefault-text-ltr\"><span class=\"_2PHJq public-DraftStyleDefault-ltr\">Tambi\u00e9n, record\u00f3 que esa fuerza se cre\u00f3 en apenas tres meses y se\u00f1al\u00f3 que la cartera que lidera est\u00e1 trabajando en una nueva ley<strong>(VW)<\/strong>.<\/span><\/p>\n","protected":false},"excerpt":{"rendered":"<p>El intendente de San Nicol\u00e1s, Manuel Passaglia abog\u00f3 por que la gobernaci\u00f3n env\u00ede m\u00e1s recursos para renovar la flota de patrulleros.<\/p>\n","protected":false},"author":3,"featured_media":4767,"comment_status":"closed","ping_status":"closed","sticky":false,"template":"","format":"standard","meta":{"_monsterinsights_skip_tracking":false,"_monsterinsights_sitenote_active":false,"_monsterinsights_sitenote_note":"","_monsterinsights_sitenote_category":0,"footnotes":""},"categories":[4],"tags":[512,167,1875,1873,1874],"class_list":["post-4765","post","type-post","status-publish","format-standard","has-post-thumbnail","hentry","category-politica","tag-berni","tag-kicillof","tag-passaglia","tag-patrulleros","tag-san-nioclas"],"_links":{"self":[{"href":"https:\/\/www.visionweb.com.ar\/index.php?rest_route=\/wp\/v2\/posts\/4765","targetHints":{"allow":["GET"]}}],"collection":[{"href":"https:\/\/www.visionweb.com.ar\/index.php?rest_route=\/wp\/v2\/posts"}],"about":[{"href":"https:\/\/www.visionweb.com.ar\/index.php?rest_route=\/wp\/v2\/types\/post"}],"author":[{"embeddable":true,"href":"https:\/\/www.visionweb.com.ar\/index.php?rest_route=\/wp\/v2\/users\/3"}],"replies":[{"embeddable":true,"href":"https:\/\/www.visionweb.com.ar\/index.php?rest_route=%2Fwp%2Fv2%2Fcomments&post=4765"}],"version-history":[{"count":3,"href":"https:\/\/www.visionweb.com.ar\/index.php?rest_route=\/wp\/v2\/posts\/4765\/revisions"}],"predecessor-version":[{"id":4769,"href":"https:\/\/www.visionweb.com.ar\/index.php?rest_route=\/wp\/v2\/posts\/4765\/revisions\/4769"}],"wp:featuredmedia":[{"embeddable":true,"href":"https:\/\/www.visionweb.com.ar\/index.php?rest_route=\/wp\/v2\/media\/4767"}],"wp:attachment":[{"href":"https:\/\/www.visionweb.com.ar\/index.php?rest_route=%2Fwp%2Fv2%2Fmedia&parent=4765"}],"wp:term":[{"taxonomy":"category","embeddable":true,"href":"https:\/\/www.visionweb.com.ar\/index.php?rest_route=%2Fwp%2Fv2%2Fcategories&post=4765"},{"taxonomy":"post_tag","embeddable":true,"href":"https:\/\/www.visionweb.com.ar\/index.php?rest_route=%2Fwp%2Fv2%2Ftags&post=4765"}],"curies":[{"name":"wp","href":"https:\/\/api.w.org\/{rel}","templated":true}]}}