{"id":4756,"date":"2022-03-10T12:47:42","date_gmt":"2022-03-10T15:47:42","guid":{"rendered":"https:\/\/www.visionweb.com.ar\/?p=4756"},"modified":"2022-03-10T12:49:54","modified_gmt":"2022-03-10T15:49:54","slug":"politicos-de-la-oposicion-pidieron-sacarle-los-palos-de-la-rueda-al-sector-agroindustrial-para-que-el-pais-avance","status":"publish","type":"post","link":"https:\/\/www.visionweb.com.ar\/?p=4756","title":{"rendered":"Legisladores de la oposici\u00f3n visitaron la mega muestra de San Nicol\u00e1s"},"content":{"rendered":"<p><em><strong>Los referentes pol\u00edticos en una visita a Expoagro 2022 recorrieron la muestra y abogaron para que el pa\u00eds avance. Tambi\u00e9n se dio una vuelta Patricia Bullrich, presidenta del PRO<\/strong><\/em><!--more--><\/p>\n<p><strong><img loading=\"lazy\" decoding=\"async\" class=\"size-medium wp-image-4757 alignright\" src=\"https:\/\/www.visionweb.com.ar\/wp-content\/uploads\/2022\/03\/MANES-300x200.png\" alt=\"\" width=\"300\" height=\"200\" srcset=\"https:\/\/www.visionweb.com.ar\/wp-content\/uploads\/2022\/03\/MANES-300x200.png 300w, https:\/\/www.visionweb.com.ar\/wp-content\/uploads\/2022\/03\/MANES-768x513.png 768w, https:\/\/www.visionweb.com.ar\/wp-content\/uploads\/2022\/03\/MANES.png 800w\" sizes=\"auto, (max-width: 300px) 100vw, 300px\" \/>Y<\/strong>a es una costumbre de la dirigencia pol\u00edtica argentina aprovechar las megamuestras para dar el presente\u00a0 y expresar sus puntos de vista a la prensa. Expoagro no fue la excepci\u00f3n y este mi\u00e9rcoles, antes que las condiciones clim\u00e1ticas lo impidieran, varios referentes de la oposici\u00f3n vistaron la muestra.<\/p>\n<p>Una de las primeras figuras que se dio sita en la muestra fue el diputado nacional Facundo Manes (UCR, Juntos por el Cambio), quien no dudo en destacar el papel que la actividad agropecuaria tiene en el desarrollo del pa\u00eds.<\/p>\n<p>\u201cEl sector agropecuario es el ejemplo a seguir. Argentina es l\u00edder mundial en agroindustria, pero le ponen el freno de mano; si se lo liberara, podr\u00eda crecer mucho m\u00e1s, el campo hizo lo que venimos planteando que hay que hacer a nivel nacional que es la revoluci\u00f3n del conocimiento\u201d, sostuvo el legislador<\/p>\n<p>De acuerdo con Manes, gracias a que \u201cen las \u00faltimas d\u00e9cadas el campo invirti\u00f3 en ciencia, en tecnolog\u00eda, en gen\u00e9tica, en organizaci\u00f3n, hoy exporta much\u00edsimo m\u00e1s de lo que lo hubiese podido sin hacer esa revoluci\u00f3n\u201d.<\/p>\n<p>Para el diputado, eso es lo que deber\u00eda imitar la Argentina en otros sectores. \u201cEl campo es un ejemplo y nos marca el camino de lo que tenemos que hacer como pa\u00eds, adem\u00e1s, el trabajo de campo refleja los mejores valores de los argentinos\u201d, destac\u00f3.<\/p>\n<p>Manes aprovech\u00f3 la ocasi\u00f3n para reiterar que a Argentina \u201cle falta un plan de pa\u00eds, un plan econ\u00f3mico y un plan de desarrollo en donde el campo tiene que jugar un rol fundamental\u201d.<\/p>\n<p>Asimismo, cont\u00f3 que, junto a un equipo de especialistas, se encuentran trabajando en proyectos para reducir la carga impositiva a la producci\u00f3n agropecuaria.<\/p>\n<p><strong>Carolina Losada<\/strong><\/p>\n<p>La senadora nacional por Santa Fe de Juntos por el Cambio, Carolina Losada (periodista de profesi\u00f3n) , tambi\u00e9n visti\u00f3 la megamuestra del campo en la lluviosa ma\u00f1ana del mi\u00e9rcoles.<\/p>\n<p class=\"\"><img loading=\"lazy\" decoding=\"async\" class=\"size-medium wp-image-4758 alignleft\" src=\"https:\/\/www.visionweb.com.ar\/wp-content\/uploads\/2022\/03\/LOSADA-300x295.png\" alt=\"\" width=\"300\" height=\"295\" srcset=\"https:\/\/www.visionweb.com.ar\/wp-content\/uploads\/2022\/03\/LOSADA-300x295.png 300w, https:\/\/www.visionweb.com.ar\/wp-content\/uploads\/2022\/03\/LOSADA-80x80.png 80w, https:\/\/www.visionweb.com.ar\/wp-content\/uploads\/2022\/03\/LOSADA-65x65.png 65w, https:\/\/www.visionweb.com.ar\/wp-content\/uploads\/2022\/03\/LOSADA.png 611w\" sizes=\"auto, (max-width: 300px) 100vw, 300px\" \/>\u201cEl 70% de los d\u00f3lares que ingresan a la Argentina proviene del agro, sin embargo, este Gobierno se ha encargado de ponerlo siempre como un enemigo a vencer, un error t\u00e1ctico y estrat\u00e9gico ya que tendr\u00eda que ser su principal aliado. Se deber\u00eda impulsar al campo, sacarle los palos de la rueda\u201d, opin\u00f3 Losada.<\/p>\n<p>\u201cEl Gobierno se queda sin d\u00f3lares y al primero que aprieta es a la agroindustria que es justamente la que va a hacer que los argentinos tengan trabajo, entonces hay un c\u00edrculo vicioso en lugar de haber un c\u00edrculo virtuoso, que tiene que ver con que no hay un plan de gobierno, no hay previsibilidad, y est\u00e1n tapando agujeros constantemente en lugar de avanzar hacia metas concretas que nos hagan crecer como pa\u00eds\u201d, lament\u00f3 la senadora.<\/p>\n<p><strong>Funcionarios del gobierno porte\u00f1o<\/strong><\/p>\n<p>En la segunda jornada de Expoagro, el ministro de Gobierno porte\u00f1o, Jorge Macri, fue otro de los pol\u00edticos que se hizo presente en San Nicol\u00e1s.<\/p>\n<p>Consultado sobre la realidad del campo, Macri opin\u00f3: \u201cHoy el sector agropecuario no escapa del problema que tiene la Argentina que es estar gobernada por un espacio pol\u00edtico que no cree en el \u00e9xito del privado, agravado por el tipo de cambio y las retenciones. Nosotros creemos en un pa\u00eds en el que al privado le vaya bien y donde el estado cumpla un rol de equilibrar, compensar. Sin ese tractor de la econom\u00eda que es el sector privado en todos sus niveles, grande, mediano, peque\u00f1o, comercial, industrial, agropecuario, es muy dif\u00edcil que un pa\u00eds sea exitoso\u201d.<\/p>\n<p><strong>El PRO tambi\u00e9n estuvo en la muestra<\/strong><\/p>\n<p>La presidenta de PRO, Patricia Bullrich, analiz\u00f3 varios aspectos ligados al campo argentino: \u201cLas retenciones son el impuesto m\u00e1s improductivo que tiene el campo\u201d, afirm\u00f3, para luego plantear que las retenciones \u201cse llevan una gran cantidad de renta y eso genera menos producci\u00f3n. Sabemos que con menos retenciones tendr\u00edamos un aumento del \u00e1rea sembrada, y de la calidad de lo que se siembra, y eso redundar\u00eda en m\u00e1s recaudaci\u00f3n, que es lo inverso de lo que piensa este gobierno\u201d.<img loading=\"lazy\" decoding=\"async\" class=\"size-medium wp-image-4759 alignright\" src=\"https:\/\/www.visionweb.com.ar\/wp-content\/uploads\/2022\/03\/Patricia-Bullrich-300x202.png\" alt=\"\" width=\"300\" height=\"202\" srcset=\"https:\/\/www.visionweb.com.ar\/wp-content\/uploads\/2022\/03\/Patricia-Bullrich-300x202.png 300w, https:\/\/www.visionweb.com.ar\/wp-content\/uploads\/2022\/03\/Patricia-Bullrich-768x517.png 768w, https:\/\/www.visionweb.com.ar\/wp-content\/uploads\/2022\/03\/Patricia-Bullrich.png 800w\" sizes=\"auto, (max-width: 300px) 100vw, 300px\" \/><\/p>\n<p>En este marco, opin\u00f3 que \u201cel an\u00e1lisis debe ser al rev\u00e9s, ver cu\u00e1l es mi potencial y a partir de ah\u00ed los impuestos tienen que ser simples: impuesto a las ganancias y las tasas tienen que ir a los servicios, no puede ser que la tasa vial vaya en muchas municipalidades a rentas generales\u201d.<\/p>\n<p>Tambi\u00e9n se refiri\u00f3 al buen manejo del agua en regiones \u00e1ridas y exigi\u00f3 tener una pol\u00edtica p\u00fablica adecuada para poder avanzar en una producci\u00f3n inteligente.<\/p>\n<p><b>Acuerdo con el FMI<\/b><\/p>\n<p>Respecto a la posici\u00f3n de su partido ante el acuerdo alcanzado por el Gobierno nacional con el Fondo Monetario Internacional (FMI) coment\u00f3 que \u201cvamos a votar el financiamiento para que no haya default, pero no vamos a apoyar un plan econ\u00f3mico que sube impuestos, reval\u00faa viviendas, en un momento en que la clase media argentina est\u00e1 destruida\u201d.<\/p>\n<p>Adem\u00e1s, critic\u00f3 la posibilidad de que avance el impuesto a la herencia, el impuesto a la riqueza, \u201ctodo es impuestos, nada es reducir la cantidad de gasto pol\u00edtico improductivo que tiene la Argentina\u201d, remarc\u00f3.<\/p>\n<p>En el mismo sentido redobl\u00f3 la apuesta al asegurar que la actual administraci\u00f3n nacional present\u00f3 \u201cun plan anti producci\u00f3n, anti sector privado, y nosotros a eso no lo vamos a apoyar porque creemos que es muy malo para la econom\u00eda del pa\u00eds\u201d<strong>(VW)<\/strong><\/p>\n<p>&nbsp;<\/p>\n","protected":false},"excerpt":{"rendered":"<p>Los referentes pol\u00edticos en una visita a Expoagro 2022 recorrieron la muestra y abogaron para que el pa\u00eds avance. Tambi\u00e9n se dio una vuelta Patricia Bullrich, presidenta del PRO<\/p>\n","protected":false},"author":3,"featured_media":4757,"comment_status":"closed","ping_status":"closed","sticky":false,"template":"","format":"standard","meta":{"_monsterinsights_skip_tracking":false,"_monsterinsights_sitenote_active":false,"_monsterinsights_sitenote_note":"","_monsterinsights_sitenote_category":0,"footnotes":""},"categories":[4],"tags":[504,1872,1871,502,963],"class_list":["post-4756","post","type-post","status-publish","format-standard","has-post-thumbnail","hentry","category-politica","tag-bullrich","tag-expoagro","tag-losada","tag-macri","tag-manes"],"_links":{"self":[{"href":"https:\/\/www.visionweb.com.ar\/index.php?rest_route=\/wp\/v2\/posts\/4756","targetHints":{"allow":["GET"]}}],"collection":[{"href":"https:\/\/www.visionweb.com.ar\/index.php?rest_route=\/wp\/v2\/posts"}],"about":[{"href":"https:\/\/www.visionweb.com.ar\/index.php?rest_route=\/wp\/v2\/types\/post"}],"author":[{"embeddable":true,"href":"https:\/\/www.visionweb.com.ar\/index.php?rest_route=\/wp\/v2\/users\/3"}],"replies":[{"embeddable":true,"href":"https:\/\/www.visionweb.com.ar\/index.php?rest_route=%2Fwp%2Fv2%2Fcomments&post=4756"}],"version-history":[{"count":4,"href":"https:\/\/www.visionweb.com.ar\/index.php?rest_route=\/wp\/v2\/posts\/4756\/revisions"}],"predecessor-version":[{"id":4763,"href":"https:\/\/www.visionweb.com.ar\/index.php?rest_route=\/wp\/v2\/posts\/4756\/revisions\/4763"}],"wp:featuredmedia":[{"embeddable":true,"href":"https:\/\/www.visionweb.com.ar\/index.php?rest_route=\/wp\/v2\/media\/4757"}],"wp:attachment":[{"href":"https:\/\/www.visionweb.com.ar\/index.php?rest_route=%2Fwp%2Fv2%2Fmedia&parent=4756"}],"wp:term":[{"taxonomy":"category","embeddable":true,"href":"https:\/\/www.visionweb.com.ar\/index.php?rest_route=%2Fwp%2Fv2%2Fcategories&post=4756"},{"taxonomy":"post_tag","embeddable":true,"href":"https:\/\/www.visionweb.com.ar\/index.php?rest_route=%2Fwp%2Fv2%2Ftags&post=4756"}],"curies":[{"name":"wp","href":"https:\/\/api.w.org\/{rel}","templated":true}]}}