{"id":4750,"date":"2022-03-08T15:12:11","date_gmt":"2022-03-08T18:12:11","guid":{"rendered":"https:\/\/www.visionweb.com.ar\/?p=4750"},"modified":"2022-03-10T12:58:32","modified_gmt":"2022-03-10T15:58:32","slug":"expoagro-2022-comenzo-la-mayor-muestra-del-campo","status":"publish","type":"post","link":"https:\/\/www.visionweb.com.ar\/?p=4750","title":{"rendered":"ExpoAgro 2022: Comenz\u00f3 la mayor muestra del Campo"},"content":{"rendered":"<p><strong><em>\u00a0Entre las actividades de la agenda se destacan el Encuentro Nacional de Mujeres en el Agro y la entrega del Premio Ternium Expoagro a la Innovaci\u00f3n Agroindustrial &#8211; 7\u00b0 edici\u00f3n. Juli\u00e1n Dom\u00ednguez, Eduardo De Pedro y Axel Kicillof participaron, este martes, en San Nicol\u00e1s del acto inaugural .<\/em><\/strong><!--more--><\/p>\n<p><strong><img loading=\"lazy\" decoding=\"async\" class=\"size-full wp-image-4752 aligncenter\" src=\"https:\/\/www.visionweb.com.ar\/wp-content\/uploads\/2022\/03\/expoagro22.bmp\" alt=\"\" width=\"665\" height=\"287\" \/>E<\/strong>xpoAgro-Edici\u00f3n YPF Agro 2022 se desarrolla en el predio ferial y aut\u00f3dromo de San Nicol\u00e1s desde el 8 al 11 de marzo, a 240 km. de la ciudad de Buenos Aires. Son aproximadamente 600 empresas que est\u00e1n presentes en la feria, tanto del sector de tecnolog\u00eda, automotrices, agropartes, proveedores de fitosanitarios, ganaderos, entidades financieras, entre otras.<\/p>\n<p>En la oportunidad de la inauguraci\u00f3n, el ministro de Agricultura, Ganader\u00eda y Pesca,\u00a0Juli\u00e1n Dom\u00ednguez, destac\u00f3 que: \u00abEl campo tiene una pujanza que se evidencia en eventos como este, que tiene expectativas sin l\u00edmites para negocios en el a\u00f1o en curso\u00bb.<\/p>\n<p>Por su parte, el gobernador bonaerense Axel Kicillof particip\u00f3 del tradicional corte de cintas con Sergio Berni, Wado de Pedro y Juli\u00e1n Dom\u00ednguez, quienes hicieron<strong>\u00a0<\/strong>una larga recorrida conjunta por varios stands, donde conversaron con productores que ofrec\u00edan sus productos regionales.<\/p>\n<p>\u00abLa provincia de Buenos Aires es una potencia agropecuaria de la Argentina\u00bb, dijo Kicillof en el evento.<\/p>\n<p>Tambi\u00e9n estuvo el gobernador santafesino Omar Perotti. Y por supuesto, el intendente de San Nicol\u00e1s, Manuel Passaglia, de Juntos por el Cambio.<\/p>\n<p>Se cont\u00f3 adem\u00e1s, en representaci\u00f3n de los organizadores de la muestra, los directivos de\u00a0Clar\u00edn\u00a0y La Naci\u00f3n, Jos\u00e9 Aranda y\u00a0Fern\u00e1n Saguier.<\/p>\n<p>En ExpoAgro 2022 participan aproximadamente 600 empresas del sector de la maquinaria y la tecnolog\u00eda, agropartes y repuestos, automotrices, organismos p\u00fablicos y privados, bancos y entidades financieras, semilleros y proveedores de fitosanitarios, sector ganadero, proveedores de insumos, aseguradoras y empresas de energ\u00eda.<\/p>\n<p>A este encuentro se lo considera como punto de referencia para instituciones, organizaciones y entidades del sector, que se hacen presentes con stands y distintas acciones.<\/p>\n<p>Entre las actividades de agenda, se destacan la jornada de J\u00f3venes, Encuentro Nacional de Mujeres en el Agro, el lanzamiento de Agripay, la entrega del Premio Ternium Expoagro a la Innovaci\u00f3n Agroindustrial \u2013 7\u00b0 edici\u00f3n, y el lanzamiento del Mundial de Braford, entre otros.<\/p>\n<p><strong>Entradas:\u00a0<\/strong>La exposici\u00f3n industrial a campo abierto estar\u00e1\u00a0desde el 8 al 11 de marzo de 8:30 a 18:30 hs. en San Nicol\u00e1s, provincia de Buenos Aires.\u00a0Las entradas para visitar la feria\u00a0 se pueden obtener\u00a0por\u00a0<a href=\"https:\/\/www.ticketek.com.ar\/expo-agro\/autodromo-de-ciudad-san-nicolas\">Ticketek.<\/a><\/p>\n<p><strong>Los precios:\u00a0<\/strong>Entrada General:\u00a0$800.<\/p>\n<p>10% de descuento con VISA D\u00c9BITO O CR\u00c9DITO.<\/p>\n<p>20% de descuentos con VISA AGRO.<\/p>\n<p>Los menores de 16 a\u00f1os no abonan entrada\u00a0y deben estar acompa\u00f1ados por un mayor.<\/p>\n<p>Jubilados abonan s\u00f3lo el 50 % del valor de la entrada general.<\/p>\n<p>Personas con capacidades diferentes entran gratis con un acompa\u00f1ante.<\/p>\n<p>Escuelas y universidades ingresan gratis<\/p>\n<p>Los nicole\u00f1os ingresan gratis el d\u00eda viernes 11 de marzo.<\/p>\n<p>2 x 1 con entradas con Club La Naci\u00f3n y Tarjeta Clar\u00edn 365.<\/p>\n<p>Ingreso gratuito presentando ServiClub YPF.<\/p>\n<p><strong>Protocolos:<\/strong><\/p>\n<p>Certificado de vacunaci\u00f3n Covid 19 (por lo menos dos dosis) o Test de Ant\u00edgenos (72 horas).<\/p>\n<p>Mantenimiento del distanciamiento social en espacios abiertos y cubiertos.<\/p>\n<p>Uso de barbijo.<\/p>\n<p>En los espacios cubiertos el aforo es del 50%, con ventilaci\u00f3n cruzada en los espacios y circulaci\u00f3n de aire. <strong>(VW)<\/strong><\/p>\n<p>&nbsp;<\/p>\n<p>&nbsp;<\/p>\n","protected":false},"excerpt":{"rendered":"<p>\u00a0Entre las actividades de la agenda se destacan el Encuentro Nacional de Mujeres en el Agro y la entrega del Premio Ternium Expoagro a la Innovaci\u00f3n Agroindustrial &#8211; 7\u00b0 edici\u00f3n. Juli\u00e1n Dom\u00ednguez, Eduardo De&#46;&#46;&#46;<\/p>\n","protected":false},"author":4,"featured_media":4752,"comment_status":"closed","ping_status":"closed","sticky":false,"template":"","format":"standard","meta":{"_monsterinsights_skip_tracking":false,"_monsterinsights_sitenote_active":false,"_monsterinsights_sitenote_note":"","_monsterinsights_sitenote_category":0,"footnotes":""},"categories":[8],"tags":[1341,1869,1867,1870,1868],"class_list":["post-4750","post","type-post","status-publish","format-standard","has-post-thumbnail","hentry","category-interes-general","tag-campo","tag-emptesas","tag-expoagro-2022","tag-inauguracion","tag-san-nicolas"],"_links":{"self":[{"href":"https:\/\/www.visionweb.com.ar\/index.php?rest_route=\/wp\/v2\/posts\/4750","targetHints":{"allow":["GET"]}}],"collection":[{"href":"https:\/\/www.visionweb.com.ar\/index.php?rest_route=\/wp\/v2\/posts"}],"about":[{"href":"https:\/\/www.visionweb.com.ar\/index.php?rest_route=\/wp\/v2\/types\/post"}],"author":[{"embeddable":true,"href":"https:\/\/www.visionweb.com.ar\/index.php?rest_route=\/wp\/v2\/users\/4"}],"replies":[{"embeddable":true,"href":"https:\/\/www.visionweb.com.ar\/index.php?rest_route=%2Fwp%2Fv2%2Fcomments&post=4750"}],"version-history":[{"count":3,"href":"https:\/\/www.visionweb.com.ar\/index.php?rest_route=\/wp\/v2\/posts\/4750\/revisions"}],"predecessor-version":[{"id":4764,"href":"https:\/\/www.visionweb.com.ar\/index.php?rest_route=\/wp\/v2\/posts\/4750\/revisions\/4764"}],"wp:featuredmedia":[{"embeddable":true,"href":"https:\/\/www.visionweb.com.ar\/index.php?rest_route=\/wp\/v2\/media\/4752"}],"wp:attachment":[{"href":"https:\/\/www.visionweb.com.ar\/index.php?rest_route=%2Fwp%2Fv2%2Fmedia&parent=4750"}],"wp:term":[{"taxonomy":"category","embeddable":true,"href":"https:\/\/www.visionweb.com.ar\/index.php?rest_route=%2Fwp%2Fv2%2Fcategories&post=4750"},{"taxonomy":"post_tag","embeddable":true,"href":"https:\/\/www.visionweb.com.ar\/index.php?rest_route=%2Fwp%2Fv2%2Ftags&post=4750"}],"curies":[{"name":"wp","href":"https:\/\/api.w.org\/{rel}","templated":true}]}}